{"id":1481,"date":"2023-10-13T07:55:00","date_gmt":"2023-10-13T05:55:00","guid":{"rendered":"https:\/\/www.pradel-france.com\/blog\/?p=1481"},"modified":"2023-09-29T14:51:41","modified_gmt":"2023-09-29T12:51:41","slug":"set-de-couteau-de-cuisine-professionnel-ameliore-plats","status":"publish","type":"post","link":"https:\/\/www.pradel-france.com\/blog\/set-de-couteau-de-cuisine-professionnel-ameliore-plats\/","title":{"rendered":"Un set de couteaux de cuisine professionnel am\u00e9liore-t-il vos plats ?"},"content":{"rendered":"\n\n    <div class=\"full-width bgcolor noprint\">\n      <section class=\"block-duo alt   boxed \">\n        <div class=\"container\">\n          <div class=\"row\">\n                          <div class=\"col-12 col-lg-4 col-img px-0 pl-lg-0 pr-lg-2\">\n                <div class=\"picture-wrapper h-100 w-100\">\n                  <div class=\"pic bcover h-100 w-100\" style=\"background-image:url(https:\/\/www.pradel-france.com\/blog\/wp-content\/uploads\/2023\/09\/Un-set-couteaux-cuisine-professionnel-ameliore-t-il-vos-plats-min-709x1024.jpg);min-height:450px;\"><\/div>\n                <\/div>\n              <\/div>\n                        <div class=\"col-12 col-lg-8 col-content d-flex my-auto px-0 pr-lg-4\" style=\"order:-1;\">\n              <div class=\"d-flex flex-column inner-content\">\n                                                  <div class=\"content nerf-last-p\">\n                    <p>Avez-vous d\u00e9j\u00e0 pens\u00e9 \u00e0 quel point un simple ensemble de <u><a href=\"https:\/\/www.pradel-france.com\/147-couteaux-de-cuisine\">couteaux de cuisine<\/a> <\/u>professionnel peut \u00e9lever drastiquement la qualit\u00e9 de vos plats ? Imaginez avoir \u00e0 port\u00e9e de main la pr\u00e9cision d&rsquo;une d\u00e9coupe, la facilit\u00e9 d&rsquo;une \u00e9minc\u00e9, ou la finesse d&rsquo;un \u00e9plucheur.<\/p>\n<p>Si vous vous demandez si <strong>un set de couteaux de cuisine professionnel am\u00e9liore-t-il vos plats<\/strong>, cet article saura r\u00e9pondre \u00e0 vos interrogations. Attachez vos tabliers, aiguisez votre app\u00e9tit, et pr\u00e9parez-vous \u00e0 tout savoir sur les sets de couteaux !<\/p>\n                  <\/div>\n                                                  <div>\n                    <a class=\"btn btn-primary\" href=\"https:\/\/www.pradel-france.com\/147-couteaux-de-cuisine\" title=\"D\u00e9couvrez nos couteaux de cuisine !\" target='_blank'>D\u00e9couvrez nos couteaux de cuisine !<\/a>\n                  <\/div>\n                              <\/div>\n            <\/div>\n          <\/div>\n        <\/div>\n      <\/section>\n    <\/div>\n\n\n\n\n\n    <div class=\"full-width bgcolor noprint\">\n      <section class=\"block-duo   boxed \">\n        <div class=\"container\">\n          <div class=\"row\">\n                          <div class=\"col-12 col-lg-4 col-img px-0 pl-lg-0 pr-lg-2\">\n                <div class=\"picture-wrapper h-100 w-100\">\n                  <div class=\"pic bcover h-100 w-100\" style=\"background-image:url(https:\/\/www.pradel-france.com\/blog\/wp-content\/uploads\/2023\/09\/Un-set-couteaux-de-cuisine-professionnel-ameliore-t-il-vos-plats-min-709x1024.jpg);min-height:450px;\"><\/div>\n                <\/div>\n              <\/div>\n                        <div class=\"col-12 col-lg-8 col-content d-flex my-auto px-0 pl-lg-4\">\n              <div class=\"d-flex flex-column inner-content\">\n                          <h2 class=\"c-title-l\">La pr\u00e9cision des coupes<\/h2>\n                                      <div class=\"content nerf-last-p\">\n                    <p>La pr\u00e9cision des coupes est l&rsquo;une des pierres angulaires de la cuisine. Avec un <strong>set de couteaux de cuisine professionnel,<\/strong> vous pouvez d\u00e9j\u00e0 vous imaginer en train de pr\u00e9parer un tartare de saumon aux morceaux uniformes, ou de d\u00e9couper des l\u00e9gumes pour une ratatouille d&rsquo;une finesse exceptionnelle. Les lames aff\u00fbt\u00e9es \u00e0 la perfection des <strong>sets de couteaux de cuisine <\/strong>vous permettent de d\u00e9couper chaque aliment avec une pr\u00e9cision chirurgicale. Nous vous le garantissons, chaque morceau sera parfaitement taill\u00e9 selon vos d\u00e9sirs !<\/p>\n<p>Avoir le<strong> meilleur set de couteaux de cuisine professionnel<\/strong> vous permet d\u2019obtenir une d\u00e9coupe parfaite pour des saveurs pr\u00e9serv\u00e9es et un dressage de vos plats sublim\u00e9.<\/p>\n                  <\/div>\n                                              <\/div>\n            <\/div>\n          <\/div>\n        <\/div>\n      <\/section>\n    <\/div>\n\n\n\n\n\n    <div class=\"full-width bgcolor noprint\">\n      <section class=\"block-duo alt   boxed \">\n        <div class=\"container\">\n          <div class=\"row\">\n                          <div class=\"col-12 col-lg-4 col-img px-0 pl-lg-0 pr-lg-2\">\n                <div class=\"picture-wrapper h-100 w-100\">\n                  <div class=\"pic bcover h-100 w-100\" style=\"background-image:url(https:\/\/www.pradel-france.com\/blog\/wp-content\/uploads\/2023\/09\/Un-set-de-couteaux-de-professionnel-cuisine-ameliore-t-il-vos-plats-min-709x1024.jpg);min-height:450px;\"><\/div>\n                <\/div>\n              <\/div>\n                        <div class=\"col-12 col-lg-8 col-content d-flex my-auto px-0 pr-lg-4\" style=\"order:-1;\">\n              <div class=\"d-flex flex-column inner-content\">\n                          <h2 class=\"c-title-l\">Une vari\u00e9t\u00e9 d&rsquo;outils<\/h2>\n                                      <div class=\"content nerf-last-p\">\n                    <p>La cuisine est un art o\u00f9 la cr\u00e9ativit\u00e9 et la vari\u00e9t\u00e9 sont les ma\u00eetres-mots. Les <strong>sets de couteaux<\/strong> vous offrent une gamme d&rsquo;outils diversifi\u00e9e pour relever tous les d\u00e9fis culinaires auxquels vous pourriez faire face.<\/p>\n<p>Du couteau d&rsquo;office au couteau \u00e0 pain, en passant par le couteau Santoku, ces ensembles ont tout ce qu&rsquo;il faut pour affronter n&rsquo;importe quelle recette. Plus besoin de jongler avec des couteaux inadapt\u00e9s, votre <strong>set de couteaux professionnel<\/strong> vous donne la libert\u00e9 de cr\u00e9er sans limites.<\/p>\n<p>Vous pouvez choisir le <strong>set de couteaux<\/strong> qui vous va le mieux, parmi plusieurs compositions.<\/p>\n                  <\/div>\n                                              <\/div>\n            <\/div>\n          <\/div>\n        <\/div>\n      <\/section>\n    <\/div>\n\n\n\n\n\n    <div class=\"full-width bgcolor noprint\">\n      <section class=\"block-duo   boxed \">\n        <div class=\"container\">\n          <div class=\"row\">\n                          <div class=\"col-12 col-lg-4 col-img px-0 pl-lg-0 pr-lg-2\">\n                <div class=\"picture-wrapper h-100 w-100\">\n                  <div class=\"pic bcover h-100 w-100\" style=\"background-image:url(https:\/\/www.pradel-france.com\/blog\/wp-content\/uploads\/2023\/09\/Un-set-de-couteaux-de-cuisine-professionnel-ameliore-il-vos-plats-min-709x1024.jpg);min-height:450px;\"><\/div>\n                <\/div>\n              <\/div>\n                        <div class=\"col-12 col-lg-8 col-content d-flex my-auto px-0 pl-lg-4\">\n              <div class=\"d-flex flex-column inner-content\">\n                          <h2 class=\"c-title-l\">Une durabilit\u00e9 prouv\u00e9e<\/h2>\n                                      <div class=\"content nerf-last-p\">\n                    <p>Lorsque vous investissez dans un <strong>set de couteaux de cuisine professionnel<\/strong> de qualit\u00e9, vous faites un choix durable ! Avec les lames en acier inoxydable des couteaux et leurs manches solides, ces<strong> sets de couteaux<\/strong> sont pr\u00eats \u00e0 devenir un v\u00e9ritable h\u00e9ritage culinaire.<\/p>\n<p>En effet, ces couteaux sont con\u00e7us pour r\u00e9sister \u00e0 l&rsquo;\u00e9preuve du temps, et avec un entretien appropri\u00e9, ils peuvent vous servir pendant des ann\u00e9es, voire m\u00eame des d\u00e9cennies. En investissant dans un bon <strong>set de couteaux de cuisine<\/strong>, vous faites une croix sur un achat r\u00e9gulier de couteaux bon march\u00e9 dont la qualit\u00e9 ne r\u00e9pondait pas \u00e0 vos attentes.<\/p>\n                  <\/div>\n                                              <\/div>\n            <\/div>\n          <\/div>\n        <\/div>\n      <\/section>\n    <\/div>\n\n\n\n\n\n    <div class=\"full-width bgcolor noprint\">\n      <section class=\"block-duo alt   boxed \">\n        <div class=\"container\">\n          <div class=\"row\">\n                          <div class=\"col-12 col-lg-4 col-img px-0 pl-lg-0 pr-lg-2\">\n                <div class=\"picture-wrapper h-100 w-100\">\n                  <div class=\"pic bcover h-100 w-100\" style=\"background-image:url(https:\/\/www.pradel-france.com\/blog\/wp-content\/uploads\/2023\/09\/Un-set-de-couteaux-cuisine-professionnel-ameliore-t-il-vos-plats-min-709x1024.jpg);min-height:450px;\"><\/div>\n                <\/div>\n              <\/div>\n                        <div class=\"col-12 col-lg-8 col-content d-flex my-auto px-0 pr-lg-4\" style=\"order:-1;\">\n              <div class=\"d-flex flex-column inner-content\">\n                          <h2 class=\"c-title-l\">Une efficacit\u00e9 \u00e0 toute \u00e9preuve<\/h2>\n                                      <div class=\"content nerf-last-p\">\n                    <p>Un <strong>set de couteaux professionnel<\/strong> va vous aider \u00e0 gagner en efficacit\u00e9. Lorsque vous utilisez des couteaux de cuisine professionnels, chaque geste devient d\u2019un coup plus fluide, plus rapide, et donc plus efficace.<\/p>\n<p>Un <strong>set de couteaux de cuisine professionnel<\/strong> vous permet de d\u00e9couper, hacher, \u00e9mincer et trancher avec une aisance impressionnante. Plus besoin de passer des heures en cuisine, vous gagnez du temps lors de la pr\u00e9paration pour pouvoir savourer vos cr\u00e9ations et passer plus de moments pr\u00e9cieux avec vos proches.<\/p>\n                  <\/div>\n                                              <\/div>\n            <\/div>\n          <\/div>\n        <\/div>\n      <\/section>\n    <\/div>\n\n\n\n\n<section id=\"block_57f74c03d4950ffa869b30b670f29278\" class=\"block-text block-ba position-relative overflow-hidden mt-5 mb-0\">\n  <div class=\"container \">\n          <div class=\"row\">\n        <div class=\"col-12\">\n                  <h2 class=\"c-title-l\">La s\u00e9curit\u00e9 avant tout<\/h2>\n            <\/div>\n      <\/div>\n              <div class=\"row\">\n        <div class=\"col-12\">\n          <div class=\"content nerf-last-p\">\n            <p>Comme vous devez le savoir, la s\u00e9curit\u00e9 en cuisine est primordiale, surtout lorsque vous maniez des couteaux tranchants. Les <strong>sets de couteaux de cuisine<\/strong> sont con\u00e7us pour minimiser les risques d&rsquo;accidents. Parfois, ils sont vendus avec un bloc de couteaux, pour pouvoir les ranger en toute s\u00e9curit\u00e9.<\/p>\n<p>Dans les<strong> meilleurs sets de couteaux de cuisine professionnels<\/strong>, les lames sont bien aff\u00fbt\u00e9es et n\u00e9cessitent donc moins d&rsquo;efforts pour couper. Ceci permet de r\u00e9duire le risque de glissement et de blessure pour pouvoir travailler dans les meilleures conditions. De plus, les manches ergonomiques offrent une prise en main s\u00fbre et confortable. En investissant dans des couteaux de qualit\u00e9, vous investissez \u00e9galement dans votre s\u00e9curit\u00e9 en cuisine, pour des plats encore meilleurs.<\/p>\n          <\/div>\n        <\/div>\n      <\/div>\n          <\/div>\n<\/section>\n","protected":false},"excerpt":{"rendered":"","protected":false},"author":1,"featured_media":1483,"comment_status":"closed","ping_status":"closed","sticky":false,"template":"","format":"standard","meta":{"footnotes":""},"categories":[4,7],"tags":[],"class_list":["post-1481","post","type-post","status-publish","format-standard","has-post-thumbnail","hentry","category-conseils","category-la-decoupe","col-12","col-md-6 col-lg-4"],"acf":[],"yoast_head":"<!-- This site is optimized with the Yoast SEO plugin v26.7 - https:\/\/yoast.com\/wordpress\/plugins\/seo\/ -->\n<title>Set couteau de cuisine professionnel | Am\u00e9liorez vos plats<\/title>\n<meta name=\"description\" content=\"D\u00e9couvrez comment un set de couteaux de cuisine professionnel peut transformer votre cuisine et am\u00e9liorer vos plats. Est-ce vraiment le meilleur choix pour vous ?\" \/>\n<meta name=\"robots\" content=\"index, follow, max-snippet:-1, max-image-preview:large, max-video-preview:-1\" \/>\n<link rel=\"canonical\" href=\"https:\/\/www.pradel-france.com\/blog\/set-de-couteau-de-cuisine-professionnel-ameliore-plats\/\" \/>\n<meta property=\"og:locale\" content=\"fr_FR\" \/>\n<meta property=\"og:type\" content=\"article\" \/>\n<meta property=\"og:title\" content=\"Set couteau de cuisine professionnel | Am\u00e9liorez vos plats\" \/>\n<meta property=\"og:description\" content=\"D\u00e9couvrez comment un set de couteaux de cuisine professionnel peut transformer votre cuisine et am\u00e9liorer vos plats. Est-ce vraiment le meilleur choix pour vous ?\" \/>\n<meta property=\"og:url\" content=\"https:\/\/www.pradel-france.com\/blog\/set-de-couteau-de-cuisine-professionnel-ameliore-plats\/\" \/>\n<meta property=\"og:site_name\" content=\"Pradel France\" \/>\n<meta property=\"article:publisher\" content=\"https:\/\/www.facebook.com\/pradelfr\/\" \/>\n<meta property=\"article:published_time\" content=\"2023-10-13T05:55:00+00:00\" \/>\n<meta property=\"og:image\" content=\"https:\/\/www.pradel-france.com\/blog\/wp-content\/uploads\/2023\/09\/set-de-couteaux-de-cuisine-professionnel-ameliore-t-il-vos-plats-min.jpg\" \/>\n\t<meta property=\"og:image:width\" content=\"900\" \/>\n\t<meta property=\"og:image:height\" content=\"600\" \/>\n\t<meta property=\"og:image:type\" content=\"image\/jpeg\" \/>\n<meta name=\"author\" content=\"pranblog\" \/>\n<meta name=\"twitter:card\" content=\"summary_large_image\" \/>\n<meta name=\"twitter:label1\" content=\"\u00c9crit par\" \/>\n\t<meta name=\"twitter:data1\" content=\"pranblog\" \/>\n<script type=\"application\/ld+json\" class=\"yoast-schema-graph\">{\"@context\":\"https:\/\/schema.org\",\"@graph\":[{\"@type\":\"Article\",\"@id\":\"https:\/\/www.pradel-france.com\/blog\/set-de-couteau-de-cuisine-professionnel-ameliore-plats\/#article\",\"isPartOf\":{\"@id\":\"https:\/\/www.pradel-france.com\/blog\/set-de-couteau-de-cuisine-professionnel-ameliore-plats\/\"},\"author\":{\"name\":\"pranblog\",\"@id\":\"https:\/\/www.pradel-france.com\/blog\/#\/schema\/person\/544b7ac9710af9ff69288171ac4deeb1\"},\"headline\":\"Un set de couteaux de cuisine professionnel am\u00e9liore-t-il vos plats ?\",\"datePublished\":\"2023-10-13T05:55:00+00:00\",\"mainEntityOfPage\":{\"@id\":\"https:\/\/www.pradel-france.com\/blog\/set-de-couteau-de-cuisine-professionnel-ameliore-plats\/\"},\"wordCount\":11,\"publisher\":{\"@id\":\"https:\/\/www.pradel-france.com\/blog\/#organization\"},\"image\":{\"@id\":\"https:\/\/www.pradel-france.com\/blog\/set-de-couteau-de-cuisine-professionnel-ameliore-plats\/#primaryimage\"},\"thumbnailUrl\":\"https:\/\/www.pradel-france.com\/blog\/wp-content\/uploads\/2023\/09\/set-de-couteaux-de-cuisine-professionnel-ameliore-t-il-vos-plats-min.jpg\",\"articleSection\":[\"Conseils Pradel Fance\",\"La d\u00e9coupe\"],\"inLanguage\":\"fr-FR\"},{\"@type\":\"WebPage\",\"@id\":\"https:\/\/www.pradel-france.com\/blog\/set-de-couteau-de-cuisine-professionnel-ameliore-plats\/\",\"url\":\"https:\/\/www.pradel-france.com\/blog\/set-de-couteau-de-cuisine-professionnel-ameliore-plats\/\",\"name\":\"Set couteau de cuisine professionnel | Am\u00e9liorez vos plats\",\"isPartOf\":{\"@id\":\"https:\/\/www.pradel-france.com\/blog\/#website\"},\"primaryImageOfPage\":{\"@id\":\"https:\/\/www.pradel-france.com\/blog\/set-de-couteau-de-cuisine-professionnel-ameliore-plats\/#primaryimage\"},\"image\":{\"@id\":\"https:\/\/www.pradel-france.com\/blog\/set-de-couteau-de-cuisine-professionnel-ameliore-plats\/#primaryimage\"},\"thumbnailUrl\":\"https:\/\/www.pradel-france.com\/blog\/wp-content\/uploads\/2023\/09\/set-de-couteaux-de-cuisine-professionnel-ameliore-t-il-vos-plats-min.jpg\",\"datePublished\":\"2023-10-13T05:55:00+00:00\",\"description\":\"D\u00e9couvrez comment un set de couteaux de cuisine professionnel peut transformer votre cuisine et am\u00e9liorer vos plats. Est-ce vraiment le meilleur choix pour vous ?\",\"breadcrumb\":{\"@id\":\"https:\/\/www.pradel-france.com\/blog\/set-de-couteau-de-cuisine-professionnel-ameliore-plats\/#breadcrumb\"},\"inLanguage\":\"fr-FR\",\"potentialAction\":[{\"@type\":\"ReadAction\",\"target\":[\"https:\/\/www.pradel-france.com\/blog\/set-de-couteau-de-cuisine-professionnel-ameliore-plats\/\"]}]},{\"@type\":\"ImageObject\",\"inLanguage\":\"fr-FR\",\"@id\":\"https:\/\/www.pradel-france.com\/blog\/set-de-couteau-de-cuisine-professionnel-ameliore-plats\/#primaryimage\",\"url\":\"https:\/\/www.pradel-france.com\/blog\/wp-content\/uploads\/2023\/09\/set-de-couteaux-de-cuisine-professionnel-ameliore-t-il-vos-plats-min.jpg\",\"contentUrl\":\"https:\/\/www.pradel-france.com\/blog\/wp-content\/uploads\/2023\/09\/set-de-couteaux-de-cuisine-professionnel-ameliore-t-il-vos-plats-min.jpg\",\"width\":900,\"height\":600,\"caption\":\"set de couteau de cuisine professionnel\"},{\"@type\":\"BreadcrumbList\",\"@id\":\"https:\/\/www.pradel-france.com\/blog\/set-de-couteau-de-cuisine-professionnel-ameliore-plats\/#breadcrumb\",\"itemListElement\":[{\"@type\":\"ListItem\",\"position\":1,\"name\":\"Accueil\",\"item\":\"https:\/\/www.pradel-france.com\/blog\/\"},{\"@type\":\"ListItem\",\"position\":2,\"name\":\"Conseils Pradel Fance\",\"item\":\"https:\/\/www.pradel-france.com\/blog\/category\/conseils\/\"},{\"@type\":\"ListItem\",\"position\":3,\"name\":\"La d\u00e9coupe\",\"item\":\"https:\/\/www.pradel-france.com\/blog\/category\/conseils\/la-decoupe\/\"},{\"@type\":\"ListItem\",\"position\":4,\"name\":\"Un set de couteaux de cuisine professionnel am\u00e9liore-t-il vos plats ?\"}]},{\"@type\":\"WebSite\",\"@id\":\"https:\/\/www.pradel-france.com\/blog\/#website\",\"url\":\"https:\/\/www.pradel-france.com\/blog\/\",\"name\":\"Pradel France Blog\",\"description\":\"Les recettes et conseils Pradel France\",\"publisher\":{\"@id\":\"https:\/\/www.pradel-france.com\/blog\/#organization\"},\"alternateName\":\"Pradel blog\",\"potentialAction\":[{\"@type\":\"SearchAction\",\"target\":{\"@type\":\"EntryPoint\",\"urlTemplate\":\"https:\/\/www.pradel-france.com\/blog\/?s={search_term_string}\"},\"query-input\":{\"@type\":\"PropertyValueSpecification\",\"valueRequired\":true,\"valueName\":\"search_term_string\"}}],\"inLanguage\":\"fr-FR\"},{\"@type\":\"Organization\",\"@id\":\"https:\/\/www.pradel-france.com\/blog\/#organization\",\"name\":\"Pradel France Blog\",\"alternateName\":\"Pradel blog\",\"url\":\"https:\/\/www.pradel-france.com\/blog\/\",\"logo\":{\"@type\":\"ImageObject\",\"inLanguage\":\"fr-FR\",\"@id\":\"https:\/\/www.pradel-france.com\/blog\/#\/schema\/logo\/image\/\",\"url\":\"https:\/\/www.pradel-france.com\/blog\/wp-content\/uploads\/2023\/04\/pradel-200x200-1.jpg\",\"contentUrl\":\"https:\/\/www.pradel-france.com\/blog\/wp-content\/uploads\/2023\/04\/pradel-200x200-1.jpg\",\"width\":200,\"height\":200,\"caption\":\"Pradel France Blog\"},\"image\":{\"@id\":\"https:\/\/www.pradel-france.com\/blog\/#\/schema\/logo\/image\/\"},\"sameAs\":[\"https:\/\/www.facebook.com\/pradelfr\/\",\"https:\/\/www.instagram.com\/pradel_france\/\",\"https:\/\/www.youtube.com\/@Pradel-France-Homestyle\",\"https:\/\/www.linkedin.com\/company\/pradel-france-homestyle\/\",\"https:\/\/fr.pinterest.com\/pradelfrancehomestyle\/\"]},{\"@type\":\"Person\",\"@id\":\"https:\/\/www.pradel-france.com\/blog\/#\/schema\/person\/544b7ac9710af9ff69288171ac4deeb1\",\"name\":\"pranblog\",\"image\":{\"@type\":\"ImageObject\",\"inLanguage\":\"fr-FR\",\"@id\":\"https:\/\/www.pradel-france.com\/blog\/#\/schema\/person\/image\/\",\"url\":\"https:\/\/secure.gravatar.com\/avatar\/b9f4ad324c09b427710fb5cea05f4c625774b7a4295393a50dce733009db3350?s=96&d=mm&r=g\",\"contentUrl\":\"https:\/\/secure.gravatar.com\/avatar\/b9f4ad324c09b427710fb5cea05f4c625774b7a4295393a50dce733009db3350?s=96&d=mm&r=g\",\"caption\":\"pranblog\"},\"sameAs\":[\"http:\/\/www.pradel-france.com\/blog\"]}]}<\/script>\n<!-- \/ Yoast SEO plugin. -->","yoast_head_json":{"title":"Set couteau de cuisine professionnel | Am\u00e9liorez vos plats","description":"D\u00e9couvrez comment un set de couteaux de cuisine professionnel peut transformer votre cuisine et am\u00e9liorer vos plats. Est-ce vraiment le meilleur choix pour vous ?","robots":{"index":"index","follow":"follow","max-snippet":"max-snippet:-1","max-image-preview":"max-image-preview:large","max-video-preview":"max-video-preview:-1"},"canonical":"https:\/\/www.pradel-france.com\/blog\/set-de-couteau-de-cuisine-professionnel-ameliore-plats\/","og_locale":"fr_FR","og_type":"article","og_title":"Set couteau de cuisine professionnel | Am\u00e9liorez vos plats","og_description":"D\u00e9couvrez comment un set de couteaux de cuisine professionnel peut transformer votre cuisine et am\u00e9liorer vos plats. Est-ce vraiment le meilleur choix pour vous ?","og_url":"https:\/\/www.pradel-france.com\/blog\/set-de-couteau-de-cuisine-professionnel-ameliore-plats\/","og_site_name":"Pradel France","article_publisher":"https:\/\/www.facebook.com\/pradelfr\/","article_published_time":"2023-10-13T05:55:00+00:00","og_image":[{"width":900,"height":600,"url":"https:\/\/www.pradel-france.com\/blog\/wp-content\/uploads\/2023\/09\/set-de-couteaux-de-cuisine-professionnel-ameliore-t-il-vos-plats-min.jpg","type":"image\/jpeg"}],"author":"pranblog","twitter_card":"summary_large_image","twitter_misc":{"\u00c9crit par":"pranblog"},"schema":{"@context":"https:\/\/schema.org","@graph":[{"@type":"Article","@id":"https:\/\/www.pradel-france.com\/blog\/set-de-couteau-de-cuisine-professionnel-ameliore-plats\/#article","isPartOf":{"@id":"https:\/\/www.pradel-france.com\/blog\/set-de-couteau-de-cuisine-professionnel-ameliore-plats\/"},"author":{"name":"pranblog","@id":"https:\/\/www.pradel-france.com\/blog\/#\/schema\/person\/544b7ac9710af9ff69288171ac4deeb1"},"headline":"Un set de couteaux de cuisine professionnel am\u00e9liore-t-il vos plats ?","datePublished":"2023-10-13T05:55:00+00:00","mainEntityOfPage":{"@id":"https:\/\/www.pradel-france.com\/blog\/set-de-couteau-de-cuisine-professionnel-ameliore-plats\/"},"wordCount":11,"publisher":{"@id":"https:\/\/www.pradel-france.com\/blog\/#organization"},"image":{"@id":"https:\/\/www.pradel-france.com\/blog\/set-de-couteau-de-cuisine-professionnel-ameliore-plats\/#primaryimage"},"thumbnailUrl":"https:\/\/www.pradel-france.com\/blog\/wp-content\/uploads\/2023\/09\/set-de-couteaux-de-cuisine-professionnel-ameliore-t-il-vos-plats-min.jpg","articleSection":["Conseils Pradel Fance","La d\u00e9coupe"],"inLanguage":"fr-FR"},{"@type":"WebPage","@id":"https:\/\/www.pradel-france.com\/blog\/set-de-couteau-de-cuisine-professionnel-ameliore-plats\/","url":"https:\/\/www.pradel-france.com\/blog\/set-de-couteau-de-cuisine-professionnel-ameliore-plats\/","name":"Set couteau de cuisine professionnel | Am\u00e9liorez vos plats","isPartOf":{"@id":"https:\/\/www.pradel-france.com\/blog\/#website"},"primaryImageOfPage":{"@id":"https:\/\/www.pradel-france.com\/blog\/set-de-couteau-de-cuisine-professionnel-ameliore-plats\/#primaryimage"},"image":{"@id":"https:\/\/www.pradel-france.com\/blog\/set-de-couteau-de-cuisine-professionnel-ameliore-plats\/#primaryimage"},"thumbnailUrl":"https:\/\/www.pradel-france.com\/blog\/wp-content\/uploads\/2023\/09\/set-de-couteaux-de-cuisine-professionnel-ameliore-t-il-vos-plats-min.jpg","datePublished":"2023-10-13T05:55:00+00:00","description":"D\u00e9couvrez comment un set de couteaux de cuisine professionnel peut transformer votre cuisine et am\u00e9liorer vos plats. Est-ce vraiment le meilleur choix pour vous ?","breadcrumb":{"@id":"https:\/\/www.pradel-france.com\/blog\/set-de-couteau-de-cuisine-professionnel-ameliore-plats\/#breadcrumb"},"inLanguage":"fr-FR","potentialAction":[{"@type":"ReadAction","target":["https:\/\/www.pradel-france.com\/blog\/set-de-couteau-de-cuisine-professionnel-ameliore-plats\/"]}]},{"@type":"ImageObject","inLanguage":"fr-FR","@id":"https:\/\/www.pradel-france.com\/blog\/set-de-couteau-de-cuisine-professionnel-ameliore-plats\/#primaryimage","url":"https:\/\/www.pradel-france.com\/blog\/wp-content\/uploads\/2023\/09\/set-de-couteaux-de-cuisine-professionnel-ameliore-t-il-vos-plats-min.jpg","contentUrl":"https:\/\/www.pradel-france.com\/blog\/wp-content\/uploads\/2023\/09\/set-de-couteaux-de-cuisine-professionnel-ameliore-t-il-vos-plats-min.jpg","width":900,"height":600,"caption":"set de couteau de cuisine professionnel"},{"@type":"BreadcrumbList","@id":"https:\/\/www.pradel-france.com\/blog\/set-de-couteau-de-cuisine-professionnel-ameliore-plats\/#breadcrumb","itemListElement":[{"@type":"ListItem","position":1,"name":"Accueil","item":"https:\/\/www.pradel-france.com\/blog\/"},{"@type":"ListItem","position":2,"name":"Conseils Pradel Fance","item":"https:\/\/www.pradel-france.com\/blog\/category\/conseils\/"},{"@type":"ListItem","position":3,"name":"La d\u00e9coupe","item":"https:\/\/www.pradel-france.com\/blog\/category\/conseils\/la-decoupe\/"},{"@type":"ListItem","position":4,"name":"Un set de couteaux de cuisine professionnel am\u00e9liore-t-il vos plats ?"}]},{"@type":"WebSite","@id":"https:\/\/www.pradel-france.com\/blog\/#website","url":"https:\/\/www.pradel-france.com\/blog\/","name":"Pradel France Blog","description":"Les recettes et conseils Pradel France","publisher":{"@id":"https:\/\/www.pradel-france.com\/blog\/#organization"},"alternateName":"Pradel blog","potentialAction":[{"@type":"SearchAction","target":{"@type":"EntryPoint","urlTemplate":"https:\/\/www.pradel-france.com\/blog\/?s={search_term_string}"},"query-input":{"@type":"PropertyValueSpecification","valueRequired":true,"valueName":"search_term_string"}}],"inLanguage":"fr-FR"},{"@type":"Organization","@id":"https:\/\/www.pradel-france.com\/blog\/#organization","name":"Pradel France Blog","alternateName":"Pradel blog","url":"https:\/\/www.pradel-france.com\/blog\/","logo":{"@type":"ImageObject","inLanguage":"fr-FR","@id":"https:\/\/www.pradel-france.com\/blog\/#\/schema\/logo\/image\/","url":"https:\/\/www.pradel-france.com\/blog\/wp-content\/uploads\/2023\/04\/pradel-200x200-1.jpg","contentUrl":"https:\/\/www.pradel-france.com\/blog\/wp-content\/uploads\/2023\/04\/pradel-200x200-1.jpg","width":200,"height":200,"caption":"Pradel France Blog"},"image":{"@id":"https:\/\/www.pradel-france.com\/blog\/#\/schema\/logo\/image\/"},"sameAs":["https:\/\/www.facebook.com\/pradelfr\/","https:\/\/www.instagram.com\/pradel_france\/","https:\/\/www.youtube.com\/@Pradel-France-Homestyle","https:\/\/www.linkedin.com\/company\/pradel-france-homestyle\/","https:\/\/fr.pinterest.com\/pradelfrancehomestyle\/"]},{"@type":"Person","@id":"https:\/\/www.pradel-france.com\/blog\/#\/schema\/person\/544b7ac9710af9ff69288171ac4deeb1","name":"pranblog","image":{"@type":"ImageObject","inLanguage":"fr-FR","@id":"https:\/\/www.pradel-france.com\/blog\/#\/schema\/person\/image\/","url":"https:\/\/secure.gravatar.com\/avatar\/b9f4ad324c09b427710fb5cea05f4c625774b7a4295393a50dce733009db3350?s=96&d=mm&r=g","contentUrl":"https:\/\/secure.gravatar.com\/avatar\/b9f4ad324c09b427710fb5cea05f4c625774b7a4295393a50dce733009db3350?s=96&d=mm&r=g","caption":"pranblog"},"sameAs":["http:\/\/www.pradel-france.com\/blog"]}]}},"thumb":"https:\/\/www.pradel-france.com\/blog\/wp-content\/uploads\/2023\/09\/set-de-couteaux-de-cuisine-professionnel-ameliore-t-il-vos-plats-min-350x250.jpg","category":"Conseils Pradel Fance","description":"Avez-vous d\u00e9j\u00e0 pens\u00e9 \u00e0 quel point un simple ensemble de couteaux de cuisine professionnel peut \u00e9lever drastiquement la qualit\u00e9 de\u2026","_links":{"self":[{"href":"https:\/\/www.pradel-france.com\/blog\/wp-json\/wp\/v2\/posts\/1481","targetHints":{"allow":["GET"]}}],"collection":[{"href":"https:\/\/www.pradel-france.com\/blog\/wp-json\/wp\/v2\/posts"}],"about":[{"href":"https:\/\/www.pradel-france.com\/blog\/wp-json\/wp\/v2\/types\/post"}],"author":[{"embeddable":true,"href":"https:\/\/www.pradel-france.com\/blog\/wp-json\/wp\/v2\/users\/1"}],"replies":[{"embeddable":true,"href":"https:\/\/www.pradel-france.com\/blog\/wp-json\/wp\/v2\/comments?post=1481"}],"version-history":[{"count":3,"href":"https:\/\/www.pradel-france.com\/blog\/wp-json\/wp\/v2\/posts\/1481\/revisions"}],"predecessor-version":[{"id":1491,"href":"https:\/\/www.pradel-france.com\/blog\/wp-json\/wp\/v2\/posts\/1481\/revisions\/1491"}],"wp:featuredmedia":[{"embeddable":true,"href":"https:\/\/www.pradel-france.com\/blog\/wp-json\/wp\/v2\/media\/1483"}],"wp:attachment":[{"href":"https:\/\/www.pradel-france.com\/blog\/wp-json\/wp\/v2\/media?parent=1481"}],"wp:term":[{"taxonomy":"category","embeddable":true,"href":"https:\/\/www.pradel-france.com\/blog\/wp-json\/wp\/v2\/categories?post=1481"},{"taxonomy":"post_tag","embeddable":true,"href":"https:\/\/www.pradel-france.com\/blog\/wp-json\/wp\/v2\/tags?post=1481"}],"curies":[{"name":"wp","href":"https:\/\/api.w.org\/{rel}","templated":true}]}}