{"id":1621,"date":"2023-11-06T16:09:32","date_gmt":"2023-11-06T15:09:32","guid":{"rendered":"https:\/\/www.pradel-france.com\/blog\/?p=1621"},"modified":"2023-11-06T16:09:33","modified_gmt":"2023-11-06T15:09:33","slug":"comment-creer-le-kit-de-cuisine-nomade-parfait","status":"publish","type":"post","link":"https:\/\/www.pradel-france.com\/blog\/comment-creer-le-kit-de-cuisine-nomade-parfait\/","title":{"rendered":"Comment cr\u00e9er le kit de cuisine nomade parfait ?"},"content":{"rendered":"\n\n    <div class=\"full-width bgcolor noprint\">\n      <section class=\"block-duo alt   boxed \">\n        <div class=\"container\">\n          <div class=\"row\">\n                          <div class=\"col-12 col-lg-4 col-img px-0 pl-lg-0 pr-lg-2\">\n                <div class=\"picture-wrapper h-100 w-100\">\n                  <div class=\"pic bcover h-100 w-100\" style=\"background-image:url(https:\/\/www.pradel-france.com\/blog\/wp-content\/uploads\/2023\/11\/Cuisine-en-plein-air-709x1024.jpg);min-height:450px;\"><\/div>\n                <\/div>\n              <\/div>\n                        <div class=\"col-12 col-lg-8 col-content d-flex my-auto px-0 pr-lg-4\" style=\"order:-1;\">\n              <div class=\"d-flex flex-column inner-content\">\n                                                  <div class=\"content nerf-last-p\">\n                    <p>Peu importe o\u00f9 vous vous d\u00e9placez, combien de temps et pourquoi, il faudra toujours manger ! Pour satisfaire ce besoin vital, vous pouvez vous concocter votre propre <strong>kit de cuisine nomade<\/strong>.<\/p>\n<p>Le <u>kit de <a href=\"https:\/\/www.pradel-france.com\/199-nomade\">cuisine nomade<\/a><\/u> est indispensable lors des d\u00e9placements. Cependant, il n\u2019existe pas qu\u2019un seul type de kit, chacun peut l\u2019assembler \u00e0 sa mani\u00e8re. \u00c0 travers cet article, vous saurez quel type de kit de cuisine vous convient le mieux, en vous posant les bonnes questions.<\/p>\n                  <\/div>\n                                                  <div>\n                    <a class=\"btn btn-primary\" href=\"https:\/\/www.pradel-france.com\/199-nomade\" title=\"D\u00e9couvrez nos ustensiles de cuisine nomade !\" target='_blank'>D\u00e9couvrez nos ustensiles de cuisine nomade !<\/a>\n                  <\/div>\n                              <\/div>\n            <\/div>\n          <\/div>\n        <\/div>\n      <\/section>\n    <\/div>\n\n\n\n\n\n    <div class=\"full-width bgcolor noprint\">\n      <section class=\"block-duo   boxed \">\n        <div class=\"container\">\n          <div class=\"row\">\n                          <div class=\"col-12 col-lg-4 col-img px-0 pl-lg-0 pr-lg-2\">\n                <div class=\"picture-wrapper h-100 w-100\">\n                  <div class=\"pic bcover h-100 w-100\" style=\"background-image:url(https:\/\/www.pradel-france.com\/blog\/wp-content\/uploads\/2023\/11\/Cuisine-nomade-709x1024.jpg);min-height:450px;\"><\/div>\n                <\/div>\n              <\/div>\n                        <div class=\"col-12 col-lg-8 col-content d-flex my-auto px-0 pl-lg-4\">\n              <div class=\"d-flex flex-column inner-content\">\n                          <h2 class=\"c-title-l\">Choisir son kit de cuisine nomade selon la dur\u00e9e du d\u00e9placement<\/h2>\n                                      <div class=\"content nerf-last-p\">\n                    <p>La premi\u00e8re \u00e9tape, avant m\u00eame de chercher les diff\u00e9rents composants du kit, consiste \u00e0 d\u00e9terminer la dur\u00e9e de vos d\u00e9placements. Si vous voyagez fr\u00e9quemment pour de courtes p\u00e9riodes, votre <strong>kit de cuisine portable<\/strong> devra \u00eatre \u00e0 la fois compact, l\u00e9ger et facile \u00e0 transporter. Il faudra faire en amont la<strong> liste d&rsquo;essentiels de cuisine pour les nomades.<\/strong><\/p>\n<p>En revanche, si vous vous appr\u00eatez \u00e0 partir pour de longues p\u00e9riodes, vous aurez peut-\u00eatre plus de flexibilit\u00e9 pour inclure des \u00e9quipements de cuisine plus complets. Cela vous donnera plus de choix quant aux <strong>pr\u00e9parations alimentaires en voyage<\/strong>.<\/p>\n                  <\/div>\n                                              <\/div>\n            <\/div>\n          <\/div>\n        <\/div>\n      <\/section>\n    <\/div>\n\n\n\n\n\n    <div class=\"full-width bgcolor noprint\">\n      <section class=\"block-duo alt   boxed \">\n        <div class=\"container\">\n          <div class=\"row\">\n                          <div class=\"col-12 col-lg-4 col-img px-0 pl-lg-0 pr-lg-2\">\n                <div class=\"picture-wrapper h-100 w-100\">\n                  <div class=\"pic bcover h-100 w-100\" style=\"background-image:url(https:\/\/www.pradel-france.com\/blog\/wp-content\/uploads\/2023\/11\/Equipement-de-cuisine-en-deplacement-709x1024.jpg);min-height:450px;\"><\/div>\n                <\/div>\n              <\/div>\n                        <div class=\"col-12 col-lg-8 col-content d-flex my-auto px-0 pr-lg-4\" style=\"order:-1;\">\n              <div class=\"d-flex flex-column inner-content\">\n                          <h2 class=\"c-title-l\">Choisir son kit de cuisine portable en fonction des aliments<\/h2>\n                                      <div class=\"content nerf-last-p\">\n                    <p>La nature des aliments que vous pr\u00e9voyez de stocker dans votre <strong>kit de cuisine portable<\/strong> joue un r\u00f4le crucial dans le choix de vos contenants.<\/p>\n<p>Si vous emportez principalement des aliments secs comme des c\u00e9r\u00e9ales, des p\u00e2tes ou toutes sortes de l\u00e9gumineuses, des bo\u00eetes herm\u00e9tiques en plastique ou en acier inoxydable peuvent constituer les meilleurs <strong>\u00e9quipements de cuisine en d\u00e9placement<\/strong>. En revanche, si vous avez l&rsquo;intention de transporter des produits p\u00e9rissables comme des fruits, des l\u00e9gumes ou m\u00eame des produits laitiers, vous devrez envisager d\u2019utiliser des sacs isothermes ou des glaci\u00e8res portatives.<\/p>\n                  <\/div>\n                                              <\/div>\n            <\/div>\n          <\/div>\n        <\/div>\n      <\/section>\n    <\/div>\n\n\n\n\n<section id=\"block_cbb6a3492639ea4f3f146991c4a0b5ca\" class=\"block-text block-ba position-relative overflow-hidden mt-5 mb-0\">\n  <div class=\"container \">\n          <div class=\"row\">\n        <div class=\"col-12\">\n                  <h2 class=\"c-title-l\">De quel type de source de chaleur avez-vous acc\u00e8s en d\u00e9placement ?<\/h2>\n            <\/div>\n      <\/div>\n              <div class=\"row\">\n        <div class=\"col-12\">\n          <div class=\"content nerf-last-p\">\n            <p>En cuisine nomade, la disponibilit\u00e9 d&rsquo;une source de chaleur peut influencer votre choix d&rsquo;<strong>\u00e9quipement de cuisine en d\u00e9placement<\/strong>. Le luxe en termes de <strong>nourriture de camping<\/strong> est d\u2019avoir acc\u00e8s \u00e0 un r\u00e9chaud portable, un petit r\u00e9chaud \u00e0 gaz ou encore un r\u00e9chaud \u00e9lectrique. Ce type d\u2019\u00e9quipement permet d&rsquo;\u00e9largir consid\u00e9rablement vos options de <strong>recettes pour voyager<\/strong>. Dans ce cas, vous pourriez envisager d&rsquo;inclure une petite po\u00eale ou une casserole \u00e0 votre <strong>kit de cuisine portable<\/strong>.<\/p>\n<p>Le fait d\u2019avoir une source de chaleur va vous offrir un acc\u00e8s privil\u00e9gi\u00e9 \u00e0 des repas plus \u00e9labor\u00e9s et chauds.<\/p>\n          <\/div>\n        <\/div>\n      <\/div>\n          <\/div>\n<\/section>\n\n\n\n\n    <div class=\"full-width bgcolor noprint\">\n      <section class=\"block-duo   boxed \">\n        <div class=\"container\">\n          <div class=\"row\">\n                          <div class=\"col-12 col-lg-4 col-img px-0 pl-lg-0 pr-lg-2\">\n                <div class=\"picture-wrapper h-100 w-100\">\n                  <div class=\"pic bcover h-100 w-100\" style=\"background-image:url(https:\/\/www.pradel-france.com\/blog\/wp-content\/uploads\/2023\/11\/Preparation-alimentaire-en-voyage-709x1024.jpg);min-height:450px;\"><\/div>\n                <\/div>\n              <\/div>\n                        <div class=\"col-12 col-lg-8 col-content d-flex my-auto px-0 pl-lg-4\">\n              <div class=\"d-flex flex-column inner-content\">\n                          <h2 class=\"c-title-l\">Allez-vous avoir besoin de maintenir une temp\u00e9rature sp\u00e9cifique pour certains aliments ?<\/h2>\n                                      <div class=\"content nerf-last-p\">\n                    <p>Une autre question importante qu\u2019il faut se poser lors de la conception de votre <strong>kit de cuisine portable<\/strong> est de savoir si vous avez l\u2019intention de cuisiner des aliments qui n\u00e9cessitent une temp\u00e9rature sp\u00e9cifique. On peut penser aux plats mijot\u00e9s, aux rago\u00fbts ou tout simplement aux pr\u00e9parations qui n\u00e9cessitent une cuisson lente. Dans ce cas, vous devrez envisager des <strong>\u00e9quipements de cuisine en d\u00e9placement<\/strong> qui peuvent maintenir une temp\u00e9rature constante. Par exemple, les cuiseurs \u00e0 faible consommation d&rsquo;\u00e9nergie ou les poches de cuisson sous vide sont d&rsquo;excellents choix pour les <strong>pr\u00e9parations alimentaires en voyage<\/strong>.<\/p>\n                  <\/div>\n                                              <\/div>\n            <\/div>\n          <\/div>\n        <\/div>\n      <\/section>\n    <\/div>\n\n\n\n\n\n    <div class=\"full-width bgcolor noprint\">\n      <section class=\"block-duo alt   boxed \">\n        <div class=\"container\">\n          <div class=\"row\">\n                          <div class=\"col-12 col-lg-4 col-img px-0 pl-lg-0 pr-lg-2\">\n                <div class=\"picture-wrapper h-100 w-100\">\n                  <div class=\"pic bcover h-100 w-100\" style=\"background-image:url(https:\/\/www.pradel-france.com\/blog\/wp-content\/uploads\/2023\/11\/Ustensiles-de-cuisine-voyage-709x1024.jpg);min-height:450px;\"><\/div>\n                <\/div>\n              <\/div>\n                        <div class=\"col-12 col-lg-8 col-content d-flex my-auto px-0 pr-lg-4\" style=\"order:-1;\">\n              <div class=\"d-flex flex-column inner-content\">\n                          <h2 class=\"c-title-l\">Avez-vous besoin d&rsquo;accessoires suppl\u00e9mentaires ? (ustensiles, couverts\u2026)<\/h2>\n                                      <div class=\"content nerf-last-p\">\n                    <p>Un <strong>kit de cuisine portable<\/strong> complet comprend non seulement des contenants pour stocker et cuire vos aliments, mais aussi des <strong>accessoires de cuisine l\u00e9gers<\/strong>.<\/p>\n<p>N\u2019oubliez pas d&rsquo;inclure des ustensiles de cuisine essentiels comme des couteaux polyvalents, des spatules, des pinces et des cuill\u00e8res en bois ou en silicone. Pensez aussi \u00e0 des couverts portables, des assiettes, des bols et des verres. Il vaut mieux choisir ces ustensiles en plastique, lavable, pour \u00e9viter d\u2019avoir de la casse dans le sac \u00e0 dos !<\/p>\n                  <\/div>\n                                              <\/div>\n            <\/div>\n          <\/div>\n        <\/div>\n      <\/section>\n    <\/div>\n\n","protected":false},"excerpt":{"rendered":"","protected":false},"author":1,"featured_media":1625,"comment_status":"closed","ping_status":"closed","sticky":false,"template":"","format":"standard","meta":{"footnotes":""},"categories":[4,8],"tags":[],"class_list":["post-1621","post","type-post","status-publish","format-standard","has-post-thumbnail","hentry","category-conseils","category-les-astuces","col-12","col-md-6 col-lg-4"],"acf":[],"yoast_head":"<!-- This site is optimized with the Yoast SEO plugin v26.7 - https:\/\/yoast.com\/wordpress\/plugins\/seo\/ -->\n<title>Comment cr\u00e9er le kit de cuisine nomade id\u00e9al avec Pradel ?<\/title>\n<meta name=\"description\" content=\"D\u00e9couvrez les secrets pour concevoir le kit de cuisine nomade id\u00e9al avec notre guide. Des astuces et des conseils pour des repas en d\u00e9placement r\u00e9ussis et savoureux.\" \/>\n<meta name=\"robots\" content=\"index, follow, max-snippet:-1, max-image-preview:large, max-video-preview:-1\" \/>\n<link rel=\"canonical\" href=\"https:\/\/www.pradel-france.com\/blog\/comment-creer-le-kit-de-cuisine-nomade-parfait\/\" \/>\n<meta property=\"og:locale\" content=\"fr_FR\" \/>\n<meta property=\"og:type\" content=\"article\" \/>\n<meta property=\"og:title\" content=\"Comment cr\u00e9er le kit de cuisine nomade id\u00e9al avec Pradel ?\" \/>\n<meta property=\"og:description\" content=\"D\u00e9couvrez les secrets pour concevoir le kit de cuisine nomade id\u00e9al avec notre guide. Des astuces et des conseils pour des repas en d\u00e9placement r\u00e9ussis et savoureux.\" \/>\n<meta property=\"og:url\" content=\"https:\/\/www.pradel-france.com\/blog\/comment-creer-le-kit-de-cuisine-nomade-parfait\/\" \/>\n<meta property=\"og:site_name\" content=\"Pradel France\" \/>\n<meta property=\"article:publisher\" content=\"https:\/\/www.facebook.com\/pradelfr\/\" \/>\n<meta property=\"article:published_time\" content=\"2023-11-06T15:09:32+00:00\" \/>\n<meta property=\"article:modified_time\" content=\"2023-11-06T15:09:33+00:00\" \/>\n<meta property=\"og:image\" content=\"https:\/\/www.pradel-france.com\/blog\/wp-content\/uploads\/2023\/11\/Kit-de-cuisine-portable.jpg\" \/>\n\t<meta property=\"og:image:width\" content=\"900\" \/>\n\t<meta property=\"og:image:height\" content=\"600\" \/>\n\t<meta property=\"og:image:type\" content=\"image\/jpeg\" \/>\n<meta name=\"author\" content=\"pranblog\" \/>\n<meta name=\"twitter:card\" content=\"summary_large_image\" \/>\n<meta name=\"twitter:label1\" content=\"\u00c9crit par\" \/>\n\t<meta name=\"twitter:data1\" content=\"pranblog\" \/>\n<script type=\"application\/ld+json\" class=\"yoast-schema-graph\">{\"@context\":\"https:\/\/schema.org\",\"@graph\":[{\"@type\":\"Article\",\"@id\":\"https:\/\/www.pradel-france.com\/blog\/comment-creer-le-kit-de-cuisine-nomade-parfait\/#article\",\"isPartOf\":{\"@id\":\"https:\/\/www.pradel-france.com\/blog\/comment-creer-le-kit-de-cuisine-nomade-parfait\/\"},\"author\":{\"name\":\"pranblog\",\"@id\":\"https:\/\/www.pradel-france.com\/blog\/#\/schema\/person\/544b7ac9710af9ff69288171ac4deeb1\"},\"headline\":\"Comment cr\u00e9er le kit de cuisine nomade parfait ?\",\"datePublished\":\"2023-11-06T15:09:32+00:00\",\"dateModified\":\"2023-11-06T15:09:33+00:00\",\"mainEntityOfPage\":{\"@id\":\"https:\/\/www.pradel-france.com\/blog\/comment-creer-le-kit-de-cuisine-nomade-parfait\/\"},\"wordCount\":9,\"publisher\":{\"@id\":\"https:\/\/www.pradel-france.com\/blog\/#organization\"},\"image\":{\"@id\":\"https:\/\/www.pradel-france.com\/blog\/comment-creer-le-kit-de-cuisine-nomade-parfait\/#primaryimage\"},\"thumbnailUrl\":\"https:\/\/www.pradel-france.com\/blog\/wp-content\/uploads\/2023\/11\/Kit-de-cuisine-portable.jpg\",\"articleSection\":[\"Conseils Pradel Fance\",\"Les astuces\"],\"inLanguage\":\"fr-FR\"},{\"@type\":\"WebPage\",\"@id\":\"https:\/\/www.pradel-france.com\/blog\/comment-creer-le-kit-de-cuisine-nomade-parfait\/\",\"url\":\"https:\/\/www.pradel-france.com\/blog\/comment-creer-le-kit-de-cuisine-nomade-parfait\/\",\"name\":\"Comment cr\u00e9er le kit de cuisine nomade id\u00e9al avec Pradel ?\",\"isPartOf\":{\"@id\":\"https:\/\/www.pradel-france.com\/blog\/#website\"},\"primaryImageOfPage\":{\"@id\":\"https:\/\/www.pradel-france.com\/blog\/comment-creer-le-kit-de-cuisine-nomade-parfait\/#primaryimage\"},\"image\":{\"@id\":\"https:\/\/www.pradel-france.com\/blog\/comment-creer-le-kit-de-cuisine-nomade-parfait\/#primaryimage\"},\"thumbnailUrl\":\"https:\/\/www.pradel-france.com\/blog\/wp-content\/uploads\/2023\/11\/Kit-de-cuisine-portable.jpg\",\"datePublished\":\"2023-11-06T15:09:32+00:00\",\"dateModified\":\"2023-11-06T15:09:33+00:00\",\"description\":\"D\u00e9couvrez les secrets pour concevoir le kit de cuisine nomade id\u00e9al avec notre guide. Des astuces et des conseils pour des repas en d\u00e9placement r\u00e9ussis et savoureux.\",\"breadcrumb\":{\"@id\":\"https:\/\/www.pradel-france.com\/blog\/comment-creer-le-kit-de-cuisine-nomade-parfait\/#breadcrumb\"},\"inLanguage\":\"fr-FR\",\"potentialAction\":[{\"@type\":\"ReadAction\",\"target\":[\"https:\/\/www.pradel-france.com\/blog\/comment-creer-le-kit-de-cuisine-nomade-parfait\/\"]}]},{\"@type\":\"ImageObject\",\"inLanguage\":\"fr-FR\",\"@id\":\"https:\/\/www.pradel-france.com\/blog\/comment-creer-le-kit-de-cuisine-nomade-parfait\/#primaryimage\",\"url\":\"https:\/\/www.pradel-france.com\/blog\/wp-content\/uploads\/2023\/11\/Kit-de-cuisine-portable.jpg\",\"contentUrl\":\"https:\/\/www.pradel-france.com\/blog\/wp-content\/uploads\/2023\/11\/Kit-de-cuisine-portable.jpg\",\"width\":900,\"height\":600,\"caption\":\"Kit de cuisine portable\"},{\"@type\":\"BreadcrumbList\",\"@id\":\"https:\/\/www.pradel-france.com\/blog\/comment-creer-le-kit-de-cuisine-nomade-parfait\/#breadcrumb\",\"itemListElement\":[{\"@type\":\"ListItem\",\"position\":1,\"name\":\"Accueil\",\"item\":\"https:\/\/www.pradel-france.com\/blog\/\"},{\"@type\":\"ListItem\",\"position\":2,\"name\":\"Conseils Pradel Fance\",\"item\":\"https:\/\/www.pradel-france.com\/blog\/category\/conseils\/\"},{\"@type\":\"ListItem\",\"position\":3,\"name\":\"Comment cr\u00e9er le kit de cuisine nomade parfait ?\"}]},{\"@type\":\"WebSite\",\"@id\":\"https:\/\/www.pradel-france.com\/blog\/#website\",\"url\":\"https:\/\/www.pradel-france.com\/blog\/\",\"name\":\"Pradel France Blog\",\"description\":\"Les recettes et conseils Pradel France\",\"publisher\":{\"@id\":\"https:\/\/www.pradel-france.com\/blog\/#organization\"},\"alternateName\":\"Pradel blog\",\"potentialAction\":[{\"@type\":\"SearchAction\",\"target\":{\"@type\":\"EntryPoint\",\"urlTemplate\":\"https:\/\/www.pradel-france.com\/blog\/?s={search_term_string}\"},\"query-input\":{\"@type\":\"PropertyValueSpecification\",\"valueRequired\":true,\"valueName\":\"search_term_string\"}}],\"inLanguage\":\"fr-FR\"},{\"@type\":\"Organization\",\"@id\":\"https:\/\/www.pradel-france.com\/blog\/#organization\",\"name\":\"Pradel France Blog\",\"alternateName\":\"Pradel blog\",\"url\":\"https:\/\/www.pradel-france.com\/blog\/\",\"logo\":{\"@type\":\"ImageObject\",\"inLanguage\":\"fr-FR\",\"@id\":\"https:\/\/www.pradel-france.com\/blog\/#\/schema\/logo\/image\/\",\"url\":\"https:\/\/www.pradel-france.com\/blog\/wp-content\/uploads\/2023\/04\/pradel-200x200-1.jpg\",\"contentUrl\":\"https:\/\/www.pradel-france.com\/blog\/wp-content\/uploads\/2023\/04\/pradel-200x200-1.jpg\",\"width\":200,\"height\":200,\"caption\":\"Pradel France Blog\"},\"image\":{\"@id\":\"https:\/\/www.pradel-france.com\/blog\/#\/schema\/logo\/image\/\"},\"sameAs\":[\"https:\/\/www.facebook.com\/pradelfr\/\",\"https:\/\/www.instagram.com\/pradel_france\/\",\"https:\/\/www.youtube.com\/@Pradel-France-Homestyle\",\"https:\/\/www.linkedin.com\/company\/pradel-france-homestyle\/\",\"https:\/\/fr.pinterest.com\/pradelfrancehomestyle\/\"]},{\"@type\":\"Person\",\"@id\":\"https:\/\/www.pradel-france.com\/blog\/#\/schema\/person\/544b7ac9710af9ff69288171ac4deeb1\",\"name\":\"pranblog\",\"image\":{\"@type\":\"ImageObject\",\"inLanguage\":\"fr-FR\",\"@id\":\"https:\/\/www.pradel-france.com\/blog\/#\/schema\/person\/image\/\",\"url\":\"https:\/\/secure.gravatar.com\/avatar\/b9f4ad324c09b427710fb5cea05f4c625774b7a4295393a50dce733009db3350?s=96&d=mm&r=g\",\"contentUrl\":\"https:\/\/secure.gravatar.com\/avatar\/b9f4ad324c09b427710fb5cea05f4c625774b7a4295393a50dce733009db3350?s=96&d=mm&r=g\",\"caption\":\"pranblog\"},\"sameAs\":[\"http:\/\/www.pradel-france.com\/blog\"]}]}<\/script>\n<!-- \/ Yoast SEO plugin. -->","yoast_head_json":{"title":"Comment cr\u00e9er le kit de cuisine nomade id\u00e9al avec Pradel ?","description":"D\u00e9couvrez les secrets pour concevoir le kit de cuisine nomade id\u00e9al avec notre guide. Des astuces et des conseils pour des repas en d\u00e9placement r\u00e9ussis et savoureux.","robots":{"index":"index","follow":"follow","max-snippet":"max-snippet:-1","max-image-preview":"max-image-preview:large","max-video-preview":"max-video-preview:-1"},"canonical":"https:\/\/www.pradel-france.com\/blog\/comment-creer-le-kit-de-cuisine-nomade-parfait\/","og_locale":"fr_FR","og_type":"article","og_title":"Comment cr\u00e9er le kit de cuisine nomade id\u00e9al avec Pradel ?","og_description":"D\u00e9couvrez les secrets pour concevoir le kit de cuisine nomade id\u00e9al avec notre guide. Des astuces et des conseils pour des repas en d\u00e9placement r\u00e9ussis et savoureux.","og_url":"https:\/\/www.pradel-france.com\/blog\/comment-creer-le-kit-de-cuisine-nomade-parfait\/","og_site_name":"Pradel France","article_publisher":"https:\/\/www.facebook.com\/pradelfr\/","article_published_time":"2023-11-06T15:09:32+00:00","article_modified_time":"2023-11-06T15:09:33+00:00","og_image":[{"width":900,"height":600,"url":"https:\/\/www.pradel-france.com\/blog\/wp-content\/uploads\/2023\/11\/Kit-de-cuisine-portable.jpg","type":"image\/jpeg"}],"author":"pranblog","twitter_card":"summary_large_image","twitter_misc":{"\u00c9crit par":"pranblog"},"schema":{"@context":"https:\/\/schema.org","@graph":[{"@type":"Article","@id":"https:\/\/www.pradel-france.com\/blog\/comment-creer-le-kit-de-cuisine-nomade-parfait\/#article","isPartOf":{"@id":"https:\/\/www.pradel-france.com\/blog\/comment-creer-le-kit-de-cuisine-nomade-parfait\/"},"author":{"name":"pranblog","@id":"https:\/\/www.pradel-france.com\/blog\/#\/schema\/person\/544b7ac9710af9ff69288171ac4deeb1"},"headline":"Comment cr\u00e9er le kit de cuisine nomade parfait ?","datePublished":"2023-11-06T15:09:32+00:00","dateModified":"2023-11-06T15:09:33+00:00","mainEntityOfPage":{"@id":"https:\/\/www.pradel-france.com\/blog\/comment-creer-le-kit-de-cuisine-nomade-parfait\/"},"wordCount":9,"publisher":{"@id":"https:\/\/www.pradel-france.com\/blog\/#organization"},"image":{"@id":"https:\/\/www.pradel-france.com\/blog\/comment-creer-le-kit-de-cuisine-nomade-parfait\/#primaryimage"},"thumbnailUrl":"https:\/\/www.pradel-france.com\/blog\/wp-content\/uploads\/2023\/11\/Kit-de-cuisine-portable.jpg","articleSection":["Conseils Pradel Fance","Les astuces"],"inLanguage":"fr-FR"},{"@type":"WebPage","@id":"https:\/\/www.pradel-france.com\/blog\/comment-creer-le-kit-de-cuisine-nomade-parfait\/","url":"https:\/\/www.pradel-france.com\/blog\/comment-creer-le-kit-de-cuisine-nomade-parfait\/","name":"Comment cr\u00e9er le kit de cuisine nomade id\u00e9al avec Pradel ?","isPartOf":{"@id":"https:\/\/www.pradel-france.com\/blog\/#website"},"primaryImageOfPage":{"@id":"https:\/\/www.pradel-france.com\/blog\/comment-creer-le-kit-de-cuisine-nomade-parfait\/#primaryimage"},"image":{"@id":"https:\/\/www.pradel-france.com\/blog\/comment-creer-le-kit-de-cuisine-nomade-parfait\/#primaryimage"},"thumbnailUrl":"https:\/\/www.pradel-france.com\/blog\/wp-content\/uploads\/2023\/11\/Kit-de-cuisine-portable.jpg","datePublished":"2023-11-06T15:09:32+00:00","dateModified":"2023-11-06T15:09:33+00:00","description":"D\u00e9couvrez les secrets pour concevoir le kit de cuisine nomade id\u00e9al avec notre guide. Des astuces et des conseils pour des repas en d\u00e9placement r\u00e9ussis et savoureux.","breadcrumb":{"@id":"https:\/\/www.pradel-france.com\/blog\/comment-creer-le-kit-de-cuisine-nomade-parfait\/#breadcrumb"},"inLanguage":"fr-FR","potentialAction":[{"@type":"ReadAction","target":["https:\/\/www.pradel-france.com\/blog\/comment-creer-le-kit-de-cuisine-nomade-parfait\/"]}]},{"@type":"ImageObject","inLanguage":"fr-FR","@id":"https:\/\/www.pradel-france.com\/blog\/comment-creer-le-kit-de-cuisine-nomade-parfait\/#primaryimage","url":"https:\/\/www.pradel-france.com\/blog\/wp-content\/uploads\/2023\/11\/Kit-de-cuisine-portable.jpg","contentUrl":"https:\/\/www.pradel-france.com\/blog\/wp-content\/uploads\/2023\/11\/Kit-de-cuisine-portable.jpg","width":900,"height":600,"caption":"Kit de cuisine portable"},{"@type":"BreadcrumbList","@id":"https:\/\/www.pradel-france.com\/blog\/comment-creer-le-kit-de-cuisine-nomade-parfait\/#breadcrumb","itemListElement":[{"@type":"ListItem","position":1,"name":"Accueil","item":"https:\/\/www.pradel-france.com\/blog\/"},{"@type":"ListItem","position":2,"name":"Conseils Pradel Fance","item":"https:\/\/www.pradel-france.com\/blog\/category\/conseils\/"},{"@type":"ListItem","position":3,"name":"Comment cr\u00e9er le kit de cuisine nomade parfait ?"}]},{"@type":"WebSite","@id":"https:\/\/www.pradel-france.com\/blog\/#website","url":"https:\/\/www.pradel-france.com\/blog\/","name":"Pradel France Blog","description":"Les recettes et conseils Pradel France","publisher":{"@id":"https:\/\/www.pradel-france.com\/blog\/#organization"},"alternateName":"Pradel blog","potentialAction":[{"@type":"SearchAction","target":{"@type":"EntryPoint","urlTemplate":"https:\/\/www.pradel-france.com\/blog\/?s={search_term_string}"},"query-input":{"@type":"PropertyValueSpecification","valueRequired":true,"valueName":"search_term_string"}}],"inLanguage":"fr-FR"},{"@type":"Organization","@id":"https:\/\/www.pradel-france.com\/blog\/#organization","name":"Pradel France Blog","alternateName":"Pradel blog","url":"https:\/\/www.pradel-france.com\/blog\/","logo":{"@type":"ImageObject","inLanguage":"fr-FR","@id":"https:\/\/www.pradel-france.com\/blog\/#\/schema\/logo\/image\/","url":"https:\/\/www.pradel-france.com\/blog\/wp-content\/uploads\/2023\/04\/pradel-200x200-1.jpg","contentUrl":"https:\/\/www.pradel-france.com\/blog\/wp-content\/uploads\/2023\/04\/pradel-200x200-1.jpg","width":200,"height":200,"caption":"Pradel France Blog"},"image":{"@id":"https:\/\/www.pradel-france.com\/blog\/#\/schema\/logo\/image\/"},"sameAs":["https:\/\/www.facebook.com\/pradelfr\/","https:\/\/www.instagram.com\/pradel_france\/","https:\/\/www.youtube.com\/@Pradel-France-Homestyle","https:\/\/www.linkedin.com\/company\/pradel-france-homestyle\/","https:\/\/fr.pinterest.com\/pradelfrancehomestyle\/"]},{"@type":"Person","@id":"https:\/\/www.pradel-france.com\/blog\/#\/schema\/person\/544b7ac9710af9ff69288171ac4deeb1","name":"pranblog","image":{"@type":"ImageObject","inLanguage":"fr-FR","@id":"https:\/\/www.pradel-france.com\/blog\/#\/schema\/person\/image\/","url":"https:\/\/secure.gravatar.com\/avatar\/b9f4ad324c09b427710fb5cea05f4c625774b7a4295393a50dce733009db3350?s=96&d=mm&r=g","contentUrl":"https:\/\/secure.gravatar.com\/avatar\/b9f4ad324c09b427710fb5cea05f4c625774b7a4295393a50dce733009db3350?s=96&d=mm&r=g","caption":"pranblog"},"sameAs":["http:\/\/www.pradel-france.com\/blog"]}]}},"thumb":"https:\/\/www.pradel-france.com\/blog\/wp-content\/uploads\/2023\/11\/Kit-de-cuisine-portable-350x250.jpg","category":"Conseils Pradel Fance","description":"Peu importe o\u00f9 vous vous d\u00e9placez, combien de temps et pourquoi, il faudra toujours manger ! Pour satisfaire ce besoin\u2026","_links":{"self":[{"href":"https:\/\/www.pradel-france.com\/blog\/wp-json\/wp\/v2\/posts\/1621","targetHints":{"allow":["GET"]}}],"collection":[{"href":"https:\/\/www.pradel-france.com\/blog\/wp-json\/wp\/v2\/posts"}],"about":[{"href":"https:\/\/www.pradel-france.com\/blog\/wp-json\/wp\/v2\/types\/post"}],"author":[{"embeddable":true,"href":"https:\/\/www.pradel-france.com\/blog\/wp-json\/wp\/v2\/users\/1"}],"replies":[{"embeddable":true,"href":"https:\/\/www.pradel-france.com\/blog\/wp-json\/wp\/v2\/comments?post=1621"}],"version-history":[{"count":7,"href":"https:\/\/www.pradel-france.com\/blog\/wp-json\/wp\/v2\/posts\/1621\/revisions"}],"predecessor-version":[{"id":1635,"href":"https:\/\/www.pradel-france.com\/blog\/wp-json\/wp\/v2\/posts\/1621\/revisions\/1635"}],"wp:featuredmedia":[{"embeddable":true,"href":"https:\/\/www.pradel-france.com\/blog\/wp-json\/wp\/v2\/media\/1625"}],"wp:attachment":[{"href":"https:\/\/www.pradel-france.com\/blog\/wp-json\/wp\/v2\/media?parent=1621"}],"wp:term":[{"taxonomy":"category","embeddable":true,"href":"https:\/\/www.pradel-france.com\/blog\/wp-json\/wp\/v2\/categories?post=1621"},{"taxonomy":"post_tag","embeddable":true,"href":"https:\/\/www.pradel-france.com\/blog\/wp-json\/wp\/v2\/tags?post=1621"}],"curies":[{"name":"wp","href":"https:\/\/api.w.org\/{rel}","templated":true}]}}