{"id":1673,"date":"2023-11-07T10:12:42","date_gmt":"2023-11-07T09:12:42","guid":{"rendered":"https:\/\/www.pradel-france.com\/blog\/?p=1673"},"modified":"2023-11-07T10:12:43","modified_gmt":"2023-11-07T09:12:43","slug":"quelle-poele-specialisee-choisir-pour-reussir-mes-crepes","status":"publish","type":"post","link":"https:\/\/www.pradel-france.com\/blog\/quelle-poele-specialisee-choisir-pour-reussir-mes-crepes\/","title":{"rendered":"Quelle po\u00eale sp\u00e9cialis\u00e9e choisir pour r\u00e9ussir mes cr\u00eapes ?"},"content":{"rendered":"\n\n    <div class=\"full-width bgcolor noprint\">\n      <section class=\"block-duo alt   boxed \">\n        <div class=\"container\">\n          <div class=\"row\">\n                          <div class=\"col-12 col-lg-4 col-img px-0 pl-lg-0 pr-lg-2\">\n                <div class=\"picture-wrapper h-100 w-100\">\n                  <div class=\"pic bcover h-100 w-100\" style=\"background-image:url(https:\/\/www.pradel-france.com\/blog\/wp-content\/uploads\/2023\/11\/Poele-specialisee-pour-reussir-mes-crepes-709x1024.jpg);min-height:450px;\"><\/div>\n                <\/div>\n              <\/div>\n                        <div class=\"col-12 col-lg-8 col-content d-flex my-auto px-0 pr-lg-4\" style=\"order:-1;\">\n              <div class=\"d-flex flex-column inner-content\">\n                                                  <div class=\"content nerf-last-p\">\n                    <p>La saison des cr\u00eapes, c\u2019est toute l\u2019ann\u00e9e ! En faire est plut\u00f4t facile, mais les r\u00e9ussir est tout un art. Le plus important, ce n\u2019est pas forc\u00e9ment la recette, mais le choix de la bonne <u><a href=\"https:\/\/www.pradel-france.com\/163-crepieres\">po\u00eale \u00e0 cr\u00eapes<\/a><\/u>.<\/p>\n<p>Dans cet article, nous vous d\u00e9voilons les diff\u00e9rentes caract\u00e9ristiques \u00e0 prendre en compte lors du choix d\u2019une <strong>po\u00eale sp\u00e9cialis\u00e9e pour r\u00e9ussir mes cr\u00eapes<\/strong>.<\/p>\n                  <\/div>\n                                                  <div>\n                    <a class=\"btn btn-primary\" href=\"https:\/\/www.pradel-france.com\/163-crepieres\" title=\"D\u00e9couvrez toutes nos cr\u00e9pi\u00e8res !\" target='_blank'>D\u00e9couvrez toutes nos cr\u00e9pi\u00e8res !<\/a>\n                  <\/div>\n                              <\/div>\n            <\/div>\n          <\/div>\n        <\/div>\n      <\/section>\n    <\/div>\n\n\n\n\n\n    <div class=\"full-width bgcolor noprint\">\n      <section class=\"block-duo   boxed \">\n        <div class=\"container\">\n          <div class=\"row\">\n                          <div class=\"col-12 col-lg-4 col-img px-0 pl-lg-0 pr-lg-2\">\n                <div class=\"picture-wrapper h-100 w-100\">\n                  <div class=\"pic bcover h-100 w-100\" style=\"background-image:url(https:\/\/www.pradel-france.com\/blog\/wp-content\/uploads\/2023\/11\/Poele-a-crepes-709x1024.jpg);min-height:450px;\"><\/div>\n                <\/div>\n              <\/div>\n                        <div class=\"col-12 col-lg-8 col-content d-flex my-auto px-0 pl-lg-4\">\n              <div class=\"d-flex flex-column inner-content\">\n                          <h2 class=\"c-title-l\">Quelle est la taille id\u00e9ale de la po\u00eale pour mes cr\u00eapes ? <\/h2>\n                                      <div class=\"content nerf-last-p\">\n                    <p>Tout d\u2019abord, la taille de votre <strong>po\u00eale \u00e0 cr\u00eapes<\/strong> est l&rsquo;un des facteurs les plus importants \u00e0 consid\u00e9rer pour les r\u00e9ussir. La <strong>meilleure po\u00eale pour cr\u00eapes<\/strong> doit avoir un diam\u00e8tre d&rsquo;environ 25 \u00e0 30 centim\u00e8tres. C\u2019est la taille parfaite pour ce type de po\u00eale, qui permet ainsi de verser la bonne quantit\u00e9 de p\u00e2te pour obtenir de d\u00e9licieuses cr\u00eapes fines et uniformes.<\/p>\n<p>Les po\u00eales plus petites risquent de donner des cr\u00eapes bien trop \u00e9paisses et difficiles \u00e0 retourner, tandis que les plus grandes rendent la cuisson plus compliqu\u00e9e, car elle ne sera pas uniforme.<\/p>\n                  <\/div>\n                                              <\/div>\n            <\/div>\n          <\/div>\n        <\/div>\n      <\/section>\n    <\/div>\n\n\n\n\n\n    <div class=\"full-width bgcolor noprint\">\n      <section class=\"block-duo alt   boxed \">\n        <div class=\"container\">\n          <div class=\"row\">\n                          <div class=\"col-12 col-lg-4 col-img px-0 pl-lg-0 pr-lg-2\">\n                <div class=\"picture-wrapper h-100 w-100\">\n                  <div class=\"pic bcover h-100 w-100\" style=\"background-image:url(https:\/\/www.pradel-france.com\/blog\/wp-content\/uploads\/2023\/11\/Crepiere-de-qualite-709x1024.jpg);min-height:450px;\"><\/div>\n                <\/div>\n              <\/div>\n                        <div class=\"col-12 col-lg-8 col-content d-flex my-auto px-0 pr-lg-4\" style=\"order:-1;\">\n              <div class=\"d-flex flex-column inner-content\">\n                          <h2 class=\"c-title-l\">Quel mat\u00e9riau de po\u00eale convient le mieux \u00e0 la cuisson des cr\u00eapes ?<\/h2>\n                                      <div class=\"content nerf-last-p\">\n                    <p>Le choix du <strong>mat\u00e9riau de la cr\u00eapi\u00e8re<\/strong> est essentiel pour obtenir des cr\u00eapes parfaites. Nous vous avons list\u00e9 les trois options les plus courantes :<\/p>\n<h3>La fonte d\u2019aluminium avec rev\u00eatement<\/h3>\n<p>La <strong>po\u00eale antiadh\u00e9sive<\/strong> en fonte d\u2019aluminium fait partie des mat\u00e9riaux les plus populaires pour les cr\u00eapes, et ceci pour une bonne raison ! Elle permet de cuire les cr\u00eapes sans qu&rsquo;elles n&rsquo;attachent \u00e0 la po\u00eale. Le fait de ne pas attacher \u00e0 la po\u00eale, sans ajouter de mati\u00e8re grasse, facilite grandement leur retournement, pour des cr\u00eapes \u00e0 l\u2019aspect parfait. Cependant, assurez-vous de choisir une <strong>po\u00eale antiadh\u00e9sive<\/strong> de qualit\u00e9 pour une utilisation optimale, pendant des ann\u00e9es. Nos cr\u00eapi\u00e8res Pradel France sont parfaites pour cela !<\/p>\n<h3>La fonte<\/h3>\n<p>Les po\u00eales en fonte repr\u00e9sentent aussi un excellent choix pour la cuisson des cr\u00eapes. En effet, la fonte est un mat\u00e9riau qui retient bien la chaleur et permet une r\u00e9partition uniforme. Finalement, cette <strong>po\u00eale \u00e0 cr\u00eapes<\/strong> offre des cr\u00eapes dor\u00e9es et croustillantes. Le seul point n\u00e9gatif de ce mat\u00e9riau est qu\u2019il n\u2019est pas antiadh\u00e9sif, pour le devenir, il n\u00e9cessite une p\u00e9riode de rodage.<\/p>\n<h3>L&rsquo;acier inoxydable<\/h3>\n<p>Les po\u00eales en acier inoxydable sont multifonctions gr\u00e2ce \u00e0 leur durabilit\u00e9 et leur r\u00e9sistance \u00e0 la chaleur. Cependant, elles peuvent \u00eatre un peu moins adapt\u00e9es \u00e0 la cuisson des cr\u00eapes en raison de leur propri\u00e9t\u00e9 de fixation des aliments. Pour contrer cela, nous vous recommandons d&rsquo;utiliser suffisamment de mati\u00e8re grasse pour \u00e9viter que les cr\u00eapes n&rsquo;attachent \u00e0 la po\u00eale.<\/p>\n                  <\/div>\n                                              <\/div>\n            <\/div>\n          <\/div>\n        <\/div>\n      <\/section>\n    <\/div>\n\n\n\n\n<section id=\"block_c4852592f13f2ac6cfd90f6fb603aea7\" class=\"block-text block-ba position-relative overflow-hidden mt-5 mb-0\">\n  <div class=\"container \">\n          <div class=\"row\">\n        <div class=\"col-12\">\n                  <h2 class=\"c-title-l\">Comment obtenir une r\u00e9partition homog\u00e8ne de la chaleur avec la po\u00eale ?<\/h2>\n            <\/div>\n      <\/div>\n              <div class=\"row\">\n        <div class=\"col-12\">\n          <div class=\"content nerf-last-p\">\n            <p>L<strong>\u2019\u00e9paisseur de la po\u00eale \u00e0 cr\u00eapes<\/strong> et son fond sont aussi des caract\u00e9ristiques \u00e0 prendre en compte pour r\u00e9ussir vos cr\u00eapes. Notre <strong>conseil pour r\u00e9ussir ses cr\u00eapes<\/strong> est d\u2019opter pour une po\u00eale \u00e0 fond plat et uniforme.<\/p>\n<p>Une base plane garantit une r\u00e9partition homog\u00e8ne de la chaleur, pour une cuisson uniforme sans br\u00fblure ! Aussi, assurez-vous de choisir une po\u00eale avec un fond \u00e9pais afin d\u2019\u00e9viter les variations de temp\u00e9rature.<\/p>\n          <\/div>\n        <\/div>\n      <\/div>\n          <\/div>\n<\/section>\n\n\n\n\n    <div class=\"full-width bgcolor noprint\">\n      <section class=\"block-duo   boxed \">\n        <div class=\"container\">\n          <div class=\"row\">\n                          <div class=\"col-12 col-lg-4 col-img px-0 pl-lg-0 pr-lg-2\">\n                <div class=\"picture-wrapper h-100 w-100\">\n                  <div class=\"pic bcover h-100 w-100\" style=\"background-image:url(https:\/\/www.pradel-france.com\/blog\/wp-content\/uploads\/2023\/11\/Poele-antiadhesive-709x1024.jpg);min-height:450px;\"><\/div>\n                <\/div>\n              <\/div>\n                        <div class=\"col-12 col-lg-8 col-content d-flex my-auto px-0 pl-lg-4\">\n              <div class=\"d-flex flex-column inner-content\">\n                          <h2 class=\"c-title-l\">Le rev\u00eatement antiadh\u00e9sif : gage de qualit\u00e9 sur la po\u00eale \u00e0 cr\u00e8pes<\/h2>\n                                      <div class=\"content nerf-last-p\">\n                    <p>Une<strong> po\u00eale antiadh\u00e9sive<\/strong> de qualit\u00e9 est un vrai luxe lors de la cuisson des cr\u00eapes. La <strong>po\u00eale \u00e0 rev\u00eatement sp\u00e9cial<\/strong> permet de cuire vos cr\u00eapes sans trop utiliser de mati\u00e8re grasse, et de faciliter leur retournement.<\/p>\n<p>Il est important de choisir une po\u00eale avec un rev\u00eatement r\u00e9sistant et durable pour \u00e9viter qu&rsquo;il ne s&rsquo;\u00e9caille avec le temps. Il faut aussi penser \u00e0 garder un bon entretien de votre <strong>ustensile de cuisine pour cr\u00eapes<\/strong>, comme le nettoyage \u00e0 la main, qui est \u00e9galement essentiel pour prolonger la dur\u00e9e de vie du rev\u00eatement antiadh\u00e9sif.<\/p>\n                  <\/div>\n                                              <\/div>\n            <\/div>\n          <\/div>\n        <\/div>\n      <\/section>\n    <\/div>\n\n\n\n\n\n    <div class=\"full-width bgcolor noprint\">\n      <section class=\"block-duo alt   boxed \">\n        <div class=\"container\">\n          <div class=\"row\">\n                          <div class=\"col-12 col-lg-4 col-img px-0 pl-lg-0 pr-lg-2\">\n                <div class=\"picture-wrapper h-100 w-100\">\n                  <div class=\"pic bcover h-100 w-100\" style=\"background-image:url(https:\/\/www.pradel-france.com\/blog\/wp-content\/uploads\/2023\/11\/Meilleure-poele-pour-crepes-709x1024.jpg);min-height:450px;\"><\/div>\n                <\/div>\n              <\/div>\n                        <div class=\"col-12 col-lg-8 col-content d-flex my-auto px-0 pr-lg-4\" style=\"order:-1;\">\n              <div class=\"d-flex flex-column inner-content\">\n                          <h2 class=\"c-title-l\">Les bords inclin\u00e9s : le secret pour faciliter le retournement des cr\u00eapes !<\/h2>\n                                      <div class=\"content nerf-last-p\">\n                    <p>La cerise sur le g\u00e2teau pour une <strong>po\u00eale \u00e0 cr\u00eapes<\/strong> est d\u2019avoir des bords l\u00e9g\u00e8rement inclin\u00e9s. Ils sont un atout pr\u00e9cieux pour r\u00e9ussir vos cr\u00eapes. En effet, les bords inclin\u00e9s facilitent le glissement de la spatule sous la cr\u00eape, ce qui rend le retournement beaucoup plus facile ! Une <strong>cr\u00eapi\u00e8re de qualit\u00e9<\/strong>, mais qui pr\u00e9sente des bords droits, peut rendre cette op\u00e9ration d\u00e9licate, en particulier pour les d\u00e9butants.<\/p>\n                  <\/div>\n                                              <\/div>\n            <\/div>\n          <\/div>\n        <\/div>\n      <\/section>\n    <\/div>\n\n","protected":false},"excerpt":{"rendered":"","protected":false},"author":1,"featured_media":1675,"comment_status":"closed","ping_status":"closed","sticky":false,"template":"","format":"standard","meta":{"footnotes":""},"categories":[4,6],"tags":[],"class_list":["post-1673","post","type-post","status-publish","format-standard","has-post-thumbnail","hentry","category-conseils","category-la-cuisson","col-12","col-md-6 col-lg-4"],"acf":[],"yoast_head":"<!-- This site is optimized with the Yoast SEO plugin v26.7 - https:\/\/yoast.com\/wordpress\/plugins\/seo\/ -->\n<title>Comment choisir la po\u00eale parfaite pour des cr\u00eapes r\u00e9ussies ?<\/title>\n<meta name=\"description\" content=\"D\u00e9couvrez comment choisir la po\u00eale parfaite pour des cr\u00eapes r\u00e9ussies et savoureuses ! Conseils d&#039;experts et astuces de cuisson dans notre guide complet avec Pradel.\" \/>\n<meta name=\"robots\" content=\"index, follow, max-snippet:-1, max-image-preview:large, max-video-preview:-1\" \/>\n<link rel=\"canonical\" href=\"https:\/\/www.pradel-france.com\/blog\/quelle-poele-specialisee-choisir-pour-reussir-mes-crepes\/\" \/>\n<meta property=\"og:locale\" content=\"fr_FR\" \/>\n<meta property=\"og:type\" content=\"article\" \/>\n<meta property=\"og:title\" content=\"Comment choisir la po\u00eale parfaite pour des cr\u00eapes r\u00e9ussies ?\" \/>\n<meta property=\"og:description\" content=\"D\u00e9couvrez comment choisir la po\u00eale parfaite pour des cr\u00eapes r\u00e9ussies et savoureuses ! Conseils d&#039;experts et astuces de cuisson dans notre guide complet avec Pradel.\" \/>\n<meta property=\"og:url\" content=\"https:\/\/www.pradel-france.com\/blog\/quelle-poele-specialisee-choisir-pour-reussir-mes-crepes\/\" \/>\n<meta property=\"og:site_name\" content=\"Pradel France\" \/>\n<meta property=\"article:publisher\" content=\"https:\/\/www.facebook.com\/pradelfr\/\" \/>\n<meta property=\"article:published_time\" content=\"2023-11-07T09:12:42+00:00\" \/>\n<meta property=\"article:modified_time\" content=\"2023-11-07T09:12:43+00:00\" \/>\n<meta property=\"og:image\" content=\"https:\/\/www.pradel-france.com\/blog\/wp-content\/uploads\/2023\/11\/Poele-a-revetement-special.jpg\" \/>\n\t<meta property=\"og:image:width\" content=\"900\" \/>\n\t<meta property=\"og:image:height\" content=\"600\" \/>\n\t<meta property=\"og:image:type\" content=\"image\/jpeg\" \/>\n<meta name=\"author\" content=\"pranblog\" \/>\n<meta name=\"twitter:card\" content=\"summary_large_image\" \/>\n<meta name=\"twitter:label1\" content=\"\u00c9crit par\" \/>\n\t<meta name=\"twitter:data1\" content=\"pranblog\" \/>\n<script type=\"application\/ld+json\" class=\"yoast-schema-graph\">{\"@context\":\"https:\/\/schema.org\",\"@graph\":[{\"@type\":\"Article\",\"@id\":\"https:\/\/www.pradel-france.com\/blog\/quelle-poele-specialisee-choisir-pour-reussir-mes-crepes\/#article\",\"isPartOf\":{\"@id\":\"https:\/\/www.pradel-france.com\/blog\/quelle-poele-specialisee-choisir-pour-reussir-mes-crepes\/\"},\"author\":{\"name\":\"pranblog\",\"@id\":\"https:\/\/www.pradel-france.com\/blog\/#\/schema\/person\/544b7ac9710af9ff69288171ac4deeb1\"},\"headline\":\"Quelle po\u00eale sp\u00e9cialis\u00e9e choisir pour r\u00e9ussir mes cr\u00eapes ?\",\"datePublished\":\"2023-11-07T09:12:42+00:00\",\"dateModified\":\"2023-11-07T09:12:43+00:00\",\"mainEntityOfPage\":{\"@id\":\"https:\/\/www.pradel-france.com\/blog\/quelle-poele-specialisee-choisir-pour-reussir-mes-crepes\/\"},\"wordCount\":13,\"publisher\":{\"@id\":\"https:\/\/www.pradel-france.com\/blog\/#organization\"},\"image\":{\"@id\":\"https:\/\/www.pradel-france.com\/blog\/quelle-poele-specialisee-choisir-pour-reussir-mes-crepes\/#primaryimage\"},\"thumbnailUrl\":\"https:\/\/www.pradel-france.com\/blog\/wp-content\/uploads\/2023\/11\/Poele-a-revetement-special.jpg\",\"articleSection\":[\"Conseils Pradel Fance\",\"La cuisson\"],\"inLanguage\":\"fr-FR\"},{\"@type\":\"WebPage\",\"@id\":\"https:\/\/www.pradel-france.com\/blog\/quelle-poele-specialisee-choisir-pour-reussir-mes-crepes\/\",\"url\":\"https:\/\/www.pradel-france.com\/blog\/quelle-poele-specialisee-choisir-pour-reussir-mes-crepes\/\",\"name\":\"Comment choisir la po\u00eale parfaite pour des cr\u00eapes r\u00e9ussies ?\",\"isPartOf\":{\"@id\":\"https:\/\/www.pradel-france.com\/blog\/#website\"},\"primaryImageOfPage\":{\"@id\":\"https:\/\/www.pradel-france.com\/blog\/quelle-poele-specialisee-choisir-pour-reussir-mes-crepes\/#primaryimage\"},\"image\":{\"@id\":\"https:\/\/www.pradel-france.com\/blog\/quelle-poele-specialisee-choisir-pour-reussir-mes-crepes\/#primaryimage\"},\"thumbnailUrl\":\"https:\/\/www.pradel-france.com\/blog\/wp-content\/uploads\/2023\/11\/Poele-a-revetement-special.jpg\",\"datePublished\":\"2023-11-07T09:12:42+00:00\",\"dateModified\":\"2023-11-07T09:12:43+00:00\",\"description\":\"D\u00e9couvrez comment choisir la po\u00eale parfaite pour des cr\u00eapes r\u00e9ussies et savoureuses ! Conseils d'experts et astuces de cuisson dans notre guide complet avec Pradel.\",\"breadcrumb\":{\"@id\":\"https:\/\/www.pradel-france.com\/blog\/quelle-poele-specialisee-choisir-pour-reussir-mes-crepes\/#breadcrumb\"},\"inLanguage\":\"fr-FR\",\"potentialAction\":[{\"@type\":\"ReadAction\",\"target\":[\"https:\/\/www.pradel-france.com\/blog\/quelle-poele-specialisee-choisir-pour-reussir-mes-crepes\/\"]}]},{\"@type\":\"ImageObject\",\"inLanguage\":\"fr-FR\",\"@id\":\"https:\/\/www.pradel-france.com\/blog\/quelle-poele-specialisee-choisir-pour-reussir-mes-crepes\/#primaryimage\",\"url\":\"https:\/\/www.pradel-france.com\/blog\/wp-content\/uploads\/2023\/11\/Poele-a-revetement-special.jpg\",\"contentUrl\":\"https:\/\/www.pradel-france.com\/blog\/wp-content\/uploads\/2023\/11\/Poele-a-revetement-special.jpg\",\"width\":900,\"height\":600,\"caption\":\"Po\u00eale \u00e0 rev\u00eatement sp\u00e9cial\"},{\"@type\":\"BreadcrumbList\",\"@id\":\"https:\/\/www.pradel-france.com\/blog\/quelle-poele-specialisee-choisir-pour-reussir-mes-crepes\/#breadcrumb\",\"itemListElement\":[{\"@type\":\"ListItem\",\"position\":1,\"name\":\"Accueil\",\"item\":\"https:\/\/www.pradel-france.com\/blog\/\"},{\"@type\":\"ListItem\",\"position\":2,\"name\":\"Conseils Pradel Fance\",\"item\":\"https:\/\/www.pradel-france.com\/blog\/category\/conseils\/\"},{\"@type\":\"ListItem\",\"position\":3,\"name\":\"Quelle po\u00eale sp\u00e9cialis\u00e9e choisir pour r\u00e9ussir mes cr\u00eapes ?\"}]},{\"@type\":\"WebSite\",\"@id\":\"https:\/\/www.pradel-france.com\/blog\/#website\",\"url\":\"https:\/\/www.pradel-france.com\/blog\/\",\"name\":\"Pradel France Blog\",\"description\":\"Les recettes et conseils Pradel France\",\"publisher\":{\"@id\":\"https:\/\/www.pradel-france.com\/blog\/#organization\"},\"alternateName\":\"Pradel blog\",\"potentialAction\":[{\"@type\":\"SearchAction\",\"target\":{\"@type\":\"EntryPoint\",\"urlTemplate\":\"https:\/\/www.pradel-france.com\/blog\/?s={search_term_string}\"},\"query-input\":{\"@type\":\"PropertyValueSpecification\",\"valueRequired\":true,\"valueName\":\"search_term_string\"}}],\"inLanguage\":\"fr-FR\"},{\"@type\":\"Organization\",\"@id\":\"https:\/\/www.pradel-france.com\/blog\/#organization\",\"name\":\"Pradel France Blog\",\"alternateName\":\"Pradel blog\",\"url\":\"https:\/\/www.pradel-france.com\/blog\/\",\"logo\":{\"@type\":\"ImageObject\",\"inLanguage\":\"fr-FR\",\"@id\":\"https:\/\/www.pradel-france.com\/blog\/#\/schema\/logo\/image\/\",\"url\":\"https:\/\/www.pradel-france.com\/blog\/wp-content\/uploads\/2023\/04\/pradel-200x200-1.jpg\",\"contentUrl\":\"https:\/\/www.pradel-france.com\/blog\/wp-content\/uploads\/2023\/04\/pradel-200x200-1.jpg\",\"width\":200,\"height\":200,\"caption\":\"Pradel France Blog\"},\"image\":{\"@id\":\"https:\/\/www.pradel-france.com\/blog\/#\/schema\/logo\/image\/\"},\"sameAs\":[\"https:\/\/www.facebook.com\/pradelfr\/\",\"https:\/\/www.instagram.com\/pradel_france\/\",\"https:\/\/www.youtube.com\/@Pradel-France-Homestyle\",\"https:\/\/www.linkedin.com\/company\/pradel-france-homestyle\/\",\"https:\/\/fr.pinterest.com\/pradelfrancehomestyle\/\"]},{\"@type\":\"Person\",\"@id\":\"https:\/\/www.pradel-france.com\/blog\/#\/schema\/person\/544b7ac9710af9ff69288171ac4deeb1\",\"name\":\"pranblog\",\"image\":{\"@type\":\"ImageObject\",\"inLanguage\":\"fr-FR\",\"@id\":\"https:\/\/www.pradel-france.com\/blog\/#\/schema\/person\/image\/\",\"url\":\"https:\/\/secure.gravatar.com\/avatar\/b9f4ad324c09b427710fb5cea05f4c625774b7a4295393a50dce733009db3350?s=96&d=mm&r=g\",\"contentUrl\":\"https:\/\/secure.gravatar.com\/avatar\/b9f4ad324c09b427710fb5cea05f4c625774b7a4295393a50dce733009db3350?s=96&d=mm&r=g\",\"caption\":\"pranblog\"},\"sameAs\":[\"http:\/\/www.pradel-france.com\/blog\"]}]}<\/script>\n<!-- \/ Yoast SEO plugin. -->","yoast_head_json":{"title":"Comment choisir la po\u00eale parfaite pour des cr\u00eapes r\u00e9ussies ?","description":"D\u00e9couvrez comment choisir la po\u00eale parfaite pour des cr\u00eapes r\u00e9ussies et savoureuses ! Conseils d'experts et astuces de cuisson dans notre guide complet avec Pradel.","robots":{"index":"index","follow":"follow","max-snippet":"max-snippet:-1","max-image-preview":"max-image-preview:large","max-video-preview":"max-video-preview:-1"},"canonical":"https:\/\/www.pradel-france.com\/blog\/quelle-poele-specialisee-choisir-pour-reussir-mes-crepes\/","og_locale":"fr_FR","og_type":"article","og_title":"Comment choisir la po\u00eale parfaite pour des cr\u00eapes r\u00e9ussies ?","og_description":"D\u00e9couvrez comment choisir la po\u00eale parfaite pour des cr\u00eapes r\u00e9ussies et savoureuses ! Conseils d'experts et astuces de cuisson dans notre guide complet avec Pradel.","og_url":"https:\/\/www.pradel-france.com\/blog\/quelle-poele-specialisee-choisir-pour-reussir-mes-crepes\/","og_site_name":"Pradel France","article_publisher":"https:\/\/www.facebook.com\/pradelfr\/","article_published_time":"2023-11-07T09:12:42+00:00","article_modified_time":"2023-11-07T09:12:43+00:00","og_image":[{"width":900,"height":600,"url":"https:\/\/www.pradel-france.com\/blog\/wp-content\/uploads\/2023\/11\/Poele-a-revetement-special.jpg","type":"image\/jpeg"}],"author":"pranblog","twitter_card":"summary_large_image","twitter_misc":{"\u00c9crit par":"pranblog"},"schema":{"@context":"https:\/\/schema.org","@graph":[{"@type":"Article","@id":"https:\/\/www.pradel-france.com\/blog\/quelle-poele-specialisee-choisir-pour-reussir-mes-crepes\/#article","isPartOf":{"@id":"https:\/\/www.pradel-france.com\/blog\/quelle-poele-specialisee-choisir-pour-reussir-mes-crepes\/"},"author":{"name":"pranblog","@id":"https:\/\/www.pradel-france.com\/blog\/#\/schema\/person\/544b7ac9710af9ff69288171ac4deeb1"},"headline":"Quelle po\u00eale sp\u00e9cialis\u00e9e choisir pour r\u00e9ussir mes cr\u00eapes ?","datePublished":"2023-11-07T09:12:42+00:00","dateModified":"2023-11-07T09:12:43+00:00","mainEntityOfPage":{"@id":"https:\/\/www.pradel-france.com\/blog\/quelle-poele-specialisee-choisir-pour-reussir-mes-crepes\/"},"wordCount":13,"publisher":{"@id":"https:\/\/www.pradel-france.com\/blog\/#organization"},"image":{"@id":"https:\/\/www.pradel-france.com\/blog\/quelle-poele-specialisee-choisir-pour-reussir-mes-crepes\/#primaryimage"},"thumbnailUrl":"https:\/\/www.pradel-france.com\/blog\/wp-content\/uploads\/2023\/11\/Poele-a-revetement-special.jpg","articleSection":["Conseils Pradel Fance","La cuisson"],"inLanguage":"fr-FR"},{"@type":"WebPage","@id":"https:\/\/www.pradel-france.com\/blog\/quelle-poele-specialisee-choisir-pour-reussir-mes-crepes\/","url":"https:\/\/www.pradel-france.com\/blog\/quelle-poele-specialisee-choisir-pour-reussir-mes-crepes\/","name":"Comment choisir la po\u00eale parfaite pour des cr\u00eapes r\u00e9ussies ?","isPartOf":{"@id":"https:\/\/www.pradel-france.com\/blog\/#website"},"primaryImageOfPage":{"@id":"https:\/\/www.pradel-france.com\/blog\/quelle-poele-specialisee-choisir-pour-reussir-mes-crepes\/#primaryimage"},"image":{"@id":"https:\/\/www.pradel-france.com\/blog\/quelle-poele-specialisee-choisir-pour-reussir-mes-crepes\/#primaryimage"},"thumbnailUrl":"https:\/\/www.pradel-france.com\/blog\/wp-content\/uploads\/2023\/11\/Poele-a-revetement-special.jpg","datePublished":"2023-11-07T09:12:42+00:00","dateModified":"2023-11-07T09:12:43+00:00","description":"D\u00e9couvrez comment choisir la po\u00eale parfaite pour des cr\u00eapes r\u00e9ussies et savoureuses ! Conseils d'experts et astuces de cuisson dans notre guide complet avec Pradel.","breadcrumb":{"@id":"https:\/\/www.pradel-france.com\/blog\/quelle-poele-specialisee-choisir-pour-reussir-mes-crepes\/#breadcrumb"},"inLanguage":"fr-FR","potentialAction":[{"@type":"ReadAction","target":["https:\/\/www.pradel-france.com\/blog\/quelle-poele-specialisee-choisir-pour-reussir-mes-crepes\/"]}]},{"@type":"ImageObject","inLanguage":"fr-FR","@id":"https:\/\/www.pradel-france.com\/blog\/quelle-poele-specialisee-choisir-pour-reussir-mes-crepes\/#primaryimage","url":"https:\/\/www.pradel-france.com\/blog\/wp-content\/uploads\/2023\/11\/Poele-a-revetement-special.jpg","contentUrl":"https:\/\/www.pradel-france.com\/blog\/wp-content\/uploads\/2023\/11\/Poele-a-revetement-special.jpg","width":900,"height":600,"caption":"Po\u00eale \u00e0 rev\u00eatement sp\u00e9cial"},{"@type":"BreadcrumbList","@id":"https:\/\/www.pradel-france.com\/blog\/quelle-poele-specialisee-choisir-pour-reussir-mes-crepes\/#breadcrumb","itemListElement":[{"@type":"ListItem","position":1,"name":"Accueil","item":"https:\/\/www.pradel-france.com\/blog\/"},{"@type":"ListItem","position":2,"name":"Conseils Pradel Fance","item":"https:\/\/www.pradel-france.com\/blog\/category\/conseils\/"},{"@type":"ListItem","position":3,"name":"Quelle po\u00eale sp\u00e9cialis\u00e9e choisir pour r\u00e9ussir mes cr\u00eapes ?"}]},{"@type":"WebSite","@id":"https:\/\/www.pradel-france.com\/blog\/#website","url":"https:\/\/www.pradel-france.com\/blog\/","name":"Pradel France Blog","description":"Les recettes et conseils Pradel France","publisher":{"@id":"https:\/\/www.pradel-france.com\/blog\/#organization"},"alternateName":"Pradel blog","potentialAction":[{"@type":"SearchAction","target":{"@type":"EntryPoint","urlTemplate":"https:\/\/www.pradel-france.com\/blog\/?s={search_term_string}"},"query-input":{"@type":"PropertyValueSpecification","valueRequired":true,"valueName":"search_term_string"}}],"inLanguage":"fr-FR"},{"@type":"Organization","@id":"https:\/\/www.pradel-france.com\/blog\/#organization","name":"Pradel France Blog","alternateName":"Pradel blog","url":"https:\/\/www.pradel-france.com\/blog\/","logo":{"@type":"ImageObject","inLanguage":"fr-FR","@id":"https:\/\/www.pradel-france.com\/blog\/#\/schema\/logo\/image\/","url":"https:\/\/www.pradel-france.com\/blog\/wp-content\/uploads\/2023\/04\/pradel-200x200-1.jpg","contentUrl":"https:\/\/www.pradel-france.com\/blog\/wp-content\/uploads\/2023\/04\/pradel-200x200-1.jpg","width":200,"height":200,"caption":"Pradel France Blog"},"image":{"@id":"https:\/\/www.pradel-france.com\/blog\/#\/schema\/logo\/image\/"},"sameAs":["https:\/\/www.facebook.com\/pradelfr\/","https:\/\/www.instagram.com\/pradel_france\/","https:\/\/www.youtube.com\/@Pradel-France-Homestyle","https:\/\/www.linkedin.com\/company\/pradel-france-homestyle\/","https:\/\/fr.pinterest.com\/pradelfrancehomestyle\/"]},{"@type":"Person","@id":"https:\/\/www.pradel-france.com\/blog\/#\/schema\/person\/544b7ac9710af9ff69288171ac4deeb1","name":"pranblog","image":{"@type":"ImageObject","inLanguage":"fr-FR","@id":"https:\/\/www.pradel-france.com\/blog\/#\/schema\/person\/image\/","url":"https:\/\/secure.gravatar.com\/avatar\/b9f4ad324c09b427710fb5cea05f4c625774b7a4295393a50dce733009db3350?s=96&d=mm&r=g","contentUrl":"https:\/\/secure.gravatar.com\/avatar\/b9f4ad324c09b427710fb5cea05f4c625774b7a4295393a50dce733009db3350?s=96&d=mm&r=g","caption":"pranblog"},"sameAs":["http:\/\/www.pradel-france.com\/blog"]}]}},"thumb":"https:\/\/www.pradel-france.com\/blog\/wp-content\/uploads\/2023\/11\/Poele-a-revetement-special-350x250.jpg","category":"Conseils Pradel Fance","description":"La saison des cr\u00eapes, c\u2019est toute l\u2019ann\u00e9e ! En faire est plut\u00f4t facile, mais les r\u00e9ussir est tout un art.\u2026","_links":{"self":[{"href":"https:\/\/www.pradel-france.com\/blog\/wp-json\/wp\/v2\/posts\/1673","targetHints":{"allow":["GET"]}}],"collection":[{"href":"https:\/\/www.pradel-france.com\/blog\/wp-json\/wp\/v2\/posts"}],"about":[{"href":"https:\/\/www.pradel-france.com\/blog\/wp-json\/wp\/v2\/types\/post"}],"author":[{"embeddable":true,"href":"https:\/\/www.pradel-france.com\/blog\/wp-json\/wp\/v2\/users\/1"}],"replies":[{"embeddable":true,"href":"https:\/\/www.pradel-france.com\/blog\/wp-json\/wp\/v2\/comments?post=1673"}],"version-history":[{"count":2,"href":"https:\/\/www.pradel-france.com\/blog\/wp-json\/wp\/v2\/posts\/1673\/revisions"}],"predecessor-version":[{"id":1683,"href":"https:\/\/www.pradel-france.com\/blog\/wp-json\/wp\/v2\/posts\/1673\/revisions\/1683"}],"wp:featuredmedia":[{"embeddable":true,"href":"https:\/\/www.pradel-france.com\/blog\/wp-json\/wp\/v2\/media\/1675"}],"wp:attachment":[{"href":"https:\/\/www.pradel-france.com\/blog\/wp-json\/wp\/v2\/media?parent=1673"}],"wp:term":[{"taxonomy":"category","embeddable":true,"href":"https:\/\/www.pradel-france.com\/blog\/wp-json\/wp\/v2\/categories?post=1673"},{"taxonomy":"post_tag","embeddable":true,"href":"https:\/\/www.pradel-france.com\/blog\/wp-json\/wp\/v2\/tags?post=1673"}],"curies":[{"name":"wp","href":"https:\/\/api.w.org\/{rel}","templated":true}]}}