{"id":1763,"date":"2023-12-11T10:21:54","date_gmt":"2023-12-11T09:21:54","guid":{"rendered":"https:\/\/www.pradel-france.com\/blog\/?p=1763"},"modified":"2023-12-11T10:21:55","modified_gmt":"2023-12-11T09:21:55","slug":"comment-savoir-si-ma-cocotte-va-au-four","status":"publish","type":"post","link":"https:\/\/www.pradel-france.com\/blog\/comment-savoir-si-ma-cocotte-va-au-four\/","title":{"rendered":"Comment savoir si ma cocotte va au four ?"},"content":{"rendered":"\n\n    <div class=\"full-width bgcolor noprint\">\n      <section class=\"block-duo alt   boxed \">\n        <div class=\"container\">\n          <div class=\"row\">\n                          <div class=\"col-12 col-lg-4 col-img px-0 pl-lg-0 pr-lg-2\">\n                <div class=\"picture-wrapper h-100 w-100\">\n                  <div class=\"pic bcover h-100 w-100\" style=\"background-image:url(https:\/\/www.pradel-france.com\/blog\/wp-content\/uploads\/2023\/12\/Utilisation-cocotte-au-four-709x1024.jpg);min-height:450px;\"><\/div>\n                <\/div>\n              <\/div>\n                        <div class=\"col-12 col-lg-8 col-content d-flex my-auto px-0 pr-lg-4\" style=\"order:-1;\">\n              <div class=\"d-flex flex-column inner-content\">\n                                                  <div class=\"content nerf-last-p\">\n                    <p>Id\u00e9ale pour des cuissons bien sp\u00e9cifiques comme pour mijoter ou braiser, la cocotte est un <a href=\"https:\/\/www.pradel-france.com\/226-materiel-de-cuisson\">ustensile de cuisson<\/a> qu\u2019il faut avoir dans ses placards !<\/p>\n<p>Si vous vous demandez <strong>comment savoir si ma cocotte va au four<\/strong>, vous \u00eates au bon endroit ! Dans cet article, vous allez d\u00e9couvrir les \u00e9l\u00e9ments \u00e0 conna\u00eetre pour d\u00e9terminer si votre ustensile de cuisine est compatible au four.<\/p>\n                  <\/div>\n                                                  <div>\n                    <a class=\"btn btn-primary\" href=\"https:\/\/www.pradel-france.com\/226-materiel-de-cuisson\" title=\"D\u00e9couvrez notre mat\u00e9riel de cuisson !\" target='_blank'>D\u00e9couvrez notre mat\u00e9riel de cuisson !<\/a>\n                  <\/div>\n                              <\/div>\n            <\/div>\n          <\/div>\n        <\/div>\n      <\/section>\n    <\/div>\n\n\n\n\n\n    <div class=\"full-width bgcolor noprint\">\n      <section class=\"block-duo   boxed \">\n        <div class=\"container\">\n          <div class=\"row\">\n                          <div class=\"col-12 col-lg-4 col-img px-0 pl-lg-0 pr-lg-2\">\n                <div class=\"picture-wrapper h-100 w-100\">\n                  <div class=\"pic bcover h-100 w-100\" style=\"background-image:url(https:\/\/www.pradel-france.com\/blog\/wp-content\/uploads\/2023\/12\/Cocotte-resistante-a-la-chaleur-709x1024.jpg);min-height:450px;\"><\/div>\n                <\/div>\n              <\/div>\n                        <div class=\"col-12 col-lg-8 col-content d-flex my-auto px-0 pl-lg-4\">\n              <div class=\"d-flex flex-column inner-content\">\n                          <h2 class=\"c-title-l\">Quels sont les mat\u00e9riaux s\u00fbrs pour une cocotte au four ?<\/h2>\n                                      <div class=\"content nerf-last-p\">\n                    <p>Commen\u00e7ons par dissiper le myst\u00e8re des <strong>mat\u00e9riaux pour une cocotte au four<\/strong>. Les cocottes peuvent \u00eatre fabriqu\u00e9es \u00e0 partir de diff\u00e9rents mat\u00e9riaux pour \u00eatre compatibles. Nous vous avons s\u00e9lectionn\u00e9 les plus courants.<\/p>\n<p>La <strong>cocotte en fonte au four<\/strong> ne pose aucun probl\u00e8me. La fonte est une championne de la r\u00e9tention de chaleur pour des plats mijot\u00e9s d\u00e9licieux. Les cocottes en fonte sont souvent con\u00e7ues pour r\u00e9sister aux temp\u00e9ratures du four.<\/p>\n<p>L\u2019acier inoxydable est un mat\u00e9riau qui r\u00e9siste le mieux \u00e0 tous les types de cuisson, dont celle au four. Robuste et r\u00e9sistant \u00e0 la corrosion, l&rsquo;acier inoxydable est un choix s\u00fbr pour une <strong>utilisation de cocotte au four<\/strong>.<\/p>\n<p>Les <strong>cocottes en c\u00e9ramique au four<\/strong> ? M\u00eame si elles sont appr\u00e9ci\u00e9es pour leur capacit\u00e9 \u00e0 r\u00e9partir uniform\u00e9ment la chaleur, les cocottes en c\u00e9ramique ne passent pas toutes au four. Il ne faut pas exc\u00e9der la temp\u00e9rature de 200 degr\u00e9s, auquel cas, elle pourrait s&rsquo;ab\u00eemer.<\/p>\n<p>Certaines cocottes en verre sont con\u00e7ues pour r\u00e9sister \u00e0 la chaleur du four, mais il faut faire preuve de prudence, car elles sont plus fragiles.<\/p>\n                  <\/div>\n                                              <\/div>\n            <\/div>\n          <\/div>\n        <\/div>\n      <\/section>\n    <\/div>\n\n\n\n\n\n    <div class=\"full-width bgcolor noprint\">\n      <section class=\"block-duo alt   boxed \">\n        <div class=\"container\">\n          <div class=\"row\">\n                          <div class=\"col-12 col-lg-4 col-img px-0 pl-lg-0 pr-lg-2\">\n                <div class=\"picture-wrapper h-100 w-100\">\n                  <div class=\"pic bcover h-100 w-100\" style=\"background-image:url(https:\/\/www.pradel-france.com\/blog\/wp-content\/uploads\/2023\/12\/Guide-cocotte-four-709x1024.jpg);min-height:450px;\"><\/div>\n                <\/div>\n              <\/div>\n                        <div class=\"col-12 col-lg-8 col-content d-flex my-auto px-0 pr-lg-4\" style=\"order:-1;\">\n              <div class=\"d-flex flex-column inner-content\">\n                          <h2 class=\"c-title-l\">Comment identifier les symboles sur ma cocotte indiquant la compatibilit\u00e9 au four ?<\/h2>\n                                      <div class=\"content nerf-last-p\">\n                    <p>Les fabricants utilisent des symboles pour indiquer les diff\u00e9rents types de compatibilit\u00e9 des ustensiles de cuisine. Le probl\u00e8me est que, pour beaucoup, ces symboles sont trop myst\u00e9rieux pour indiquer si un ustensile peut \u00eatre utilis\u00e9 au four. Les <strong>indicateurs d\u2019une cocotte compatible au four<\/strong> sont simples.<\/p>\n<p>Pour conna\u00eetre la <strong>compatibilit\u00e9 d\u2019une cocotte au four<\/strong>, recherchez des ic\u00f4nes tels que des mini-fours avec des degr\u00e9s pour d\u00e9chiffrer ces indices subtils. Un simple coup d&rsquo;\u0153il sur le fond de votre cocotte peut r\u00e9v\u00e9ler ces informations.<\/p>\n                  <\/div>\n                                              <\/div>\n            <\/div>\n          <\/div>\n        <\/div>\n      <\/section>\n    <\/div>\n\n\n\n\n<section id=\"block_242bd0f60af329195c9dea24e1b34b7a\" class=\"block-text block-ba position-relative overflow-hidden mt-5 mb-0\">\n  <div class=\"container \">\n          <div class=\"row\">\n        <div class=\"col-12\">\n                  <h2 class=\"c-title-l\">Quelle est la temp\u00e9rature maximale support\u00e9e par ma cocotte ?<\/h2>\n            <\/div>\n      <\/div>\n              <div class=\"row\">\n        <div class=\"col-12\">\n          <div class=\"content nerf-last-p\">\n            <p>La <strong>temp\u00e9rature maximale tol\u00e9r\u00e9e par votre cocotte <\/strong>d\u00e9pend de son mat\u00e9riau de fabrication. Les cocottes en fonte et en acier inoxydable peuvent g\u00e9n\u00e9ralement r\u00e9sister \u00e0 des temp\u00e9ratures tr\u00e8s \u00e9lev\u00e9es. Au contraire, les <strong>cocottes en c\u00e9ramique pour le four<\/strong> ou en verre peuvent n\u00e9cessiter des pr\u00e9cautions particuli\u00e8res et des temp\u00e9ratures \u00e0 ne pas d\u00e9passer, souvent autour des 200 degr\u00e9s. Pour conna\u00eetre en d\u00e9tail ces temp\u00e9ratures, v\u00e9rifiez toujours les sp\u00e9cifications du fabricant pour \u00e9viter les surprises culinaires ind\u00e9sirables.<\/p>\n          <\/div>\n        <\/div>\n      <\/div>\n          <\/div>\n<\/section>\n\n\n\n\n    <div class=\"full-width bgcolor noprint\">\n      <section class=\"block-duo   boxed \">\n        <div class=\"container\">\n          <div class=\"row\">\n                          <div class=\"col-12 col-lg-4 col-img px-0 pl-lg-0 pr-lg-2\">\n                <div class=\"picture-wrapper h-100 w-100\">\n                  <div class=\"pic bcover h-100 w-100\" style=\"background-image:url(https:\/\/www.pradel-france.com\/blog\/wp-content\/uploads\/2023\/12\/Cocotte-en-fonte-au-four-709x1024.jpg);min-height:450px;\"><\/div>\n                <\/div>\n              <\/div>\n                        <div class=\"col-12 col-lg-8 col-content d-flex my-auto px-0 pl-lg-4\">\n              <div class=\"d-flex flex-column inner-content\">\n                          <h2 class=\"c-title-l\">Comment tester la s\u00e9curit\u00e9 de ma cocotte au four avant utilisation ?<\/h2>\n                                      <div class=\"content nerf-last-p\">\n                    <p>Vous savez d\u00e9sormais que votre<strong> cocotte est r\u00e9sistante \u00e0 la chaleur<\/strong>, mais avant de la lancer dans l&rsquo;ar\u00e8ne du four, prenez le temps d\u2019effectuer quelques v\u00e9rifications simples.<\/p>\n<p>D\u00e9j\u00e0, assurez-vous qu&rsquo;elle est exempte de fissures, de copeaux ou de signes de d\u00e9t\u00e9rioration. Un bon rin\u00e7age \u00e0 l&rsquo;eau ti\u00e8de peut \u00e9galement \u00e9liminer toute poussi\u00e8re r\u00e9siduelle. Suite \u00e0 ces petits tests, la <strong>s\u00e9curit\u00e9 de votre cocotte au four<\/strong> est assur\u00e9e, et vous pouvez vous r\u00e9galer avec votre recette !<\/p>\n                  <\/div>\n                                              <\/div>\n            <\/div>\n          <\/div>\n        <\/div>\n      <\/section>\n    <\/div>\n\n\n\n\n\n    <div class=\"full-width bgcolor noprint\">\n      <section class=\"block-duo alt   boxed \">\n        <div class=\"container\">\n          <div class=\"row\">\n                          <div class=\"col-12 col-lg-4 col-img px-0 pl-lg-0 pr-lg-2\">\n                <div class=\"picture-wrapper h-100 w-100\">\n                  <div class=\"pic bcover h-100 w-100\" style=\"background-image:url(https:\/\/www.pradel-france.com\/blog\/wp-content\/uploads\/2023\/12\/Securite-des-cocottes-au-four-709x1024.jpg);min-height:450px;\"><\/div>\n                <\/div>\n              <\/div>\n                        <div class=\"col-12 col-lg-8 col-content d-flex my-auto px-0 pr-lg-4\" style=\"order:-1;\">\n              <div class=\"d-flex flex-column inner-content\">\n                          <h2 class=\"c-title-l\">Quelles pr\u00e9cautions prendre pour les cocottes en verre ou en c\u00e9ramique au four ?<\/h2>\n                                      <div class=\"content nerf-last-p\">\n                    <p>Les<strong> cocottes en c\u00e9ramique au four<\/strong> et celles en verre sont d\u00e9licates, mais avec les bonnes pr\u00e9cautions, elles peuvent faire le travail au four.<\/p>\n<p>Il faut \u00e9viter les chocs thermiques en \u00e9vitant de placer une cocotte froide dans un four chaud. Avant l<strong>\u2019utilisation de votre cocotte au four<\/strong>, pr\u00e9chauffez-la pour une transition en douceur. De plus, \u00e9vitez les changements brusques de temp\u00e9rature pour prolonger la dur\u00e9e de vie de votre pr\u00e9cieuse cocotte.<\/p>\n                  <\/div>\n                                              <\/div>\n            <\/div>\n          <\/div>\n        <\/div>\n      <\/section>\n    <\/div>\n\n","protected":false},"excerpt":{"rendered":"","protected":false},"author":1,"featured_media":1768,"comment_status":"closed","ping_status":"closed","sticky":false,"template":"","format":"standard","meta":{"footnotes":""},"categories":[4,6],"tags":[],"class_list":["post-1763","post","type-post","status-publish","format-standard","has-post-thumbnail","hentry","category-conseils","category-la-cuisson","col-12","col-md-6 col-lg-4"],"acf":[],"yoast_head":"<!-- This site is optimized with the Yoast SEO plugin v26.7 - https:\/\/yoast.com\/wordpress\/plugins\/seo\/ -->\n<title>Savoir si ma cocotte est compatible avec le four | Astuces<\/title>\n<meta name=\"description\" content=\"Assurez-vous que votre cocotte est pr\u00eate pour le four. Conseils experts avec Pradel France pour identifier les cocottes adapt\u00e9es et \u00e9viter les erreurs de cuisson.\" \/>\n<meta name=\"robots\" content=\"index, follow, max-snippet:-1, max-image-preview:large, max-video-preview:-1\" \/>\n<link rel=\"canonical\" href=\"https:\/\/www.pradel-france.com\/blog\/comment-savoir-si-ma-cocotte-va-au-four\/\" \/>\n<meta property=\"og:locale\" content=\"fr_FR\" \/>\n<meta property=\"og:type\" content=\"article\" \/>\n<meta property=\"og:title\" content=\"Savoir si ma cocotte est compatible avec le four | Astuces\" \/>\n<meta property=\"og:description\" content=\"Assurez-vous que votre cocotte est pr\u00eate pour le four. Conseils experts avec Pradel France pour identifier les cocottes adapt\u00e9es et \u00e9viter les erreurs de cuisson.\" \/>\n<meta property=\"og:url\" content=\"https:\/\/www.pradel-france.com\/blog\/comment-savoir-si-ma-cocotte-va-au-four\/\" \/>\n<meta property=\"og:site_name\" content=\"Pradel France\" \/>\n<meta property=\"article:publisher\" content=\"https:\/\/www.facebook.com\/pradelfr\/\" \/>\n<meta property=\"article:published_time\" content=\"2023-12-11T09:21:54+00:00\" \/>\n<meta property=\"article:modified_time\" content=\"2023-12-11T09:21:55+00:00\" \/>\n<meta property=\"og:image\" content=\"https:\/\/www.pradel-france.com\/blog\/wp-content\/uploads\/2023\/12\/comment-savoir-si-ma-cocotte-va-au-four.jpg\" \/>\n\t<meta property=\"og:image:width\" content=\"900\" \/>\n\t<meta property=\"og:image:height\" content=\"600\" \/>\n\t<meta property=\"og:image:type\" content=\"image\/jpeg\" \/>\n<meta name=\"author\" content=\"pranblog\" \/>\n<meta name=\"twitter:card\" content=\"summary_large_image\" \/>\n<meta name=\"twitter:label1\" content=\"\u00c9crit par\" \/>\n\t<meta name=\"twitter:data1\" content=\"pranblog\" \/>\n<script type=\"application\/ld+json\" class=\"yoast-schema-graph\">{\"@context\":\"https:\/\/schema.org\",\"@graph\":[{\"@type\":\"Article\",\"@id\":\"https:\/\/www.pradel-france.com\/blog\/comment-savoir-si-ma-cocotte-va-au-four\/#article\",\"isPartOf\":{\"@id\":\"https:\/\/www.pradel-france.com\/blog\/comment-savoir-si-ma-cocotte-va-au-four\/\"},\"author\":{\"name\":\"pranblog\",\"@id\":\"https:\/\/www.pradel-france.com\/blog\/#\/schema\/person\/544b7ac9710af9ff69288171ac4deeb1\"},\"headline\":\"Comment savoir si ma cocotte va au four ?\",\"datePublished\":\"2023-12-11T09:21:54+00:00\",\"dateModified\":\"2023-12-11T09:21:55+00:00\",\"mainEntityOfPage\":{\"@id\":\"https:\/\/www.pradel-france.com\/blog\/comment-savoir-si-ma-cocotte-va-au-four\/\"},\"wordCount\":8,\"publisher\":{\"@id\":\"https:\/\/www.pradel-france.com\/blog\/#organization\"},\"image\":{\"@id\":\"https:\/\/www.pradel-france.com\/blog\/comment-savoir-si-ma-cocotte-va-au-four\/#primaryimage\"},\"thumbnailUrl\":\"https:\/\/www.pradel-france.com\/blog\/wp-content\/uploads\/2023\/12\/comment-savoir-si-ma-cocotte-va-au-four.jpg\",\"articleSection\":[\"Conseils Pradel Fance\",\"La cuisson\"],\"inLanguage\":\"fr-FR\"},{\"@type\":\"WebPage\",\"@id\":\"https:\/\/www.pradel-france.com\/blog\/comment-savoir-si-ma-cocotte-va-au-four\/\",\"url\":\"https:\/\/www.pradel-france.com\/blog\/comment-savoir-si-ma-cocotte-va-au-four\/\",\"name\":\"Savoir si ma cocotte est compatible avec le four | Astuces\",\"isPartOf\":{\"@id\":\"https:\/\/www.pradel-france.com\/blog\/#website\"},\"primaryImageOfPage\":{\"@id\":\"https:\/\/www.pradel-france.com\/blog\/comment-savoir-si-ma-cocotte-va-au-four\/#primaryimage\"},\"image\":{\"@id\":\"https:\/\/www.pradel-france.com\/blog\/comment-savoir-si-ma-cocotte-va-au-four\/#primaryimage\"},\"thumbnailUrl\":\"https:\/\/www.pradel-france.com\/blog\/wp-content\/uploads\/2023\/12\/comment-savoir-si-ma-cocotte-va-au-four.jpg\",\"datePublished\":\"2023-12-11T09:21:54+00:00\",\"dateModified\":\"2023-12-11T09:21:55+00:00\",\"description\":\"Assurez-vous que votre cocotte est pr\u00eate pour le four. Conseils experts avec Pradel France pour identifier les cocottes adapt\u00e9es et \u00e9viter les erreurs de cuisson.\",\"breadcrumb\":{\"@id\":\"https:\/\/www.pradel-france.com\/blog\/comment-savoir-si-ma-cocotte-va-au-four\/#breadcrumb\"},\"inLanguage\":\"fr-FR\",\"potentialAction\":[{\"@type\":\"ReadAction\",\"target\":[\"https:\/\/www.pradel-france.com\/blog\/comment-savoir-si-ma-cocotte-va-au-four\/\"]}]},{\"@type\":\"ImageObject\",\"inLanguage\":\"fr-FR\",\"@id\":\"https:\/\/www.pradel-france.com\/blog\/comment-savoir-si-ma-cocotte-va-au-four\/#primaryimage\",\"url\":\"https:\/\/www.pradel-france.com\/blog\/wp-content\/uploads\/2023\/12\/comment-savoir-si-ma-cocotte-va-au-four.jpg\",\"contentUrl\":\"https:\/\/www.pradel-france.com\/blog\/wp-content\/uploads\/2023\/12\/comment-savoir-si-ma-cocotte-va-au-four.jpg\",\"width\":900,\"height\":600,\"caption\":\"comment savoir si ma cocotte va au four\"},{\"@type\":\"BreadcrumbList\",\"@id\":\"https:\/\/www.pradel-france.com\/blog\/comment-savoir-si-ma-cocotte-va-au-four\/#breadcrumb\",\"itemListElement\":[{\"@type\":\"ListItem\",\"position\":1,\"name\":\"Accueil\",\"item\":\"https:\/\/www.pradel-france.com\/blog\/\"},{\"@type\":\"ListItem\",\"position\":2,\"name\":\"Conseils Pradel Fance\",\"item\":\"https:\/\/www.pradel-france.com\/blog\/category\/conseils\/\"},{\"@type\":\"ListItem\",\"position\":3,\"name\":\"La cuisson\",\"item\":\"https:\/\/www.pradel-france.com\/blog\/category\/conseils\/la-cuisson\/\"},{\"@type\":\"ListItem\",\"position\":4,\"name\":\"Comment savoir si ma cocotte va au four ?\"}]},{\"@type\":\"WebSite\",\"@id\":\"https:\/\/www.pradel-france.com\/blog\/#website\",\"url\":\"https:\/\/www.pradel-france.com\/blog\/\",\"name\":\"Pradel France Blog\",\"description\":\"Les recettes et conseils Pradel France\",\"publisher\":{\"@id\":\"https:\/\/www.pradel-france.com\/blog\/#organization\"},\"alternateName\":\"Pradel blog\",\"potentialAction\":[{\"@type\":\"SearchAction\",\"target\":{\"@type\":\"EntryPoint\",\"urlTemplate\":\"https:\/\/www.pradel-france.com\/blog\/?s={search_term_string}\"},\"query-input\":{\"@type\":\"PropertyValueSpecification\",\"valueRequired\":true,\"valueName\":\"search_term_string\"}}],\"inLanguage\":\"fr-FR\"},{\"@type\":\"Organization\",\"@id\":\"https:\/\/www.pradel-france.com\/blog\/#organization\",\"name\":\"Pradel France Blog\",\"alternateName\":\"Pradel blog\",\"url\":\"https:\/\/www.pradel-france.com\/blog\/\",\"logo\":{\"@type\":\"ImageObject\",\"inLanguage\":\"fr-FR\",\"@id\":\"https:\/\/www.pradel-france.com\/blog\/#\/schema\/logo\/image\/\",\"url\":\"https:\/\/www.pradel-france.com\/blog\/wp-content\/uploads\/2023\/04\/pradel-200x200-1.jpg\",\"contentUrl\":\"https:\/\/www.pradel-france.com\/blog\/wp-content\/uploads\/2023\/04\/pradel-200x200-1.jpg\",\"width\":200,\"height\":200,\"caption\":\"Pradel France Blog\"},\"image\":{\"@id\":\"https:\/\/www.pradel-france.com\/blog\/#\/schema\/logo\/image\/\"},\"sameAs\":[\"https:\/\/www.facebook.com\/pradelfr\/\",\"https:\/\/www.instagram.com\/pradel_france\/\",\"https:\/\/www.youtube.com\/@Pradel-France-Homestyle\",\"https:\/\/www.linkedin.com\/company\/pradel-france-homestyle\/\",\"https:\/\/fr.pinterest.com\/pradelfrancehomestyle\/\"]},{\"@type\":\"Person\",\"@id\":\"https:\/\/www.pradel-france.com\/blog\/#\/schema\/person\/544b7ac9710af9ff69288171ac4deeb1\",\"name\":\"pranblog\",\"image\":{\"@type\":\"ImageObject\",\"inLanguage\":\"fr-FR\",\"@id\":\"https:\/\/www.pradel-france.com\/blog\/#\/schema\/person\/image\/\",\"url\":\"https:\/\/secure.gravatar.com\/avatar\/b9f4ad324c09b427710fb5cea05f4c625774b7a4295393a50dce733009db3350?s=96&d=mm&r=g\",\"contentUrl\":\"https:\/\/secure.gravatar.com\/avatar\/b9f4ad324c09b427710fb5cea05f4c625774b7a4295393a50dce733009db3350?s=96&d=mm&r=g\",\"caption\":\"pranblog\"},\"sameAs\":[\"http:\/\/www.pradel-france.com\/blog\"]}]}<\/script>\n<!-- \/ Yoast SEO plugin. -->","yoast_head_json":{"title":"Savoir si ma cocotte est compatible avec le four | Astuces","description":"Assurez-vous que votre cocotte est pr\u00eate pour le four. Conseils experts avec Pradel France pour identifier les cocottes adapt\u00e9es et \u00e9viter les erreurs de cuisson.","robots":{"index":"index","follow":"follow","max-snippet":"max-snippet:-1","max-image-preview":"max-image-preview:large","max-video-preview":"max-video-preview:-1"},"canonical":"https:\/\/www.pradel-france.com\/blog\/comment-savoir-si-ma-cocotte-va-au-four\/","og_locale":"fr_FR","og_type":"article","og_title":"Savoir si ma cocotte est compatible avec le four | Astuces","og_description":"Assurez-vous que votre cocotte est pr\u00eate pour le four. Conseils experts avec Pradel France pour identifier les cocottes adapt\u00e9es et \u00e9viter les erreurs de cuisson.","og_url":"https:\/\/www.pradel-france.com\/blog\/comment-savoir-si-ma-cocotte-va-au-four\/","og_site_name":"Pradel France","article_publisher":"https:\/\/www.facebook.com\/pradelfr\/","article_published_time":"2023-12-11T09:21:54+00:00","article_modified_time":"2023-12-11T09:21:55+00:00","og_image":[{"width":900,"height":600,"url":"https:\/\/www.pradel-france.com\/blog\/wp-content\/uploads\/2023\/12\/comment-savoir-si-ma-cocotte-va-au-four.jpg","type":"image\/jpeg"}],"author":"pranblog","twitter_card":"summary_large_image","twitter_misc":{"\u00c9crit par":"pranblog"},"schema":{"@context":"https:\/\/schema.org","@graph":[{"@type":"Article","@id":"https:\/\/www.pradel-france.com\/blog\/comment-savoir-si-ma-cocotte-va-au-four\/#article","isPartOf":{"@id":"https:\/\/www.pradel-france.com\/blog\/comment-savoir-si-ma-cocotte-va-au-four\/"},"author":{"name":"pranblog","@id":"https:\/\/www.pradel-france.com\/blog\/#\/schema\/person\/544b7ac9710af9ff69288171ac4deeb1"},"headline":"Comment savoir si ma cocotte va au four ?","datePublished":"2023-12-11T09:21:54+00:00","dateModified":"2023-12-11T09:21:55+00:00","mainEntityOfPage":{"@id":"https:\/\/www.pradel-france.com\/blog\/comment-savoir-si-ma-cocotte-va-au-four\/"},"wordCount":8,"publisher":{"@id":"https:\/\/www.pradel-france.com\/blog\/#organization"},"image":{"@id":"https:\/\/www.pradel-france.com\/blog\/comment-savoir-si-ma-cocotte-va-au-four\/#primaryimage"},"thumbnailUrl":"https:\/\/www.pradel-france.com\/blog\/wp-content\/uploads\/2023\/12\/comment-savoir-si-ma-cocotte-va-au-four.jpg","articleSection":["Conseils Pradel Fance","La cuisson"],"inLanguage":"fr-FR"},{"@type":"WebPage","@id":"https:\/\/www.pradel-france.com\/blog\/comment-savoir-si-ma-cocotte-va-au-four\/","url":"https:\/\/www.pradel-france.com\/blog\/comment-savoir-si-ma-cocotte-va-au-four\/","name":"Savoir si ma cocotte est compatible avec le four | Astuces","isPartOf":{"@id":"https:\/\/www.pradel-france.com\/blog\/#website"},"primaryImageOfPage":{"@id":"https:\/\/www.pradel-france.com\/blog\/comment-savoir-si-ma-cocotte-va-au-four\/#primaryimage"},"image":{"@id":"https:\/\/www.pradel-france.com\/blog\/comment-savoir-si-ma-cocotte-va-au-four\/#primaryimage"},"thumbnailUrl":"https:\/\/www.pradel-france.com\/blog\/wp-content\/uploads\/2023\/12\/comment-savoir-si-ma-cocotte-va-au-four.jpg","datePublished":"2023-12-11T09:21:54+00:00","dateModified":"2023-12-11T09:21:55+00:00","description":"Assurez-vous que votre cocotte est pr\u00eate pour le four. Conseils experts avec Pradel France pour identifier les cocottes adapt\u00e9es et \u00e9viter les erreurs de cuisson.","breadcrumb":{"@id":"https:\/\/www.pradel-france.com\/blog\/comment-savoir-si-ma-cocotte-va-au-four\/#breadcrumb"},"inLanguage":"fr-FR","potentialAction":[{"@type":"ReadAction","target":["https:\/\/www.pradel-france.com\/blog\/comment-savoir-si-ma-cocotte-va-au-four\/"]}]},{"@type":"ImageObject","inLanguage":"fr-FR","@id":"https:\/\/www.pradel-france.com\/blog\/comment-savoir-si-ma-cocotte-va-au-four\/#primaryimage","url":"https:\/\/www.pradel-france.com\/blog\/wp-content\/uploads\/2023\/12\/comment-savoir-si-ma-cocotte-va-au-four.jpg","contentUrl":"https:\/\/www.pradel-france.com\/blog\/wp-content\/uploads\/2023\/12\/comment-savoir-si-ma-cocotte-va-au-four.jpg","width":900,"height":600,"caption":"comment savoir si ma cocotte va au four"},{"@type":"BreadcrumbList","@id":"https:\/\/www.pradel-france.com\/blog\/comment-savoir-si-ma-cocotte-va-au-four\/#breadcrumb","itemListElement":[{"@type":"ListItem","position":1,"name":"Accueil","item":"https:\/\/www.pradel-france.com\/blog\/"},{"@type":"ListItem","position":2,"name":"Conseils Pradel Fance","item":"https:\/\/www.pradel-france.com\/blog\/category\/conseils\/"},{"@type":"ListItem","position":3,"name":"La cuisson","item":"https:\/\/www.pradel-france.com\/blog\/category\/conseils\/la-cuisson\/"},{"@type":"ListItem","position":4,"name":"Comment savoir si ma cocotte va au four ?"}]},{"@type":"WebSite","@id":"https:\/\/www.pradel-france.com\/blog\/#website","url":"https:\/\/www.pradel-france.com\/blog\/","name":"Pradel France Blog","description":"Les recettes et conseils Pradel France","publisher":{"@id":"https:\/\/www.pradel-france.com\/blog\/#organization"},"alternateName":"Pradel blog","potentialAction":[{"@type":"SearchAction","target":{"@type":"EntryPoint","urlTemplate":"https:\/\/www.pradel-france.com\/blog\/?s={search_term_string}"},"query-input":{"@type":"PropertyValueSpecification","valueRequired":true,"valueName":"search_term_string"}}],"inLanguage":"fr-FR"},{"@type":"Organization","@id":"https:\/\/www.pradel-france.com\/blog\/#organization","name":"Pradel France Blog","alternateName":"Pradel blog","url":"https:\/\/www.pradel-france.com\/blog\/","logo":{"@type":"ImageObject","inLanguage":"fr-FR","@id":"https:\/\/www.pradel-france.com\/blog\/#\/schema\/logo\/image\/","url":"https:\/\/www.pradel-france.com\/blog\/wp-content\/uploads\/2023\/04\/pradel-200x200-1.jpg","contentUrl":"https:\/\/www.pradel-france.com\/blog\/wp-content\/uploads\/2023\/04\/pradel-200x200-1.jpg","width":200,"height":200,"caption":"Pradel France Blog"},"image":{"@id":"https:\/\/www.pradel-france.com\/blog\/#\/schema\/logo\/image\/"},"sameAs":["https:\/\/www.facebook.com\/pradelfr\/","https:\/\/www.instagram.com\/pradel_france\/","https:\/\/www.youtube.com\/@Pradel-France-Homestyle","https:\/\/www.linkedin.com\/company\/pradel-france-homestyle\/","https:\/\/fr.pinterest.com\/pradelfrancehomestyle\/"]},{"@type":"Person","@id":"https:\/\/www.pradel-france.com\/blog\/#\/schema\/person\/544b7ac9710af9ff69288171ac4deeb1","name":"pranblog","image":{"@type":"ImageObject","inLanguage":"fr-FR","@id":"https:\/\/www.pradel-france.com\/blog\/#\/schema\/person\/image\/","url":"https:\/\/secure.gravatar.com\/avatar\/b9f4ad324c09b427710fb5cea05f4c625774b7a4295393a50dce733009db3350?s=96&d=mm&r=g","contentUrl":"https:\/\/secure.gravatar.com\/avatar\/b9f4ad324c09b427710fb5cea05f4c625774b7a4295393a50dce733009db3350?s=96&d=mm&r=g","caption":"pranblog"},"sameAs":["http:\/\/www.pradel-france.com\/blog"]}]}},"thumb":"https:\/\/www.pradel-france.com\/blog\/wp-content\/uploads\/2023\/12\/comment-savoir-si-ma-cocotte-va-au-four-350x250.jpg","category":"Conseils Pradel Fance","description":"Id\u00e9ale pour des cuissons bien sp\u00e9cifiques comme pour mijoter ou braiser, la cocotte est un ustensile de cuisson qu\u2019il faut\u2026","_links":{"self":[{"href":"https:\/\/www.pradel-france.com\/blog\/wp-json\/wp\/v2\/posts\/1763","targetHints":{"allow":["GET"]}}],"collection":[{"href":"https:\/\/www.pradel-france.com\/blog\/wp-json\/wp\/v2\/posts"}],"about":[{"href":"https:\/\/www.pradel-france.com\/blog\/wp-json\/wp\/v2\/types\/post"}],"author":[{"embeddable":true,"href":"https:\/\/www.pradel-france.com\/blog\/wp-json\/wp\/v2\/users\/1"}],"replies":[{"embeddable":true,"href":"https:\/\/www.pradel-france.com\/blog\/wp-json\/wp\/v2\/comments?post=1763"}],"version-history":[{"count":4,"href":"https:\/\/www.pradel-france.com\/blog\/wp-json\/wp\/v2\/posts\/1763\/revisions"}],"predecessor-version":[{"id":1778,"href":"https:\/\/www.pradel-france.com\/blog\/wp-json\/wp\/v2\/posts\/1763\/revisions\/1778"}],"wp:featuredmedia":[{"embeddable":true,"href":"https:\/\/www.pradel-france.com\/blog\/wp-json\/wp\/v2\/media\/1768"}],"wp:attachment":[{"href":"https:\/\/www.pradel-france.com\/blog\/wp-json\/wp\/v2\/media?parent=1763"}],"wp:term":[{"taxonomy":"category","embeddable":true,"href":"https:\/\/www.pradel-france.com\/blog\/wp-json\/wp\/v2\/categories?post=1763"},{"taxonomy":"post_tag","embeddable":true,"href":"https:\/\/www.pradel-france.com\/blog\/wp-json\/wp\/v2\/tags?post=1763"}],"curies":[{"name":"wp","href":"https:\/\/api.w.org\/{rel}","templated":true}]}}