{"id":2069,"date":"2024-07-23T10:05:00","date_gmt":"2024-07-23T08:05:00","guid":{"rendered":"https:\/\/www.pradel-france.com\/blog\/?p=2069"},"modified":"2024-07-23T10:18:39","modified_gmt":"2024-07-23T08:18:39","slug":"mode-cuisson-economique","status":"publish","type":"post","link":"https:\/\/www.pradel-france.com\/blog\/mode-cuisson-economique\/","title":{"rendered":"Quel est le mode de cuisson le plus \u00e9conomique ?"},"content":{"rendered":"\n\n    <div class=\"full-width bgcolor noprint\">\n      <section class=\"block-duo alt   boxed \">\n        <div class=\"container\">\n          <div class=\"row\">\n                          <div class=\"col-12 col-lg-4 col-img px-0 pl-lg-0 pr-lg-2\">\n                <div class=\"picture-wrapper h-100 w-100\">\n                  <div class=\"pic bcover h-100 w-100\" style=\"background-image:url(https:\/\/www.pradel-france.com\/blog\/wp-content\/uploads\/2024\/04\/mode-de-cuisson.jpg);min-height:450px;\"><\/div>\n                <\/div>\n              <\/div>\n                        <div class=\"col-12 col-lg-8 col-content d-flex my-auto px-0 pr-lg-4\" style=\"order:-1;\">\n              <div class=\"d-flex flex-column inner-content\">\n                                                  <div class=\"content nerf-last-p\">\n                    <p><span style=\"font-weight: 400;\">Tous les modes de cuisson ont leurs avantages et leurs inconv\u00e9nients. Parmi les caract\u00e9ristiques importantes de ces modes de cuisson, le c\u00f4t\u00e9 \u00e9conomie peut jouer un gros r\u00f4le dans votre choix.<\/span><\/p>\n<p><span style=\"font-weight: 400;\">\u00c0 travers cet article, nous vous r\u00e9v\u00e9lons quel est le <\/span><b>mode de cuisson \u00e9conomique<\/b><span style=\"font-weight: 400;\"> le plus int\u00e9ressant pour vous, avec son <\/span><a href=\"https:\/\/www.pradel-france.com\/226-materiel-de-cuisson\"><span style=\"font-weight: 400;\">mat\u00e9riel de cuisson<\/span><\/a><span style=\"font-weight: 400;\"> associ\u00e9.<\/span><\/p>\n                  <\/div>\n                                                  <div>\n                    <a class=\"btn btn-primary\" href=\"https:\/\/www.pradel-france.com\/226-materiel-de-cuisson\" title=\"D\u00e9couvrez notre mat\u00e9riel de cuisson !\" target='_blank'>D\u00e9couvrez notre mat\u00e9riel de cuisson !<\/a>\n                  <\/div>\n                              <\/div>\n            <\/div>\n          <\/div>\n        <\/div>\n      <\/section>\n    <\/div>\n\n\n\n\n\n    <div class=\"full-width bgcolor noprint\">\n      <section class=\"block-duo   boxed \">\n        <div class=\"container\">\n          <div class=\"row\">\n                          <div class=\"col-12 col-lg-4 col-img px-0 pl-lg-0 pr-lg-2\">\n                <div class=\"picture-wrapper h-100 w-100\">\n                  <div class=\"pic bcover h-100 w-100\" style=\"background-image:url(https:\/\/www.pradel-france.com\/blog\/wp-content\/uploads\/2024\/04\/plaque-de-cuisson-economique-709x1024.jpg);min-height:450px;\"><\/div>\n                <\/div>\n              <\/div>\n                        <div class=\"col-12 col-lg-8 col-content d-flex my-auto px-0 pl-lg-4\">\n              <div class=\"d-flex flex-column inner-content\">\n                          <h2 class=\"c-title-l\">Quels sont les diff\u00e9rents modes de cuisson ?<\/h2>\n                                      <div class=\"content nerf-last-p\">\n                    <p><span style=\"font-weight: 400;\">Il existe une vari\u00e9t\u00e9 de <\/span><b>modes de cuisson<\/b><span style=\"font-weight: 400;\"> possibles quand il s\u2019agit de se mettre aux fourneaux. Chacun d\u2019entre eux poss\u00e8de ses propres avantages, ou inconv\u00e9nients, en termes d&rsquo;efficacit\u00e9 \u00e9nerg\u00e9tique et de co\u00fbt.<\/span><\/p>\n<p><span style=\"font-weight: 400;\">La plus ancienne des <\/span><b>modes de cuisson<\/b><span style=\"font-weight: 400;\"> encore disponible aujourd\u2019hui, la cuisson au gaz est populaire pour sa rapidit\u00e9 et sa pr\u00e9cision, mais elle peut \u00eatre moins \u00e9conomique \u00e0 long terme en raison de la consommation de gaz.<\/span><\/p>\n<p><span style=\"font-weight: 400;\">Les plaques \u00e9lectriques, quant \u00e0 elles, sont souvent moins ch\u00e8res \u00e0 l&rsquo;achat et plus faciles \u00e0 entretenir, mais peut \u00eatre plus co\u00fbteuse \u00e0 utiliser en raison de leur forte consommation d&rsquo;\u00e9lectricit\u00e9.<\/span><\/p>\n<p><span style=\"font-weight: 400;\">Les plaques \u00e0 induction sont de plus en plus appr\u00e9ci\u00e9es pour leur efficacit\u00e9 \u00e9nerg\u00e9tique, leur rapidit\u00e9 et leur contr\u00f4le pr\u00e9cis de la temp\u00e9rature. <\/span><b>Cuisson rapide<\/b><span style=\"font-weight: 400;\"> et faible consommation d\u2019\u00e9nergie repr\u00e9sentent les <\/span><b>avantages des plaques \u00e0 induction<\/b><span style=\"font-weight: 400;\">.<\/span><\/p>\n                  <\/div>\n                                              <\/div>\n            <\/div>\n          <\/div>\n        <\/div>\n      <\/section>\n    <\/div>\n\n\n\n\n\n    <div class=\"full-width bgcolor noprint\">\n      <section class=\"block-duo alt   boxed \">\n        <div class=\"container\">\n          <div class=\"row\">\n                          <div class=\"col-12 col-lg-4 col-img px-0 pl-lg-0 pr-lg-2\">\n                <div class=\"picture-wrapper h-100 w-100\">\n                  <div class=\"pic bcover h-100 w-100\" style=\"background-image:url(https:\/\/www.pradel-france.com\/blog\/wp-content\/uploads\/2024\/04\/cuisine-economique-709x1024.jpg);min-height:450px;\"><\/div>\n                <\/div>\n              <\/div>\n                        <div class=\"col-12 col-lg-8 col-content d-flex my-auto px-0 pr-lg-4\" style=\"order:-1;\">\n              <div class=\"d-flex flex-column inner-content\">\n                          <h2 class=\"c-title-l\">Comment optimiser la cuisson pour consommer moins ?<\/h2>\n                                      <div class=\"content nerf-last-p\">\n                    <p><span style=\"font-weight: 400;\">Pour optimiser la cuisson et avoir un mode de <\/span><b>cuisine \u00e9conomique<\/b><span style=\"font-weight: 400;\">, il est important d&rsquo;utiliser vos appareils de mani\u00e8re efficace.<\/span><\/p>\n<p><span style=\"font-weight: 400;\">Vous pouvez choisir des casseroles et des po\u00eales adapt\u00e9es \u00e0 votre <\/span><b>type de cuisson<\/b><span style=\"font-weight: 400;\"> pour une meilleure conductivit\u00e9 thermique et un temps de cuisson r\u00e9duit. Une autre astuce qui fonctionne tr\u00e8s bien est d&rsquo;utiliser des couvercles sur les casseroles pour emprisonner la chaleur et acc\u00e9l\u00e9rer la cuisson.<\/span><\/p>\n<p><span style=\"font-weight: 400;\">Au niveau de votre four, pr\u00e9chauffez-le uniquement lorsque cela est n\u00e9cessaire et \u00e9teignez-le quelques minutes avant la fin du temps de cuisson pour profiter de la chaleur r\u00e9siduelle. Ces petites astuces peuvent faire une diff\u00e9rence sur votre facture d&rsquo;\u00e9nergie<\/span><\/p>\n                  <\/div>\n                                              <\/div>\n            <\/div>\n          <\/div>\n        <\/div>\n      <\/section>\n    <\/div>\n\n\n\n\n\n    <div class=\"full-width bgcolor noprint\">\n      <section class=\"block-duo   boxed \">\n        <div class=\"container\">\n          <div class=\"row\">\n                          <div class=\"col-12 col-lg-4 col-img px-0 pl-lg-0 pr-lg-2\">\n                <div class=\"picture-wrapper h-100 w-100\">\n                  <div class=\"pic bcover h-100 w-100\" style=\"background-image:url(https:\/\/www.pradel-france.com\/blog\/wp-content\/uploads\/2024\/04\/plaque-vitroceramique-ou-induction-709x1024.jpg);min-height:450px;\"><\/div>\n                <\/div>\n              <\/div>\n                        <div class=\"col-12 col-lg-8 col-content d-flex my-auto px-0 pl-lg-4\">\n              <div class=\"d-flex flex-column inner-content\">\n                          <h2 class=\"c-title-l\">Quelle est la diff\u00e9rence entre des plaques vitroc\u00e9ramique et des plaques \u00e0 induction ?<\/h2>\n                                      <div class=\"content nerf-last-p\">\n                    <p><span style=\"font-weight: 400;\">La principale <\/span><b>diff\u00e9rence entre les plaques vitroc\u00e9ramique et les plaques \u00e0 induction<\/b><span style=\"font-weight: 400;\"> r\u00e9side dans la mani\u00e8re dont elles g\u00e9n\u00e8rent de la chaleur.<\/span><\/p>\n<p><span style=\"font-weight: 400;\">Les plaques vitroc\u00e9ramique utilisent des r\u00e9sistances \u00e9lectriques pour chauffer la surface en verre, ce qui peut \u00eatre moins efficace et plus lent que les plaques \u00e0 induction. Cependant, elles ont l&rsquo;avantage de chauffer tous les types de mat\u00e9riels de cuisson, peu importe leur mat\u00e9riau.<\/span><\/p>\n<p><span style=\"font-weight: 400;\">Les plaques \u00e0 induction, quant \u00e0 elles, utilisent un champ magn\u00e9tique pour chauffer directement le fond du mat\u00e9riel de cuisson. Ainsi, l<\/span><b>\u2019\u00e9nergie arrive rapidement dans la po\u00eale pour une cuisson<\/b><span style=\"font-weight: 400;\"> plus rapide, plus pr\u00e9cise et surtout plus \u00e9conome en \u00e9nergie. De plus, les plaques \u00e0 induction offrent une s\u00e9curit\u00e9 accrue car elles ne chauffent que lorsqu&rsquo;elles sont en contact avec un ustensile magn\u00e9tique. Le seul d\u00e9savantage des plaques \u00e0 induction est qu\u2019il faut un ustensile de cuisine compatible, magn\u00e9tique.<\/span><\/p>\n                  <\/div>\n                                              <\/div>\n            <\/div>\n          <\/div>\n        <\/div>\n      <\/section>\n    <\/div>\n\n\n\n\n\n    <div class=\"full-width bgcolor noprint\">\n      <section class=\"block-duo alt   boxed \">\n        <div class=\"container\">\n          <div class=\"row\">\n                          <div class=\"col-12 col-lg-4 col-img px-0 pl-lg-0 pr-lg-2\">\n                <div class=\"picture-wrapper h-100 w-100\">\n                  <div class=\"pic bcover h-100 w-100\" style=\"background-image:url(https:\/\/www.pradel-france.com\/blog\/wp-content\/uploads\/2024\/04\/mode-cuisson-economique-709x1024.jpg);min-height:450px;\"><\/div>\n                <\/div>\n              <\/div>\n                        <div class=\"col-12 col-lg-8 col-content d-flex my-auto px-0 pr-lg-4\" style=\"order:-1;\">\n              <div class=\"d-flex flex-column inner-content\">\n                          <h2 class=\"c-title-l\">Quel est le meilleur mode de cuisson \u00e0 long terme<\/h2>\n                                      <div class=\"content nerf-last-p\">\n                    <p><span style=\"font-weight: 400;\">Sur le long terme, faut-il choisir des <\/span><b>plaques vitroc\u00e9ramique ou induction<\/b><span style=\"font-weight: 400;\"> ? Si vous cherchez des <\/span><b>plaques de cuisson \u00e9conomiques<\/b><span style=\"font-weight: 400;\">, les plaques \u00e0 induction sont consid\u00e9r\u00e9es comme le meilleur <\/span><b>mode de cuisson<\/b><span style=\"font-weight: 400;\">.<\/span><\/p>\n<p><span style=\"font-weight: 400;\">Gr\u00e2ce \u00e0 leur efficacit\u00e9 \u00e9nerg\u00e9tique, leur rapidit\u00e9 de chauffe et leur contr\u00f4le pr\u00e9cis de la temp\u00e9rature, elles permettent de r\u00e9duire significativement la consommation d&rsquo;\u00e9lectricit\u00e9 et donc les d\u00e9penses li\u00e9es \u00e0 la cuisine. De plus, leur s\u00e9curit\u00e9 et leur facilit\u00e9 d&rsquo;entretien en font un choix pratique et \u00e9conomique \u00e0 long terme pour votre cuisine.<\/span><\/p>\n                  <\/div>\n                                              <\/div>\n            <\/div>\n          <\/div>\n        <\/div>\n      <\/section>\n    <\/div>\n\n\n\n\n\n    <div class=\"full-width bgcolor noprint\">\n      <section class=\"block-duo   boxed \">\n        <div class=\"container\">\n          <div class=\"row\">\n                          <div class=\"col-12 col-lg-4 col-img px-0 pl-lg-0 pr-lg-2\">\n                <div class=\"picture-wrapper h-100 w-100\">\n                  <div class=\"pic bcover h-100 w-100\" style=\"background-image:url(https:\/\/www.pradel-france.com\/blog\/wp-content\/uploads\/2024\/04\/difference-entre-plaque-vitroceramique-et-induction-709x1024.jpg);min-height:450px;\"><\/div>\n                <\/div>\n              <\/div>\n                        <div class=\"col-12 col-lg-8 col-content d-flex my-auto px-0 pl-lg-4\">\n              <div class=\"d-flex flex-column inner-content\">\n                          <h2 class=\"c-title-l\">Nos conseils pour \u00e9conomiser sur les factures d&rsquo;\u00e9nergie<\/h2>\n                                      <div class=\"content nerf-last-p\">\n                    <p><span style=\"font-weight: 400;\">En plus de choisir le bon <\/span><b>mode de cuisson<\/b><span style=\"font-weight: 400;\">, il existe d\u2019autres moyens de r\u00e9duire les d\u00e9penses \u00e9nerg\u00e9tiques li\u00e9es \u00e0 la cuisine.<\/span><\/p>\n<p><span style=\"font-weight: 400;\">Pour une<\/span><b> cuisson plus rapide<\/b><span style=\"font-weight: 400;\">, utilisez des couvercles sur les casseroles et les po\u00eales pour emprisonner la chaleur et r\u00e9duire le temps de cuisson.<\/span><\/p>\n<p><span style=\"font-weight: 400;\">Lorsque vous achetez de nouveaux appareils \u00e9lectrom\u00e9nagers, vous pouvez v\u00e9rifier leur classe \u00e9nerg\u00e9tique et choisir les mod\u00e8les avec la meilleure classification \u00e9nerg\u00e9tique. Ces appareils consomment moins et peuvent durer plus longtemps.<\/span><\/p>\n                  <\/div>\n                                              <\/div>\n            <\/div>\n          <\/div>\n        <\/div>\n      <\/section>\n    <\/div>\n\n","protected":false},"excerpt":{"rendered":"","protected":false},"author":3,"featured_media":2072,"comment_status":"closed","ping_status":"closed","sticky":false,"template":"","format":"standard","meta":{"footnotes":""},"categories":[4,6],"tags":[],"class_list":["post-2069","post","type-post","status-publish","format-standard","has-post-thumbnail","hentry","category-conseils","category-la-cuisson","col-12","col-md-6 col-lg-4"],"acf":[],"yoast_head":"<!-- This site is optimized with the Yoast SEO plugin v26.7 - https:\/\/yoast.com\/wordpress\/plugins\/seo\/ -->\n<title>Quel est le mode de cuisson le plus \u00e9conomique ? | Le guide<\/title>\n<meta name=\"description\" content=\"Parmi tous les modes de cuisson, certains sont bien plus \u00e9conomiques que d&#039;autres. D\u00e9couvrez les \u00e0 travers cet article !\" \/>\n<meta name=\"robots\" content=\"index, follow, max-snippet:-1, max-image-preview:large, max-video-preview:-1\" \/>\n<link rel=\"canonical\" href=\"https:\/\/www.pradel-france.com\/blog\/mode-cuisson-economique\/\" \/>\n<meta property=\"og:locale\" content=\"fr_FR\" \/>\n<meta property=\"og:type\" content=\"article\" \/>\n<meta property=\"og:title\" content=\"Quel est le mode de cuisson le plus \u00e9conomique ? | Le guide\" \/>\n<meta property=\"og:description\" content=\"Parmi tous les modes de cuisson, certains sont bien plus \u00e9conomiques que d&#039;autres. D\u00e9couvrez les \u00e0 travers cet article !\" \/>\n<meta property=\"og:url\" content=\"https:\/\/www.pradel-france.com\/blog\/mode-cuisson-economique\/\" \/>\n<meta property=\"og:site_name\" content=\"Pradel France\" \/>\n<meta property=\"article:publisher\" content=\"https:\/\/www.facebook.com\/pradelfr\/\" \/>\n<meta property=\"article:published_time\" content=\"2024-07-23T08:05:00+00:00\" \/>\n<meta property=\"article:modified_time\" content=\"2024-07-23T08:18:39+00:00\" \/>\n<meta property=\"og:image\" content=\"https:\/\/www.pradel-france.com\/blog\/wp-content\/uploads\/2024\/04\/mode-de-cuisson.jpg\" \/>\n\t<meta property=\"og:image:width\" content=\"900\" \/>\n\t<meta property=\"og:image:height\" content=\"600\" \/>\n\t<meta property=\"og:image:type\" content=\"image\/jpeg\" \/>\n<meta name=\"author\" content=\"Marine Leclercq\" \/>\n<meta name=\"twitter:card\" content=\"summary_large_image\" \/>\n<meta name=\"twitter:label1\" content=\"\u00c9crit par\" \/>\n\t<meta name=\"twitter:data1\" content=\"Marine Leclercq\" \/>\n<script type=\"application\/ld+json\" class=\"yoast-schema-graph\">{\"@context\":\"https:\/\/schema.org\",\"@graph\":[{\"@type\":\"Article\",\"@id\":\"https:\/\/www.pradel-france.com\/blog\/mode-cuisson-economique\/#article\",\"isPartOf\":{\"@id\":\"https:\/\/www.pradel-france.com\/blog\/mode-cuisson-economique\/\"},\"author\":{\"name\":\"Marine Leclercq\",\"@id\":\"https:\/\/www.pradel-france.com\/blog\/#\/schema\/person\/9d4906139d09c23f84665eda0714d04d\"},\"headline\":\"Quel est le mode de cuisson le plus \u00e9conomique ?\",\"datePublished\":\"2024-07-23T08:05:00+00:00\",\"dateModified\":\"2024-07-23T08:18:39+00:00\",\"mainEntityOfPage\":{\"@id\":\"https:\/\/www.pradel-france.com\/blog\/mode-cuisson-economique\/\"},\"wordCount\":9,\"publisher\":{\"@id\":\"https:\/\/www.pradel-france.com\/blog\/#organization\"},\"image\":{\"@id\":\"https:\/\/www.pradel-france.com\/blog\/mode-cuisson-economique\/#primaryimage\"},\"thumbnailUrl\":\"https:\/\/www.pradel-france.com\/blog\/wp-content\/uploads\/2024\/04\/mode-de-cuisson.jpg\",\"articleSection\":[\"Conseils Pradel Fance\",\"La cuisson\"],\"inLanguage\":\"fr-FR\"},{\"@type\":\"WebPage\",\"@id\":\"https:\/\/www.pradel-france.com\/blog\/mode-cuisson-economique\/\",\"url\":\"https:\/\/www.pradel-france.com\/blog\/mode-cuisson-economique\/\",\"name\":\"Quel est le mode de cuisson le plus \u00e9conomique ? | Le guide\",\"isPartOf\":{\"@id\":\"https:\/\/www.pradel-france.com\/blog\/#website\"},\"primaryImageOfPage\":{\"@id\":\"https:\/\/www.pradel-france.com\/blog\/mode-cuisson-economique\/#primaryimage\"},\"image\":{\"@id\":\"https:\/\/www.pradel-france.com\/blog\/mode-cuisson-economique\/#primaryimage\"},\"thumbnailUrl\":\"https:\/\/www.pradel-france.com\/blog\/wp-content\/uploads\/2024\/04\/mode-de-cuisson.jpg\",\"datePublished\":\"2024-07-23T08:05:00+00:00\",\"dateModified\":\"2024-07-23T08:18:39+00:00\",\"description\":\"Parmi tous les modes de cuisson, certains sont bien plus \u00e9conomiques que d'autres. D\u00e9couvrez les \u00e0 travers cet article !\",\"breadcrumb\":{\"@id\":\"https:\/\/www.pradel-france.com\/blog\/mode-cuisson-economique\/#breadcrumb\"},\"inLanguage\":\"fr-FR\",\"potentialAction\":[{\"@type\":\"ReadAction\",\"target\":[\"https:\/\/www.pradel-france.com\/blog\/mode-cuisson-economique\/\"]}]},{\"@type\":\"ImageObject\",\"inLanguage\":\"fr-FR\",\"@id\":\"https:\/\/www.pradel-france.com\/blog\/mode-cuisson-economique\/#primaryimage\",\"url\":\"https:\/\/www.pradel-france.com\/blog\/wp-content\/uploads\/2024\/04\/mode-de-cuisson.jpg\",\"contentUrl\":\"https:\/\/www.pradel-france.com\/blog\/wp-content\/uploads\/2024\/04\/mode-de-cuisson.jpg\",\"width\":900,\"height\":600,\"caption\":\"mode de cuisson\"},{\"@type\":\"BreadcrumbList\",\"@id\":\"https:\/\/www.pradel-france.com\/blog\/mode-cuisson-economique\/#breadcrumb\",\"itemListElement\":[{\"@type\":\"ListItem\",\"position\":1,\"name\":\"Accueil\",\"item\":\"https:\/\/www.pradel-france.com\/blog\/\"},{\"@type\":\"ListItem\",\"position\":2,\"name\":\"Conseils Pradel Fance\",\"item\":\"https:\/\/www.pradel-france.com\/blog\/category\/conseils\/\"},{\"@type\":\"ListItem\",\"position\":3,\"name\":\"Quel est le mode de cuisson le plus \u00e9conomique ?\"}]},{\"@type\":\"WebSite\",\"@id\":\"https:\/\/www.pradel-france.com\/blog\/#website\",\"url\":\"https:\/\/www.pradel-france.com\/blog\/\",\"name\":\"Pradel France Blog\",\"description\":\"Les recettes et conseils Pradel France\",\"publisher\":{\"@id\":\"https:\/\/www.pradel-france.com\/blog\/#organization\"},\"alternateName\":\"Pradel blog\",\"potentialAction\":[{\"@type\":\"SearchAction\",\"target\":{\"@type\":\"EntryPoint\",\"urlTemplate\":\"https:\/\/www.pradel-france.com\/blog\/?s={search_term_string}\"},\"query-input\":{\"@type\":\"PropertyValueSpecification\",\"valueRequired\":true,\"valueName\":\"search_term_string\"}}],\"inLanguage\":\"fr-FR\"},{\"@type\":\"Organization\",\"@id\":\"https:\/\/www.pradel-france.com\/blog\/#organization\",\"name\":\"Pradel France Blog\",\"alternateName\":\"Pradel blog\",\"url\":\"https:\/\/www.pradel-france.com\/blog\/\",\"logo\":{\"@type\":\"ImageObject\",\"inLanguage\":\"fr-FR\",\"@id\":\"https:\/\/www.pradel-france.com\/blog\/#\/schema\/logo\/image\/\",\"url\":\"https:\/\/www.pradel-france.com\/blog\/wp-content\/uploads\/2023\/04\/pradel-200x200-1.jpg\",\"contentUrl\":\"https:\/\/www.pradel-france.com\/blog\/wp-content\/uploads\/2023\/04\/pradel-200x200-1.jpg\",\"width\":200,\"height\":200,\"caption\":\"Pradel France Blog\"},\"image\":{\"@id\":\"https:\/\/www.pradel-france.com\/blog\/#\/schema\/logo\/image\/\"},\"sameAs\":[\"https:\/\/www.facebook.com\/pradelfr\/\",\"https:\/\/www.instagram.com\/pradel_france\/\",\"https:\/\/www.youtube.com\/@Pradel-France-Homestyle\",\"https:\/\/www.linkedin.com\/company\/pradel-france-homestyle\/\",\"https:\/\/fr.pinterest.com\/pradelfrancehomestyle\/\"]},{\"@type\":\"Person\",\"@id\":\"https:\/\/www.pradel-france.com\/blog\/#\/schema\/person\/9d4906139d09c23f84665eda0714d04d\",\"name\":\"Marine Leclercq\",\"image\":{\"@type\":\"ImageObject\",\"inLanguage\":\"fr-FR\",\"@id\":\"https:\/\/www.pradel-france.com\/blog\/#\/schema\/person\/image\/\",\"url\":\"https:\/\/secure.gravatar.com\/avatar\/e9038faff8aa216af1edf85b0e1aca5abe197683108199ee783d6699f3a9d3fc?s=96&d=mm&r=g\",\"contentUrl\":\"https:\/\/secure.gravatar.com\/avatar\/e9038faff8aa216af1edf85b0e1aca5abe197683108199ee783d6699f3a9d3fc?s=96&d=mm&r=g\",\"caption\":\"Marine Leclercq\"}}]}<\/script>\n<!-- \/ Yoast SEO plugin. -->","yoast_head_json":{"title":"Quel est le mode de cuisson le plus \u00e9conomique ? | Le guide","description":"Parmi tous les modes de cuisson, certains sont bien plus \u00e9conomiques que d'autres. D\u00e9couvrez les \u00e0 travers cet article !","robots":{"index":"index","follow":"follow","max-snippet":"max-snippet:-1","max-image-preview":"max-image-preview:large","max-video-preview":"max-video-preview:-1"},"canonical":"https:\/\/www.pradel-france.com\/blog\/mode-cuisson-economique\/","og_locale":"fr_FR","og_type":"article","og_title":"Quel est le mode de cuisson le plus \u00e9conomique ? | Le guide","og_description":"Parmi tous les modes de cuisson, certains sont bien plus \u00e9conomiques que d'autres. D\u00e9couvrez les \u00e0 travers cet article !","og_url":"https:\/\/www.pradel-france.com\/blog\/mode-cuisson-economique\/","og_site_name":"Pradel France","article_publisher":"https:\/\/www.facebook.com\/pradelfr\/","article_published_time":"2024-07-23T08:05:00+00:00","article_modified_time":"2024-07-23T08:18:39+00:00","og_image":[{"width":900,"height":600,"url":"https:\/\/www.pradel-france.com\/blog\/wp-content\/uploads\/2024\/04\/mode-de-cuisson.jpg","type":"image\/jpeg"}],"author":"Marine Leclercq","twitter_card":"summary_large_image","twitter_misc":{"\u00c9crit par":"Marine Leclercq"},"schema":{"@context":"https:\/\/schema.org","@graph":[{"@type":"Article","@id":"https:\/\/www.pradel-france.com\/blog\/mode-cuisson-economique\/#article","isPartOf":{"@id":"https:\/\/www.pradel-france.com\/blog\/mode-cuisson-economique\/"},"author":{"name":"Marine Leclercq","@id":"https:\/\/www.pradel-france.com\/blog\/#\/schema\/person\/9d4906139d09c23f84665eda0714d04d"},"headline":"Quel est le mode de cuisson le plus \u00e9conomique ?","datePublished":"2024-07-23T08:05:00+00:00","dateModified":"2024-07-23T08:18:39+00:00","mainEntityOfPage":{"@id":"https:\/\/www.pradel-france.com\/blog\/mode-cuisson-economique\/"},"wordCount":9,"publisher":{"@id":"https:\/\/www.pradel-france.com\/blog\/#organization"},"image":{"@id":"https:\/\/www.pradel-france.com\/blog\/mode-cuisson-economique\/#primaryimage"},"thumbnailUrl":"https:\/\/www.pradel-france.com\/blog\/wp-content\/uploads\/2024\/04\/mode-de-cuisson.jpg","articleSection":["Conseils Pradel Fance","La cuisson"],"inLanguage":"fr-FR"},{"@type":"WebPage","@id":"https:\/\/www.pradel-france.com\/blog\/mode-cuisson-economique\/","url":"https:\/\/www.pradel-france.com\/blog\/mode-cuisson-economique\/","name":"Quel est le mode de cuisson le plus \u00e9conomique ? | Le guide","isPartOf":{"@id":"https:\/\/www.pradel-france.com\/blog\/#website"},"primaryImageOfPage":{"@id":"https:\/\/www.pradel-france.com\/blog\/mode-cuisson-economique\/#primaryimage"},"image":{"@id":"https:\/\/www.pradel-france.com\/blog\/mode-cuisson-economique\/#primaryimage"},"thumbnailUrl":"https:\/\/www.pradel-france.com\/blog\/wp-content\/uploads\/2024\/04\/mode-de-cuisson.jpg","datePublished":"2024-07-23T08:05:00+00:00","dateModified":"2024-07-23T08:18:39+00:00","description":"Parmi tous les modes de cuisson, certains sont bien plus \u00e9conomiques que d'autres. D\u00e9couvrez les \u00e0 travers cet article !","breadcrumb":{"@id":"https:\/\/www.pradel-france.com\/blog\/mode-cuisson-economique\/#breadcrumb"},"inLanguage":"fr-FR","potentialAction":[{"@type":"ReadAction","target":["https:\/\/www.pradel-france.com\/blog\/mode-cuisson-economique\/"]}]},{"@type":"ImageObject","inLanguage":"fr-FR","@id":"https:\/\/www.pradel-france.com\/blog\/mode-cuisson-economique\/#primaryimage","url":"https:\/\/www.pradel-france.com\/blog\/wp-content\/uploads\/2024\/04\/mode-de-cuisson.jpg","contentUrl":"https:\/\/www.pradel-france.com\/blog\/wp-content\/uploads\/2024\/04\/mode-de-cuisson.jpg","width":900,"height":600,"caption":"mode de cuisson"},{"@type":"BreadcrumbList","@id":"https:\/\/www.pradel-france.com\/blog\/mode-cuisson-economique\/#breadcrumb","itemListElement":[{"@type":"ListItem","position":1,"name":"Accueil","item":"https:\/\/www.pradel-france.com\/blog\/"},{"@type":"ListItem","position":2,"name":"Conseils Pradel Fance","item":"https:\/\/www.pradel-france.com\/blog\/category\/conseils\/"},{"@type":"ListItem","position":3,"name":"Quel est le mode de cuisson le plus \u00e9conomique ?"}]},{"@type":"WebSite","@id":"https:\/\/www.pradel-france.com\/blog\/#website","url":"https:\/\/www.pradel-france.com\/blog\/","name":"Pradel France Blog","description":"Les recettes et conseils Pradel France","publisher":{"@id":"https:\/\/www.pradel-france.com\/blog\/#organization"},"alternateName":"Pradel blog","potentialAction":[{"@type":"SearchAction","target":{"@type":"EntryPoint","urlTemplate":"https:\/\/www.pradel-france.com\/blog\/?s={search_term_string}"},"query-input":{"@type":"PropertyValueSpecification","valueRequired":true,"valueName":"search_term_string"}}],"inLanguage":"fr-FR"},{"@type":"Organization","@id":"https:\/\/www.pradel-france.com\/blog\/#organization","name":"Pradel France Blog","alternateName":"Pradel blog","url":"https:\/\/www.pradel-france.com\/blog\/","logo":{"@type":"ImageObject","inLanguage":"fr-FR","@id":"https:\/\/www.pradel-france.com\/blog\/#\/schema\/logo\/image\/","url":"https:\/\/www.pradel-france.com\/blog\/wp-content\/uploads\/2023\/04\/pradel-200x200-1.jpg","contentUrl":"https:\/\/www.pradel-france.com\/blog\/wp-content\/uploads\/2023\/04\/pradel-200x200-1.jpg","width":200,"height":200,"caption":"Pradel France Blog"},"image":{"@id":"https:\/\/www.pradel-france.com\/blog\/#\/schema\/logo\/image\/"},"sameAs":["https:\/\/www.facebook.com\/pradelfr\/","https:\/\/www.instagram.com\/pradel_france\/","https:\/\/www.youtube.com\/@Pradel-France-Homestyle","https:\/\/www.linkedin.com\/company\/pradel-france-homestyle\/","https:\/\/fr.pinterest.com\/pradelfrancehomestyle\/"]},{"@type":"Person","@id":"https:\/\/www.pradel-france.com\/blog\/#\/schema\/person\/9d4906139d09c23f84665eda0714d04d","name":"Marine Leclercq","image":{"@type":"ImageObject","inLanguage":"fr-FR","@id":"https:\/\/www.pradel-france.com\/blog\/#\/schema\/person\/image\/","url":"https:\/\/secure.gravatar.com\/avatar\/e9038faff8aa216af1edf85b0e1aca5abe197683108199ee783d6699f3a9d3fc?s=96&d=mm&r=g","contentUrl":"https:\/\/secure.gravatar.com\/avatar\/e9038faff8aa216af1edf85b0e1aca5abe197683108199ee783d6699f3a9d3fc?s=96&d=mm&r=g","caption":"Marine Leclercq"}}]}},"thumb":"https:\/\/www.pradel-france.com\/blog\/wp-content\/uploads\/2024\/04\/mode-de-cuisson-350x250.jpg","category":"Conseils Pradel Fance","description":"Tous les modes de cuisson ont leurs avantages et leurs inconv\u00e9nients. Parmi les caract\u00e9ristiques importantes de ces modes de cuisson,\u2026","_links":{"self":[{"href":"https:\/\/www.pradel-france.com\/blog\/wp-json\/wp\/v2\/posts\/2069","targetHints":{"allow":["GET"]}}],"collection":[{"href":"https:\/\/www.pradel-france.com\/blog\/wp-json\/wp\/v2\/posts"}],"about":[{"href":"https:\/\/www.pradel-france.com\/blog\/wp-json\/wp\/v2\/types\/post"}],"author":[{"embeddable":true,"href":"https:\/\/www.pradel-france.com\/blog\/wp-json\/wp\/v2\/users\/3"}],"replies":[{"embeddable":true,"href":"https:\/\/www.pradel-france.com\/blog\/wp-json\/wp\/v2\/comments?post=2069"}],"version-history":[{"count":4,"href":"https:\/\/www.pradel-france.com\/blog\/wp-json\/wp\/v2\/posts\/2069\/revisions"}],"predecessor-version":[{"id":2080,"href":"https:\/\/www.pradel-france.com\/blog\/wp-json\/wp\/v2\/posts\/2069\/revisions\/2080"}],"wp:featuredmedia":[{"embeddable":true,"href":"https:\/\/www.pradel-france.com\/blog\/wp-json\/wp\/v2\/media\/2072"}],"wp:attachment":[{"href":"https:\/\/www.pradel-france.com\/blog\/wp-json\/wp\/v2\/media?parent=2069"}],"wp:term":[{"taxonomy":"category","embeddable":true,"href":"https:\/\/www.pradel-france.com\/blog\/wp-json\/wp\/v2\/categories?post=2069"},{"taxonomy":"post_tag","embeddable":true,"href":"https:\/\/www.pradel-france.com\/blog\/wp-json\/wp\/v2\/tags?post=2069"}],"curies":[{"name":"wp","href":"https:\/\/api.w.org\/{rel}","templated":true}]}}