{"id":2175,"date":"2024-05-30T10:39:19","date_gmt":"2024-05-30T08:39:19","guid":{"rendered":"https:\/\/www.pradel-france.com\/blog\/?p=2175"},"modified":"2025-05-07T15:19:01","modified_gmt":"2025-05-07T13:19:01","slug":"materiel-prendre-pique-nique","status":"publish","type":"post","link":"https:\/\/www.pradel-france.com\/blog\/materiel-prendre-pique-nique\/","title":{"rendered":"Quel mat\u00e9riel prendre pour un pique-nique ?"},"content":{"rendered":"\n\n    <div class=\"full-width bgcolor noprint\">\n      <section class=\"block-duo alt   boxed \">\n        <div class=\"container\">\n          <div class=\"row\">\n                          <div class=\"col-12 col-lg-4 col-img px-0 pl-lg-0 pr-lg-2\">\n                <div class=\"picture-wrapper h-100 w-100\">\n                  <div class=\"pic bcover h-100 w-100\" style=\"background-image:url(https:\/\/www.pradel-france.com\/blog\/wp-content\/uploads\/2024\/05\/nappe-pique-nique.jpg);min-height:450px;\"><\/div>\n                <\/div>\n              <\/div>\n                        <div class=\"col-12 col-lg-8 col-content d-flex my-auto px-0 pr-lg-4\" style=\"order:-1;\">\n              <div class=\"d-flex flex-column inner-content\">\n                                                  <div class=\"content nerf-last-p\">\n                    <p><span style=\"font-weight: 400;\">Le soleil et un joli endroit, il ne faut rien de plus pour se sentir <\/span><a href=\"https:\/\/www.pradel-france.com\/199-nomade\"><span style=\"font-weight: 400;\">nomade<\/span><\/a><span style=\"font-weight: 400;\"> et organiser un pique-nique ensoleill\u00e9 !\u00a0<\/span><\/p>\n<p><span style=\"font-weight: 400;\">Pour profiter d\u2019un bon repas sans tracas, il faut le <\/span><b>mat\u00e9riel de pique-nique<\/b><span style=\"font-weight: 400;\"> ad\u00e9quat. Pour vous aider \u00e0 ne rien oublier, nous vous rappelons les \u00e9l\u00e9ments essentiels du pique-nique.<\/span><\/p>\n                  <\/div>\n                                                  <div>\n                    <a class=\"btn btn-primary\" href=\"https:\/\/www.pradel-france.com\/199-nomade\" title=\"D\u00e9couvrez nos objets de cuisine nomades !\" target='_blank'>D\u00e9couvrez nos objets de cuisine nomades !<\/a>\n                  <\/div>\n                              <\/div>\n            <\/div>\n          <\/div>\n        <\/div>\n      <\/section>\n    <\/div>\n\n\n\n\n\n    <div class=\"full-width bgcolor noprint\">\n      <section class=\"block-duo   boxed \">\n        <div class=\"container\">\n          <div class=\"row\">\n                          <div class=\"col-12 col-lg-4 col-img px-0 pl-lg-0 pr-lg-2\">\n                <div class=\"picture-wrapper h-100 w-100\">\n                  <div class=\"pic bcover h-100 w-100\" style=\"background-image:url(https:\/\/www.pradel-france.com\/blog\/wp-content\/uploads\/2025\/05\/sac-isotherme.jpg);min-height:450px;\"><\/div>\n                <\/div>\n              <\/div>\n                        <div class=\"col-12 col-lg-8 col-content d-flex my-auto px-0 pl-lg-4\">\n              <div class=\"d-flex flex-column inner-content\">\n                          <h2 class=\"c-title-l\">Choisir la bonne glaci\u00e8re<\/h2>\n                                      <div class=\"content nerf-last-p\">\n                    <p><span style=\"font-weight: 400;\">La <\/span><b>glaci\u00e8re pour un pique-nique<\/b><span style=\"font-weight: 400;\"> est sans doute l&rsquo;un des \u00e9l\u00e9ments les plus importants \u00e0 consid\u00e9rer afin de maintenir vos aliments au frais pendant le voyage et sur place !<\/span><\/p>\n<p><span style=\"font-weight: 400;\">Que vous optiez pour une glaci\u00e8re rigide ou une version plus souple, l&rsquo;essentiel est qu&rsquo;elle offre une bonne isolation. Une glaci\u00e8re rigide, par exemple, a l&rsquo;avantage de conserver la temp\u00e9rature plus longtemps gr\u00e2ce \u00e0 ses parois \u00e9paisses. C\u2019est le choix id\u00e9al pour les longues journ\u00e9es au soleil o\u00f9 la fra\u00eecheur des aliments et des boissons doit \u00eatre gard\u00e9e.<\/span><\/p>\n<p><span style=\"font-weight: 400;\">Pour une sortie plus courte ou une facilit\u00e9 de transport, une glaci\u00e8re souple est une excellente alternative. Elle est plus l\u00e9g\u00e8re et souvent plus facile \u00e0 ranger apr\u00e8s utilisation. Lors de votre choix, pensez \u00e0 v\u00e9rifier la capacit\u00e9 de la glaci\u00e8re pour qu&rsquo;elle puisse contenir tous vos <\/span><b>meilleurs aliments de pique-nique<\/b><span style=\"font-weight: 400;\"> et vos boissons. Enfin, n&rsquo;oubliez pas d&rsquo;ajouter des blocs r\u00e9frig\u00e9rants pour garder la fra\u00eecheur plus longtemps.<\/span><\/p>\n                  <\/div>\n                                              <\/div>\n            <\/div>\n          <\/div>\n        <\/div>\n      <\/section>\n    <\/div>\n\n\n\n\n\n    <div class=\"full-width bgcolor noprint\">\n      <section class=\"block-duo alt   boxed \">\n        <div class=\"container\">\n          <div class=\"row\">\n                          <div class=\"col-12 col-lg-4 col-img px-0 pl-lg-0 pr-lg-2\">\n                <div class=\"picture-wrapper h-100 w-100\">\n                  <div class=\"pic bcover h-100 w-100\" style=\"background-image:url(https:\/\/www.pradel-france.com\/blog\/wp-content\/uploads\/2024\/05\/idees-repas-pique-nique-709x1024.jpg);min-height:450px;\"><\/div>\n                <\/div>\n              <\/div>\n                        <div class=\"col-12 col-lg-8 col-content d-flex my-auto px-0 pr-lg-4\" style=\"order:-1;\">\n              <div class=\"d-flex flex-column inner-content\">\n                          <h2 class=\"c-title-l\">Comment choisir les meilleures lunch boxs ?<\/h2>\n                                      <div class=\"content nerf-last-p\">\n                    <p><span style=\"font-weight: 400;\">La <\/span><b>lunch box de pique-nique<\/b><span style=\"font-weight: 400;\"> est essentielle pour organiser vos repas. Elle permet de conserver vos plats \u00e0 l&rsquo;abri et de les transporter facilement. Il existe une multitude de mod\u00e8les, du plus basique au plus sophistiqu\u00e9, offrant plusieurs compartiments pour s\u00e9parer les diff\u00e9rents aliments. Pour les <\/span><b>bo\u00eetes de pique-nique<\/b><span style=\"font-weight: 400;\">, nous vous conseillons de privil\u00e9gier des mat\u00e9riaux r\u00e9sistants comme le verre ou le plastique sans BPA.<\/span><\/p>\n<p><span style=\"font-weight: 400;\">Les lunch boxs \u00e0 compartiments sont particuli\u00e8rement pratiques lors de la <\/span><b>pr\u00e9paration de pique-nique<\/b><span style=\"font-weight: 400;\"> car elles permettent d\u2019\u00e9viter aux saveurs de se m\u00e9langer. Elles sont parfaites pour transporter des salades, des sandwichs, ou encore des portions de fruits. De plus, certaines lunch boxs disposent d&rsquo;une isolation thermique, ce qui est id\u00e9al pour garder vos plats chauds ou froids selon vos besoins. Pensez \u00e9galement \u00e0 vous informer sur des <\/span><b>recettes pique-nique<\/b><span style=\"font-weight: 400;\"> faciles \u00e0 pr\u00e9parer et \u00e0 transporter dans vos lunch boxs.<\/span><\/p>\n                  <\/div>\n                                              <\/div>\n            <\/div>\n          <\/div>\n        <\/div>\n      <\/section>\n    <\/div>\n\n\n\n\n\n    <div class=\"full-width bgcolor noprint\">\n      <section class=\"block-duo   boxed \">\n        <div class=\"container\">\n          <div class=\"row\">\n                          <div class=\"col-12 col-lg-4 col-img px-0 pl-lg-0 pr-lg-2\">\n                <div class=\"picture-wrapper h-100 w-100\">\n                  <div class=\"pic bcover h-100 w-100\" style=\"background-image:url(https:\/\/www.pradel-france.com\/blog\/wp-content\/uploads\/2024\/05\/recette-pique-nique-709x1024.jpg);min-height:450px;\"><\/div>\n                <\/div>\n              <\/div>\n                        <div class=\"col-12 col-lg-8 col-content d-flex my-auto px-0 pl-lg-4\">\n              <div class=\"d-flex flex-column inner-content\">\n                          <h2 class=\"c-title-l\">Choisir la nappe parfaite pour un pique-nique<\/h2>\n                                      <div class=\"content nerf-last-p\">\n                    <p><span style=\"font-weight: 400;\">Une <\/span><b>nappe pique-nique<\/b><span style=\"font-weight: 400;\"> est non seulement pratique, mais aussi d\u00e9coratif. Elle vous permet de vous installer confortablement sur l&rsquo;herbe, ou sur le sable, tout en apportant une touche de charme \u00e0 votre pique-nique Pour choisir la nappe parfaite, optez pour un mat\u00e9riau r\u00e9sistant et facile \u00e0 nettoyer. Le coton enduit, par exemple, est une excellente option car il est imperm\u00e9able et facile \u00e0 essuyer.<\/span><\/p>\n<p><span style=\"font-weight: 400;\">La taille de la nappe est \u00e9galement importante : elle doit \u00eatre suffisamment grande pour accueillir tous vos convives et vos plats sans que tout le monde soit serr\u00e9. Certains mod\u00e8les sont \u00e9quip\u00e9s de poids ou de coins renforc\u00e9s pour \u00e9viter qu&rsquo;elle ne s&rsquo;envole au moindre coup de vent. Une <\/span><b>nappe pique-nique<\/b><span style=\"font-weight: 400;\"> avec un motif color\u00e9 et joyeux peut ajouter une ambiance festive \u00e0 votre sortie !<\/span><\/p>\n                  <\/div>\n                                              <\/div>\n            <\/div>\n          <\/div>\n        <\/div>\n      <\/section>\n    <\/div>\n\n\n\n\n\n    <div class=\"full-width bgcolor noprint\">\n      <section class=\"block-duo alt   boxed \">\n        <div class=\"container\">\n          <div class=\"row\">\n                          <div class=\"col-12 col-lg-4 col-img px-0 pl-lg-0 pr-lg-2\">\n                <div class=\"picture-wrapper h-100 w-100\">\n                  <div class=\"pic bcover h-100 w-100\" style=\"background-image:url(https:\/\/www.pradel-france.com\/blog\/wp-content\/uploads\/2024\/05\/glaciere-pour-pique-nique-709x1024.jpg);min-height:450px;\"><\/div>\n                <\/div>\n              <\/div>\n                        <div class=\"col-12 col-lg-8 col-content d-flex my-auto px-0 pr-lg-4\" style=\"order:-1;\">\n              <div class=\"d-flex flex-column inner-content\">\n                          <h2 class=\"c-title-l\">Quels sont les aliments \u00e0 prendre en pique-nique<\/h2>\n                                      <div class=\"content nerf-last-p\">\n                    <p><span style=\"font-weight: 400;\">Pour qu\u2019il soit r\u00e9ussi, vous devez choisir les <\/span><b>meilleurs aliments pour votre pique-nique<\/b><span style=\"font-weight: 400;\"> ! Privil\u00e9giez des aliments faciles \u00e0 transporter et \u00e0 consommer sans n\u00e9cessiter de r\u00e9chauffage ou de pr\u00e9paration complexe sur place. Les salades compos\u00e9es, les sandwichs gourmands, les wraps, et les quiches sont d&rsquo;excellentes options. Ils sont faciles \u00e0 pr\u00e9parer \u00e0 l&rsquo;avance et peuvent \u00eatre emball\u00e9s individuellement.<\/span><\/p>\n<p><span style=\"font-weight: 400;\">Pour une touche de gourmandise, prenez des snacks et des accompagnements comme des chips, des crudit\u00e9s avec des dips, et des fruits frais. Les <\/span><b>desserts de pique-nique<\/b><span style=\"font-weight: 400;\"> peuvent inclure des g\u00e2teaux simples, des biscuits, ou des fruits secs. Les <\/span><b>recettes pique-nique<\/b><span style=\"font-weight: 400;\"> doivent \u00eatre choisies selon leur praticit\u00e9 et de leur capacit\u00e9 \u00e0 se conserver \u00e0 temp\u00e9rature ambiante pendant plusieurs heures.<\/span><\/p>\n                  <\/div>\n                                              <\/div>\n            <\/div>\n          <\/div>\n        <\/div>\n      <\/section>\n    <\/div>\n\n\n\n\n\n    <div class=\"full-width bgcolor noprint\">\n      <section class=\"block-duo   boxed \">\n        <div class=\"container\">\n          <div class=\"row\">\n                          <div class=\"col-12 col-lg-4 col-img px-0 pl-lg-0 pr-lg-2\">\n                <div class=\"picture-wrapper h-100 w-100\">\n                  <div class=\"pic bcover h-100 w-100\" style=\"background-image:url(https:\/\/www.pradel-france.com\/blog\/wp-content\/uploads\/2024\/05\/boite-pique-nique-709x1024.jpg);min-height:450px;\"><\/div>\n                <\/div>\n              <\/div>\n                        <div class=\"col-12 col-lg-8 col-content d-flex my-auto px-0 pl-lg-4\">\n              <div class=\"d-flex flex-column inner-content\">\n                          <h2 class=\"c-title-l\">Nos astuces sp\u00e9ciales pique-nique<\/h2>\n                                      <div class=\"content nerf-last-p\">\n                    <p><span style=\"font-weight: 400;\">Pour une sortie en plein air sans souci, voici quelques <\/span><b>astuces pique-nique<\/b><span style=\"font-weight: 400;\"> indispensables.<\/span><\/p>\n<p><span style=\"font-weight: 400;\">Tout d&rsquo;abord, pr\u00e9voyez des couverts, des assiettes et des gobelets r\u00e9utilisables pour r\u00e9duire votre impact environnemental. N\u2019oubliez pas d\u2019emporter des sacs poubelles pour ramasser vos d\u00e9chets et laisser l&rsquo;endroit aussi propre que vous l&rsquo;avez trouv\u00e9 !<\/span><\/p>\n<p><span style=\"font-weight: 400;\">Pensez \u00e0 <\/span><b>pr\u00e9parer votre pique-nique<\/b><span style=\"font-weight: 400;\"> avec des plats qui ne craignent pas trop la chaleur et qui peuvent rester \u00e0 temp\u00e9rature ambiante sans risque. Un thermos peut \u00e9galement \u00eatre utile pour transporter des boissons chaudes ou froides. Enfin, vous pouvez pr\u00e9voir une trousse de premiers secours, des serviettes en papier, et du gel d\u00e9sinfectant pour les mains. \u00c7a y est, vous \u00eates par\u00e9s \u00e0 pique-niquer !<\/span><\/p>\n                  <\/div>\n                                              <\/div>\n            <\/div>\n          <\/div>\n        <\/div>\n      <\/section>\n    <\/div>\n\n","protected":false},"excerpt":{"rendered":"","protected":false},"author":3,"featured_media":2171,"comment_status":"closed","ping_status":"closed","sticky":false,"template":"","format":"standard","meta":{"footnotes":""},"categories":[4,8],"tags":[],"class_list":["post-2175","post","type-post","status-publish","format-standard","has-post-thumbnail","hentry","category-conseils","category-les-astuces","col-12","col-md-6 col-lg-4"],"acf":[],"yoast_head":"<!-- This site is optimized with the Yoast SEO plugin v26.7 - https:\/\/yoast.com\/wordpress\/plugins\/seo\/ -->\n<title>Quel mat\u00e9riel prendre pour un pique-nique ? | Le guide<\/title>\n<meta name=\"description\" content=\"Quand le soleil est l\u00e0, manger dehors est un plaisir. D\u00e9couvrez tout le mat\u00e9riel indispensable pour profiter de bons pique-niques au soleil.\" \/>\n<meta name=\"robots\" content=\"index, follow, max-snippet:-1, max-image-preview:large, max-video-preview:-1\" \/>\n<link rel=\"canonical\" href=\"https:\/\/www.pradel-france.com\/blog\/materiel-prendre-pique-nique\/\" \/>\n<meta property=\"og:locale\" content=\"fr_FR\" \/>\n<meta property=\"og:type\" content=\"article\" \/>\n<meta property=\"og:title\" content=\"Quel mat\u00e9riel prendre pour un pique-nique ? | Le guide\" \/>\n<meta property=\"og:description\" content=\"Quand le soleil est l\u00e0, manger dehors est un plaisir. D\u00e9couvrez tout le mat\u00e9riel indispensable pour profiter de bons pique-niques au soleil.\" \/>\n<meta property=\"og:url\" content=\"https:\/\/www.pradel-france.com\/blog\/materiel-prendre-pique-nique\/\" \/>\n<meta property=\"og:site_name\" content=\"Pradel France\" \/>\n<meta property=\"article:publisher\" content=\"https:\/\/www.facebook.com\/pradelfr\/\" \/>\n<meta property=\"article:published_time\" content=\"2024-05-30T08:39:19+00:00\" \/>\n<meta property=\"article:modified_time\" content=\"2025-05-07T13:19:01+00:00\" \/>\n<meta property=\"og:image\" content=\"https:\/\/www.pradel-france.com\/blog\/wp-content\/uploads\/2024\/05\/nappe-pique-nique.jpg\" \/>\n\t<meta property=\"og:image:width\" content=\"900\" \/>\n\t<meta property=\"og:image:height\" content=\"600\" \/>\n\t<meta property=\"og:image:type\" content=\"image\/jpeg\" \/>\n<meta name=\"author\" content=\"Marine Leclercq\" \/>\n<meta name=\"twitter:card\" content=\"summary_large_image\" \/>\n<meta name=\"twitter:label1\" content=\"\u00c9crit par\" \/>\n\t<meta name=\"twitter:data1\" content=\"Marine Leclercq\" \/>\n<script type=\"application\/ld+json\" class=\"yoast-schema-graph\">{\"@context\":\"https:\/\/schema.org\",\"@graph\":[{\"@type\":\"Article\",\"@id\":\"https:\/\/www.pradel-france.com\/blog\/materiel-prendre-pique-nique\/#article\",\"isPartOf\":{\"@id\":\"https:\/\/www.pradel-france.com\/blog\/materiel-prendre-pique-nique\/\"},\"author\":{\"name\":\"Marine Leclercq\",\"@id\":\"https:\/\/www.pradel-france.com\/blog\/#\/schema\/person\/9d4906139d09c23f84665eda0714d04d\"},\"headline\":\"Quel mat\u00e9riel prendre pour un pique-nique ?\",\"datePublished\":\"2024-05-30T08:39:19+00:00\",\"dateModified\":\"2025-05-07T13:19:01+00:00\",\"mainEntityOfPage\":{\"@id\":\"https:\/\/www.pradel-france.com\/blog\/materiel-prendre-pique-nique\/\"},\"wordCount\":7,\"publisher\":{\"@id\":\"https:\/\/www.pradel-france.com\/blog\/#organization\"},\"image\":{\"@id\":\"https:\/\/www.pradel-france.com\/blog\/materiel-prendre-pique-nique\/#primaryimage\"},\"thumbnailUrl\":\"https:\/\/www.pradel-france.com\/blog\/wp-content\/uploads\/2024\/05\/nappe-pique-nique.jpg\",\"articleSection\":[\"Conseils Pradel Fance\",\"Les astuces\"],\"inLanguage\":\"fr-FR\"},{\"@type\":\"WebPage\",\"@id\":\"https:\/\/www.pradel-france.com\/blog\/materiel-prendre-pique-nique\/\",\"url\":\"https:\/\/www.pradel-france.com\/blog\/materiel-prendre-pique-nique\/\",\"name\":\"Quel mat\u00e9riel prendre pour un pique-nique ? | Le guide\",\"isPartOf\":{\"@id\":\"https:\/\/www.pradel-france.com\/blog\/#website\"},\"primaryImageOfPage\":{\"@id\":\"https:\/\/www.pradel-france.com\/blog\/materiel-prendre-pique-nique\/#primaryimage\"},\"image\":{\"@id\":\"https:\/\/www.pradel-france.com\/blog\/materiel-prendre-pique-nique\/#primaryimage\"},\"thumbnailUrl\":\"https:\/\/www.pradel-france.com\/blog\/wp-content\/uploads\/2024\/05\/nappe-pique-nique.jpg\",\"datePublished\":\"2024-05-30T08:39:19+00:00\",\"dateModified\":\"2025-05-07T13:19:01+00:00\",\"description\":\"Quand le soleil est l\u00e0, manger dehors est un plaisir. D\u00e9couvrez tout le mat\u00e9riel indispensable pour profiter de bons pique-niques au soleil.\",\"breadcrumb\":{\"@id\":\"https:\/\/www.pradel-france.com\/blog\/materiel-prendre-pique-nique\/#breadcrumb\"},\"inLanguage\":\"fr-FR\",\"potentialAction\":[{\"@type\":\"ReadAction\",\"target\":[\"https:\/\/www.pradel-france.com\/blog\/materiel-prendre-pique-nique\/\"]}]},{\"@type\":\"ImageObject\",\"inLanguage\":\"fr-FR\",\"@id\":\"https:\/\/www.pradel-france.com\/blog\/materiel-prendre-pique-nique\/#primaryimage\",\"url\":\"https:\/\/www.pradel-france.com\/blog\/wp-content\/uploads\/2024\/05\/nappe-pique-nique.jpg\",\"contentUrl\":\"https:\/\/www.pradel-france.com\/blog\/wp-content\/uploads\/2024\/05\/nappe-pique-nique.jpg\",\"width\":900,\"height\":600,\"caption\":\"nappe pique-nique\"},{\"@type\":\"BreadcrumbList\",\"@id\":\"https:\/\/www.pradel-france.com\/blog\/materiel-prendre-pique-nique\/#breadcrumb\",\"itemListElement\":[{\"@type\":\"ListItem\",\"position\":1,\"name\":\"Accueil\",\"item\":\"https:\/\/www.pradel-france.com\/blog\/\"},{\"@type\":\"ListItem\",\"position\":2,\"name\":\"Conseils Pradel Fance\",\"item\":\"https:\/\/www.pradel-france.com\/blog\/category\/conseils\/\"},{\"@type\":\"ListItem\",\"position\":3,\"name\":\"Quel mat\u00e9riel prendre pour un pique-nique ?\"}]},{\"@type\":\"WebSite\",\"@id\":\"https:\/\/www.pradel-france.com\/blog\/#website\",\"url\":\"https:\/\/www.pradel-france.com\/blog\/\",\"name\":\"Pradel France Blog\",\"description\":\"Les recettes et conseils Pradel France\",\"publisher\":{\"@id\":\"https:\/\/www.pradel-france.com\/blog\/#organization\"},\"alternateName\":\"Pradel blog\",\"potentialAction\":[{\"@type\":\"SearchAction\",\"target\":{\"@type\":\"EntryPoint\",\"urlTemplate\":\"https:\/\/www.pradel-france.com\/blog\/?s={search_term_string}\"},\"query-input\":{\"@type\":\"PropertyValueSpecification\",\"valueRequired\":true,\"valueName\":\"search_term_string\"}}],\"inLanguage\":\"fr-FR\"},{\"@type\":\"Organization\",\"@id\":\"https:\/\/www.pradel-france.com\/blog\/#organization\",\"name\":\"Pradel France Blog\",\"alternateName\":\"Pradel blog\",\"url\":\"https:\/\/www.pradel-france.com\/blog\/\",\"logo\":{\"@type\":\"ImageObject\",\"inLanguage\":\"fr-FR\",\"@id\":\"https:\/\/www.pradel-france.com\/blog\/#\/schema\/logo\/image\/\",\"url\":\"https:\/\/www.pradel-france.com\/blog\/wp-content\/uploads\/2023\/04\/pradel-200x200-1.jpg\",\"contentUrl\":\"https:\/\/www.pradel-france.com\/blog\/wp-content\/uploads\/2023\/04\/pradel-200x200-1.jpg\",\"width\":200,\"height\":200,\"caption\":\"Pradel France Blog\"},\"image\":{\"@id\":\"https:\/\/www.pradel-france.com\/blog\/#\/schema\/logo\/image\/\"},\"sameAs\":[\"https:\/\/www.facebook.com\/pradelfr\/\",\"https:\/\/www.instagram.com\/pradel_france\/\",\"https:\/\/www.youtube.com\/@Pradel-France-Homestyle\",\"https:\/\/www.linkedin.com\/company\/pradel-france-homestyle\/\",\"https:\/\/fr.pinterest.com\/pradelfrancehomestyle\/\"]},{\"@type\":\"Person\",\"@id\":\"https:\/\/www.pradel-france.com\/blog\/#\/schema\/person\/9d4906139d09c23f84665eda0714d04d\",\"name\":\"Marine Leclercq\",\"image\":{\"@type\":\"ImageObject\",\"inLanguage\":\"fr-FR\",\"@id\":\"https:\/\/www.pradel-france.com\/blog\/#\/schema\/person\/image\/\",\"url\":\"https:\/\/secure.gravatar.com\/avatar\/e9038faff8aa216af1edf85b0e1aca5abe197683108199ee783d6699f3a9d3fc?s=96&d=mm&r=g\",\"contentUrl\":\"https:\/\/secure.gravatar.com\/avatar\/e9038faff8aa216af1edf85b0e1aca5abe197683108199ee783d6699f3a9d3fc?s=96&d=mm&r=g\",\"caption\":\"Marine Leclercq\"}}]}<\/script>\n<!-- \/ Yoast SEO plugin. -->","yoast_head_json":{"title":"Quel mat\u00e9riel prendre pour un pique-nique ? | Le guide","description":"Quand le soleil est l\u00e0, manger dehors est un plaisir. D\u00e9couvrez tout le mat\u00e9riel indispensable pour profiter de bons pique-niques au soleil.","robots":{"index":"index","follow":"follow","max-snippet":"max-snippet:-1","max-image-preview":"max-image-preview:large","max-video-preview":"max-video-preview:-1"},"canonical":"https:\/\/www.pradel-france.com\/blog\/materiel-prendre-pique-nique\/","og_locale":"fr_FR","og_type":"article","og_title":"Quel mat\u00e9riel prendre pour un pique-nique ? | Le guide","og_description":"Quand le soleil est l\u00e0, manger dehors est un plaisir. D\u00e9couvrez tout le mat\u00e9riel indispensable pour profiter de bons pique-niques au soleil.","og_url":"https:\/\/www.pradel-france.com\/blog\/materiel-prendre-pique-nique\/","og_site_name":"Pradel France","article_publisher":"https:\/\/www.facebook.com\/pradelfr\/","article_published_time":"2024-05-30T08:39:19+00:00","article_modified_time":"2025-05-07T13:19:01+00:00","og_image":[{"width":900,"height":600,"url":"https:\/\/www.pradel-france.com\/blog\/wp-content\/uploads\/2024\/05\/nappe-pique-nique.jpg","type":"image\/jpeg"}],"author":"Marine Leclercq","twitter_card":"summary_large_image","twitter_misc":{"\u00c9crit par":"Marine Leclercq"},"schema":{"@context":"https:\/\/schema.org","@graph":[{"@type":"Article","@id":"https:\/\/www.pradel-france.com\/blog\/materiel-prendre-pique-nique\/#article","isPartOf":{"@id":"https:\/\/www.pradel-france.com\/blog\/materiel-prendre-pique-nique\/"},"author":{"name":"Marine Leclercq","@id":"https:\/\/www.pradel-france.com\/blog\/#\/schema\/person\/9d4906139d09c23f84665eda0714d04d"},"headline":"Quel mat\u00e9riel prendre pour un pique-nique ?","datePublished":"2024-05-30T08:39:19+00:00","dateModified":"2025-05-07T13:19:01+00:00","mainEntityOfPage":{"@id":"https:\/\/www.pradel-france.com\/blog\/materiel-prendre-pique-nique\/"},"wordCount":7,"publisher":{"@id":"https:\/\/www.pradel-france.com\/blog\/#organization"},"image":{"@id":"https:\/\/www.pradel-france.com\/blog\/materiel-prendre-pique-nique\/#primaryimage"},"thumbnailUrl":"https:\/\/www.pradel-france.com\/blog\/wp-content\/uploads\/2024\/05\/nappe-pique-nique.jpg","articleSection":["Conseils Pradel Fance","Les astuces"],"inLanguage":"fr-FR"},{"@type":"WebPage","@id":"https:\/\/www.pradel-france.com\/blog\/materiel-prendre-pique-nique\/","url":"https:\/\/www.pradel-france.com\/blog\/materiel-prendre-pique-nique\/","name":"Quel mat\u00e9riel prendre pour un pique-nique ? | Le guide","isPartOf":{"@id":"https:\/\/www.pradel-france.com\/blog\/#website"},"primaryImageOfPage":{"@id":"https:\/\/www.pradel-france.com\/blog\/materiel-prendre-pique-nique\/#primaryimage"},"image":{"@id":"https:\/\/www.pradel-france.com\/blog\/materiel-prendre-pique-nique\/#primaryimage"},"thumbnailUrl":"https:\/\/www.pradel-france.com\/blog\/wp-content\/uploads\/2024\/05\/nappe-pique-nique.jpg","datePublished":"2024-05-30T08:39:19+00:00","dateModified":"2025-05-07T13:19:01+00:00","description":"Quand le soleil est l\u00e0, manger dehors est un plaisir. D\u00e9couvrez tout le mat\u00e9riel indispensable pour profiter de bons pique-niques au soleil.","breadcrumb":{"@id":"https:\/\/www.pradel-france.com\/blog\/materiel-prendre-pique-nique\/#breadcrumb"},"inLanguage":"fr-FR","potentialAction":[{"@type":"ReadAction","target":["https:\/\/www.pradel-france.com\/blog\/materiel-prendre-pique-nique\/"]}]},{"@type":"ImageObject","inLanguage":"fr-FR","@id":"https:\/\/www.pradel-france.com\/blog\/materiel-prendre-pique-nique\/#primaryimage","url":"https:\/\/www.pradel-france.com\/blog\/wp-content\/uploads\/2024\/05\/nappe-pique-nique.jpg","contentUrl":"https:\/\/www.pradel-france.com\/blog\/wp-content\/uploads\/2024\/05\/nappe-pique-nique.jpg","width":900,"height":600,"caption":"nappe pique-nique"},{"@type":"BreadcrumbList","@id":"https:\/\/www.pradel-france.com\/blog\/materiel-prendre-pique-nique\/#breadcrumb","itemListElement":[{"@type":"ListItem","position":1,"name":"Accueil","item":"https:\/\/www.pradel-france.com\/blog\/"},{"@type":"ListItem","position":2,"name":"Conseils Pradel Fance","item":"https:\/\/www.pradel-france.com\/blog\/category\/conseils\/"},{"@type":"ListItem","position":3,"name":"Quel mat\u00e9riel prendre pour un pique-nique ?"}]},{"@type":"WebSite","@id":"https:\/\/www.pradel-france.com\/blog\/#website","url":"https:\/\/www.pradel-france.com\/blog\/","name":"Pradel France Blog","description":"Les recettes et conseils Pradel France","publisher":{"@id":"https:\/\/www.pradel-france.com\/blog\/#organization"},"alternateName":"Pradel blog","potentialAction":[{"@type":"SearchAction","target":{"@type":"EntryPoint","urlTemplate":"https:\/\/www.pradel-france.com\/blog\/?s={search_term_string}"},"query-input":{"@type":"PropertyValueSpecification","valueRequired":true,"valueName":"search_term_string"}}],"inLanguage":"fr-FR"},{"@type":"Organization","@id":"https:\/\/www.pradel-france.com\/blog\/#organization","name":"Pradel France Blog","alternateName":"Pradel blog","url":"https:\/\/www.pradel-france.com\/blog\/","logo":{"@type":"ImageObject","inLanguage":"fr-FR","@id":"https:\/\/www.pradel-france.com\/blog\/#\/schema\/logo\/image\/","url":"https:\/\/www.pradel-france.com\/blog\/wp-content\/uploads\/2023\/04\/pradel-200x200-1.jpg","contentUrl":"https:\/\/www.pradel-france.com\/blog\/wp-content\/uploads\/2023\/04\/pradel-200x200-1.jpg","width":200,"height":200,"caption":"Pradel France Blog"},"image":{"@id":"https:\/\/www.pradel-france.com\/blog\/#\/schema\/logo\/image\/"},"sameAs":["https:\/\/www.facebook.com\/pradelfr\/","https:\/\/www.instagram.com\/pradel_france\/","https:\/\/www.youtube.com\/@Pradel-France-Homestyle","https:\/\/www.linkedin.com\/company\/pradel-france-homestyle\/","https:\/\/fr.pinterest.com\/pradelfrancehomestyle\/"]},{"@type":"Person","@id":"https:\/\/www.pradel-france.com\/blog\/#\/schema\/person\/9d4906139d09c23f84665eda0714d04d","name":"Marine Leclercq","image":{"@type":"ImageObject","inLanguage":"fr-FR","@id":"https:\/\/www.pradel-france.com\/blog\/#\/schema\/person\/image\/","url":"https:\/\/secure.gravatar.com\/avatar\/e9038faff8aa216af1edf85b0e1aca5abe197683108199ee783d6699f3a9d3fc?s=96&d=mm&r=g","contentUrl":"https:\/\/secure.gravatar.com\/avatar\/e9038faff8aa216af1edf85b0e1aca5abe197683108199ee783d6699f3a9d3fc?s=96&d=mm&r=g","caption":"Marine Leclercq"}}]}},"thumb":"https:\/\/www.pradel-france.com\/blog\/wp-content\/uploads\/2024\/05\/nappe-pique-nique-350x250.jpg","category":"Conseils Pradel Fance","description":"Le soleil et un joli endroit, il ne faut rien de plus pour se sentir nomade et organiser un pique-nique\u2026","_links":{"self":[{"href":"https:\/\/www.pradel-france.com\/blog\/wp-json\/wp\/v2\/posts\/2175","targetHints":{"allow":["GET"]}}],"collection":[{"href":"https:\/\/www.pradel-france.com\/blog\/wp-json\/wp\/v2\/posts"}],"about":[{"href":"https:\/\/www.pradel-france.com\/blog\/wp-json\/wp\/v2\/types\/post"}],"author":[{"embeddable":true,"href":"https:\/\/www.pradel-france.com\/blog\/wp-json\/wp\/v2\/users\/3"}],"replies":[{"embeddable":true,"href":"https:\/\/www.pradel-france.com\/blog\/wp-json\/wp\/v2\/comments?post=2175"}],"version-history":[{"count":6,"href":"https:\/\/www.pradel-france.com\/blog\/wp-json\/wp\/v2\/posts\/2175\/revisions"}],"predecessor-version":[{"id":4493,"href":"https:\/\/www.pradel-france.com\/blog\/wp-json\/wp\/v2\/posts\/2175\/revisions\/4493"}],"wp:featuredmedia":[{"embeddable":true,"href":"https:\/\/www.pradel-france.com\/blog\/wp-json\/wp\/v2\/media\/2171"}],"wp:attachment":[{"href":"https:\/\/www.pradel-france.com\/blog\/wp-json\/wp\/v2\/media?parent=2175"}],"wp:term":[{"taxonomy":"category","embeddable":true,"href":"https:\/\/www.pradel-france.com\/blog\/wp-json\/wp\/v2\/categories?post=2175"},{"taxonomy":"post_tag","embeddable":true,"href":"https:\/\/www.pradel-france.com\/blog\/wp-json\/wp\/v2\/tags?post=2175"}],"curies":[{"name":"wp","href":"https:\/\/api.w.org\/{rel}","templated":true}]}}