{"id":2228,"date":"2024-06-11T11:10:34","date_gmt":"2024-06-11T09:10:34","guid":{"rendered":"https:\/\/www.pradel-france.com\/blog\/?p=2228"},"modified":"2024-06-11T11:10:35","modified_gmt":"2024-06-11T09:10:35","slug":"comment-utiliser-mandoline-multifonction","status":"publish","type":"post","link":"https:\/\/www.pradel-france.com\/blog\/comment-utiliser-mandoline-multifonction\/","title":{"rendered":"Comment utiliser une mandoline multifonction ?"},"content":{"rendered":"\n\n    <div class=\"full-width bgcolor noprint\">\n      <section class=\"block-duo alt   boxed \">\n        <div class=\"container\">\n          <div class=\"row\">\n                          <div class=\"col-12 col-lg-4 col-img px-0 pl-lg-0 pr-lg-2\">\n                <div class=\"picture-wrapper h-100 w-100\">\n                  <div class=\"pic bcover h-100 w-100\" style=\"background-image:url(https:\/\/www.pradel-france.com\/blog\/wp-content\/uploads\/2024\/06\/mandoline-coupe-legumes.jpg);min-height:450px;\"><\/div>\n                <\/div>\n              <\/div>\n                        <div class=\"col-12 col-lg-8 col-content d-flex my-auto px-0 pr-lg-4\" style=\"order:-1;\">\n              <div class=\"d-flex flex-column inner-content\">\n                                                  <div class=\"content nerf-last-p\">\n                    <p><span style=\"font-weight: 400;\">Les <\/span><a href=\"https:\/\/www.pradel-france.com\/239-mandolines\"><span style=\"font-weight: 400;\">mandolines<\/span><\/a><span style=\"font-weight: 400;\"> multifonctions sont des outils indispensables dans toutes les cuisines. Elle offre \u00e0 la fois rapidit\u00e9 et pr\u00e9cision pour des coupes uniformes. Que vous soyez un chef aux fourneaux ou un cuisinier amateur, apprendre \u00e0 <\/span><b>utiliser une mandoline multifonction<\/b><span style=\"font-weight: 400;\"> peut transformer votre mani\u00e8re de pr\u00e9parer les aliments !<\/span><\/p>\n<p><span style=\"font-weight: 400;\">\u00c0<\/span><span style=\"font-weight: 400;\"> travers cet article, vous allez d\u00e9couvrir les diff\u00e9rents aspects de cet ustensile, de ses fonctionnalit\u00e9s \u00e0 son entretien, en passant par les erreurs \u00e0 \u00e9viter et les techniques de coupe possibles.<\/span><\/p>\n                  <\/div>\n                                                  <div>\n                    <a class=\"btn btn-primary\" href=\"https:\/\/www.pradel-france.com\/239-mandolines\" title=\"D\u00e9couvrez nos mandolines !\" target='_blank'>D\u00e9couvrez nos mandolines !<\/a>\n                  <\/div>\n                              <\/div>\n            <\/div>\n          <\/div>\n        <\/div>\n      <\/section>\n    <\/div>\n\n\n\n\n\n    <div class=\"full-width bgcolor noprint\">\n      <section class=\"block-duo   boxed \">\n        <div class=\"container\">\n          <div class=\"row\">\n                          <div class=\"col-12 col-lg-4 col-img px-0 pl-lg-0 pr-lg-2\">\n                <div class=\"picture-wrapper h-100 w-100\">\n                  <div class=\"pic bcover h-100 w-100\" style=\"background-image:url(https:\/\/www.pradel-france.com\/blog\/wp-content\/uploads\/2024\/06\/avantages-mandoline-multifonction-709x1024.jpg);min-height:450px;\"><\/div>\n                <\/div>\n              <\/div>\n                        <div class=\"col-12 col-lg-8 col-content d-flex my-auto px-0 pl-lg-4\">\n              <div class=\"d-flex flex-column inner-content\">\n                          <h2 class=\"c-title-l\">Qu&rsquo;est-ce qu&rsquo;une mandoline multifonction ?<\/h2>\n                                      <div class=\"content nerf-last-p\">\n                    <p><span style=\"font-weight: 400;\">Une <\/span><b>mandoline multifonction<\/b><span style=\"font-weight: 400;\"> est un appareil de d\u00e9coupe de l\u00e9gumes con\u00e7u pour simplifier et acc\u00e9l\u00e9rer leur pr\u00e9paration. Contrairement \u00e0 un simple couteau, elle permet de r\u00e9aliser des coupes pr\u00e9cises et uniformes en un rien de temps.<\/span><\/p>\n<p><span style=\"font-weight: 400;\">Cet appareil se compose g\u00e9n\u00e9ralement d&rsquo;une base avec un support inclin\u00e9, sur lequel est fix\u00e9e une lame tranchante. Certains mod\u00e8les sont \u00e9quip\u00e9s de plusieurs lames interchangeables, pour une grande vari\u00e9t\u00e9 de coupes. Les <\/span><b>mandolines de cuisine<\/b><span style=\"font-weight: 400;\"> sont \u00e9galement con\u00e7ues avec des dispositifs de s\u00e9curit\u00e9 pour \u00e9viter les accidents, comme des prot\u00e8ge-doigts et des pieds antid\u00e9rapants.<\/span><\/p>\n                  <\/div>\n                                              <\/div>\n            <\/div>\n          <\/div>\n        <\/div>\n      <\/section>\n    <\/div>\n\n\n\n\n\n    <div class=\"full-width bgcolor noprint\">\n      <section class=\"block-duo alt   boxed \">\n        <div class=\"container\">\n          <div class=\"row\">\n                          <div class=\"col-12 col-lg-4 col-img px-0 pl-lg-0 pr-lg-2\">\n                <div class=\"picture-wrapper h-100 w-100\">\n                  <div class=\"pic bcover h-100 w-100\" style=\"background-image:url(https:\/\/www.pradel-france.com\/blog\/wp-content\/uploads\/2024\/06\/mandoline-en-securite-709x1024.jpg);min-height:450px;\"><\/div>\n                <\/div>\n              <\/div>\n                        <div class=\"col-12 col-lg-8 col-content d-flex my-auto px-0 pr-lg-4\" style=\"order:-1;\">\n              <div class=\"d-flex flex-column inner-content\">\n                          <h2 class=\"c-title-l\">Quelles sont les diff\u00e9rentes lames et accessoires d&rsquo;une mandoline multifonction ?<\/h2>\n                                      <div class=\"content nerf-last-p\">\n                    <p><span style=\"font-weight: 400;\">Une <\/span><b>mandoline coupe l\u00e9gume<\/b><span style=\"font-weight: 400;\"> est souvent livr\u00e9e avec un ensemble de lames et d&rsquo;accessoires qui augmentent sa polyvalence. Les lames peuvent \u00eatre de diff\u00e9rents types, chacune est adapt\u00e9e \u00e0 une d\u00e9coupe sp\u00e9cifique. Les lames droites sont id\u00e9ales pour trancher finement, tandis que les lames en V ou ondul\u00e9es sont parfaites pour des coupes d\u00e9coratives. Certaines mandolines incluent \u00e9galement des lames \u201cjulienne\u201d, qui permettent de cr\u00e9er des b\u00e2tonnets fins, id\u00e9als pour les salades et les garnitures.<\/span><\/p>\n<p>&nbsp;<\/p>\n<p><span style=\"font-weight: 400;\">En plus des lames, plusieurs <\/span><b>accessoires avec la mandoline multifonction<\/b><span style=\"font-weight: 400;\"> peuvent \u00eatre fournis, tels que des r\u00e9cipients de collecte pour les aliments coup\u00e9s, des prot\u00e8ge-doigts pour une utilisation de la <\/span><b>mandoline en s\u00e9curit\u00e9<\/b><span style=\"font-weight: 400;\">.<\/span><\/p>\n                  <\/div>\n                                              <\/div>\n            <\/div>\n          <\/div>\n        <\/div>\n      <\/section>\n    <\/div>\n\n\n\n\n\n    <div class=\"full-width bgcolor noprint\">\n      <section class=\"block-duo   boxed \">\n        <div class=\"container\">\n          <div class=\"row\">\n                          <div class=\"col-12 col-lg-4 col-img px-0 pl-lg-0 pr-lg-2\">\n                <div class=\"picture-wrapper h-100 w-100\">\n                  <div class=\"pic bcover h-100 w-100\" style=\"background-image:url(https:\/\/www.pradel-france.com\/blog\/wp-content\/uploads\/2024\/06\/nettoyer-mandoline-de-cuisine-709x1024.jpg);min-height:450px;\"><\/div>\n                <\/div>\n              <\/div>\n                        <div class=\"col-12 col-lg-8 col-content d-flex my-auto px-0 pl-lg-4\">\n              <div class=\"d-flex flex-column inner-content\">\n                          <h2 class=\"c-title-l\">Les erreurs \u00e0 \u00e9viter avec une mandoline multifonction<\/h2>\n                                      <div class=\"content nerf-last-p\">\n                    <p><span style=\"font-weight: 400;\">Bien qu\u2019<\/span><b>utiliser une mandoline multifonction<\/b><span style=\"font-weight: 400;\"> soit relativement simple, certaines erreurs peuvent compromettre votre s\u00e9curit\u00e9 et l&rsquo;efficacit\u00e9 de l&rsquo;appareil.<\/span><\/p>\n<p><span style=\"font-weight: 400;\">La premi\u00e8re erreur \u00e0 \u00e9viter est de ne pas utiliser le prot\u00e8ge-doigts fourni. Cet accessoire est essentiel pour \u00e9viter les blessures en maintenant vos mains \u00e0 une distance s\u00e9curitaire de la lame. Il est \u00e9galement crucial de ne pas exercer une pression excessive sur les aliments, car cela peut endommager la lame, mais aussi entra\u00eener des coupes irr\u00e9guli\u00e8res.<\/span><\/p>\n<p><span style=\"font-weight: 400;\">Une autre erreur courante est de ne pas nettoyer correctement la mandoline apr\u00e8s chaque utilisation. <\/span><b>Nettoyer votre mandoline de cuisine<\/b><span style=\"font-weight: 400;\"> imm\u00e9diatement apr\u00e8s utilisation permet de prolonger sa dur\u00e9e de vie et d&rsquo;\u00e9viter l&rsquo;accumulation de r\u00e9sidus alimentaires.<\/span><\/p>\n                  <\/div>\n                                              <\/div>\n            <\/div>\n          <\/div>\n        <\/div>\n      <\/section>\n    <\/div>\n\n\n\n\n\n    <div class=\"full-width bgcolor noprint\">\n      <section class=\"block-duo alt   boxed \">\n        <div class=\"container\">\n          <div class=\"row\">\n                          <div class=\"col-12 col-lg-4 col-img px-0 pl-lg-0 pr-lg-2\">\n                <div class=\"picture-wrapper h-100 w-100\">\n                  <div class=\"pic bcover h-100 w-100\" style=\"background-image:url(https:\/\/www.pradel-france.com\/blog\/wp-content\/uploads\/2024\/06\/mandoline-de-cuisine-709x1024.jpg);min-height:450px;\"><\/div>\n                <\/div>\n              <\/div>\n                        <div class=\"col-12 col-lg-8 col-content d-flex my-auto px-0 pr-lg-4\" style=\"order:-1;\">\n              <div class=\"d-flex flex-column inner-content\">\n                          <h2 class=\"c-title-l\">Quelles sont les techniques de coupe possibles avec une mandoline multifonction ?<\/h2>\n                                      <div class=\"content nerf-last-p\">\n                    <p><span style=\"font-weight: 400;\">Avec une <\/span><b>mandoline de cuisine<\/b><span style=\"font-weight: 400;\">, vous pouvez r\u00e9aliser une multitude de coupes qui rehausseront vos plats. Les <\/span><b>diff\u00e9rents types de d\u00e9coupe avec une mandoline multifonction<\/b><span style=\"font-weight: 400;\"> sont :<\/span><\/p>\n<p><span style=\"font-weight: 400;\">Les tranches fines et uniformes : id\u00e9ales pour les pommes de terre, les concombres, et les courgettes, ces tranches sont parfaites pour les chips maison ou les salades.<\/span><\/p>\n<p><span style=\"font-weight: 400;\">Les coupes julienne : utilisez la lame julienne pour cr\u00e9er des b\u00e2tonnets fins de carottes, de betteraves ou de poivrons, parfaits pour les salades ou les garnitures.<\/span><\/p>\n<p><span style=\"font-weight: 400;\">Les r\u00e2p\u00e9s : la lame \u00e0 r\u00e2per est parfaite pour le fromage, les carottes et d&rsquo;autres l\u00e9gumes, facilitant ainsi la pr\u00e9paration de salades et de gratins.<\/span><\/p>\n<p><span style=\"font-weight: 400;\">Les coupes en cube : certaines mandolines offrent des accessoires pour d\u00e9couper en cube, id\u00e9al pour les fruits et l\u00e9gumes destin\u00e9s aux salades de fruits ou aux rago\u00fbts.<\/span><\/p>\n                  <\/div>\n                                              <\/div>\n            <\/div>\n          <\/div>\n        <\/div>\n      <\/section>\n    <\/div>\n\n\n\n\n\n    <div class=\"full-width bgcolor noprint\">\n      <section class=\"block-duo   boxed \">\n        <div class=\"container\">\n          <div class=\"row\">\n                          <div class=\"col-12 col-lg-4 col-img px-0 pl-lg-0 pr-lg-2\">\n                <div class=\"picture-wrapper h-100 w-100\">\n                  <div class=\"pic bcover h-100 w-100\" style=\"background-image:url(https:\/\/www.pradel-france.com\/blog\/wp-content\/uploads\/2024\/06\/utiliser-mandoline-multifonction-709x1024.jpg);min-height:450px;\"><\/div>\n                <\/div>\n              <\/div>\n                        <div class=\"col-12 col-lg-8 col-content d-flex my-auto px-0 pl-lg-4\">\n              <div class=\"d-flex flex-column inner-content\">\n                          <h2 class=\"c-title-l\">Comment entretenir votre mandoline multifonction ?<\/h2>\n                                      <div class=\"content nerf-last-p\">\n                    <p><span style=\"font-weight: 400;\">L&rsquo;entretien de votre <\/span><b>mandoline multifonction<\/b><span style=\"font-weight: 400;\"> est essentiel pour assurer sa durabilit\u00e9 et son efficacit\u00e9. Apr\u00e8s chaque utilisation, il est crucial de <\/span><b>nettoyer la mandoline de cuisine<\/b><span style=\"font-weight: 400;\"> avec un soin particulier pour \u00e9viter l&rsquo;accumulation de r\u00e9sidus alimentaires. Vous pouvez utiliser une brosse douce pour retirer les d\u00e9bris des lames et \u00e9vitez de les frotter directement avec vos mains pour ne pas vous blesser.<\/span><\/p>\n<p><span style=\"font-weight: 400;\">Pour les mod\u00e8les en acier inoxydable, un s\u00e9chage complet apr\u00e8s le lavage est n\u00e9cessaire pour \u00e9viter la rouille. Il est \u00e9galement recommand\u00e9 de v\u00e9rifier r\u00e9guli\u00e8rement l&rsquo;\u00e9tat des lames et de les aff\u00fbter ou remplacer si n\u00e9cessaire. N\u2019oubliez pas de ranger votre mandoline dans un endroit sec et d\u2019utiliser les housses de protection fournies. <\/span><b>Bien choisir sa mandoline<\/b><span style=\"font-weight: 400;\"> implique aussi de savoir comment en prendre soin correctement !<\/span><\/p>\n                  <\/div>\n                                              <\/div>\n            <\/div>\n          <\/div>\n        <\/div>\n      <\/section>\n    <\/div>\n\n","protected":false},"excerpt":{"rendered":"","protected":false},"author":3,"featured_media":2222,"comment_status":"closed","ping_status":"closed","sticky":false,"template":"","format":"standard","meta":{"footnotes":""},"categories":[4,7],"tags":[],"class_list":["post-2228","post","type-post","status-publish","format-standard","has-post-thumbnail","hentry","category-conseils","category-la-decoupe","col-12","col-md-6 col-lg-4"],"acf":[],"yoast_head":"<!-- This site is optimized with the Yoast SEO plugin v26.7 - https:\/\/yoast.com\/wordpress\/plugins\/seo\/ -->\n<title>Comment manier une mandoline multifonction ? | Nos conseils<\/title>\n<meta name=\"description\" content=\"D\u00e9couvrez nos conseils pour utiliser au mieux une mandoline multifonction. De son utilisation \u00e0 sa s\u00e9curit\u00e9, c&#039;est l&#039;outil \u00e0 conna\u00eetre dans sa cuisine.\" \/>\n<meta name=\"robots\" content=\"index, follow, max-snippet:-1, max-image-preview:large, max-video-preview:-1\" \/>\n<link rel=\"canonical\" href=\"https:\/\/www.pradel-france.com\/blog\/comment-utiliser-mandoline-multifonction\/\" \/>\n<meta property=\"og:locale\" content=\"fr_FR\" \/>\n<meta property=\"og:type\" content=\"article\" \/>\n<meta property=\"og:title\" content=\"Comment manier une mandoline multifonction ? | Nos conseils\" \/>\n<meta property=\"og:description\" content=\"D\u00e9couvrez nos conseils pour utiliser au mieux une mandoline multifonction. De son utilisation \u00e0 sa s\u00e9curit\u00e9, c&#039;est l&#039;outil \u00e0 conna\u00eetre dans sa cuisine.\" \/>\n<meta property=\"og:url\" content=\"https:\/\/www.pradel-france.com\/blog\/comment-utiliser-mandoline-multifonction\/\" \/>\n<meta property=\"og:site_name\" content=\"Pradel France\" \/>\n<meta property=\"article:publisher\" content=\"https:\/\/www.facebook.com\/pradelfr\/\" \/>\n<meta property=\"article:published_time\" content=\"2024-06-11T09:10:34+00:00\" \/>\n<meta property=\"article:modified_time\" content=\"2024-06-11T09:10:35+00:00\" \/>\n<meta property=\"og:image\" content=\"https:\/\/www.pradel-france.com\/blog\/wp-content\/uploads\/2024\/06\/mandoline-coupe-legumes.jpg\" \/>\n\t<meta property=\"og:image:width\" content=\"900\" \/>\n\t<meta property=\"og:image:height\" content=\"600\" \/>\n\t<meta property=\"og:image:type\" content=\"image\/jpeg\" \/>\n<meta name=\"author\" content=\"Marine Leclercq\" \/>\n<meta name=\"twitter:card\" content=\"summary_large_image\" \/>\n<meta name=\"twitter:label1\" content=\"\u00c9crit par\" \/>\n\t<meta name=\"twitter:data1\" content=\"Marine Leclercq\" \/>\n<script type=\"application\/ld+json\" class=\"yoast-schema-graph\">{\"@context\":\"https:\/\/schema.org\",\"@graph\":[{\"@type\":\"Article\",\"@id\":\"https:\/\/www.pradel-france.com\/blog\/comment-utiliser-mandoline-multifonction\/#article\",\"isPartOf\":{\"@id\":\"https:\/\/www.pradel-france.com\/blog\/comment-utiliser-mandoline-multifonction\/\"},\"author\":{\"name\":\"Marine Leclercq\",\"@id\":\"https:\/\/www.pradel-france.com\/blog\/#\/schema\/person\/9d4906139d09c23f84665eda0714d04d\"},\"headline\":\"Comment utiliser une mandoline multifonction ?\",\"datePublished\":\"2024-06-11T09:10:34+00:00\",\"dateModified\":\"2024-06-11T09:10:35+00:00\",\"mainEntityOfPage\":{\"@id\":\"https:\/\/www.pradel-france.com\/blog\/comment-utiliser-mandoline-multifonction\/\"},\"wordCount\":5,\"publisher\":{\"@id\":\"https:\/\/www.pradel-france.com\/blog\/#organization\"},\"image\":{\"@id\":\"https:\/\/www.pradel-france.com\/blog\/comment-utiliser-mandoline-multifonction\/#primaryimage\"},\"thumbnailUrl\":\"https:\/\/www.pradel-france.com\/blog\/wp-content\/uploads\/2024\/06\/mandoline-coupe-legumes.jpg\",\"articleSection\":[\"Conseils Pradel Fance\",\"La d\u00e9coupe\"],\"inLanguage\":\"fr-FR\"},{\"@type\":\"WebPage\",\"@id\":\"https:\/\/www.pradel-france.com\/blog\/comment-utiliser-mandoline-multifonction\/\",\"url\":\"https:\/\/www.pradel-france.com\/blog\/comment-utiliser-mandoline-multifonction\/\",\"name\":\"Comment manier une mandoline multifonction ? | Nos conseils\",\"isPartOf\":{\"@id\":\"https:\/\/www.pradel-france.com\/blog\/#website\"},\"primaryImageOfPage\":{\"@id\":\"https:\/\/www.pradel-france.com\/blog\/comment-utiliser-mandoline-multifonction\/#primaryimage\"},\"image\":{\"@id\":\"https:\/\/www.pradel-france.com\/blog\/comment-utiliser-mandoline-multifonction\/#primaryimage\"},\"thumbnailUrl\":\"https:\/\/www.pradel-france.com\/blog\/wp-content\/uploads\/2024\/06\/mandoline-coupe-legumes.jpg\",\"datePublished\":\"2024-06-11T09:10:34+00:00\",\"dateModified\":\"2024-06-11T09:10:35+00:00\",\"description\":\"D\u00e9couvrez nos conseils pour utiliser au mieux une mandoline multifonction. De son utilisation \u00e0 sa s\u00e9curit\u00e9, c'est l'outil \u00e0 conna\u00eetre dans sa cuisine.\",\"breadcrumb\":{\"@id\":\"https:\/\/www.pradel-france.com\/blog\/comment-utiliser-mandoline-multifonction\/#breadcrumb\"},\"inLanguage\":\"fr-FR\",\"potentialAction\":[{\"@type\":\"ReadAction\",\"target\":[\"https:\/\/www.pradel-france.com\/blog\/comment-utiliser-mandoline-multifonction\/\"]}]},{\"@type\":\"ImageObject\",\"inLanguage\":\"fr-FR\",\"@id\":\"https:\/\/www.pradel-france.com\/blog\/comment-utiliser-mandoline-multifonction\/#primaryimage\",\"url\":\"https:\/\/www.pradel-france.com\/blog\/wp-content\/uploads\/2024\/06\/mandoline-coupe-legumes.jpg\",\"contentUrl\":\"https:\/\/www.pradel-france.com\/blog\/wp-content\/uploads\/2024\/06\/mandoline-coupe-legumes.jpg\",\"width\":900,\"height\":600,\"caption\":\"mandoline coupe legumes\"},{\"@type\":\"BreadcrumbList\",\"@id\":\"https:\/\/www.pradel-france.com\/blog\/comment-utiliser-mandoline-multifonction\/#breadcrumb\",\"itemListElement\":[{\"@type\":\"ListItem\",\"position\":1,\"name\":\"Accueil\",\"item\":\"https:\/\/www.pradel-france.com\/blog\/\"},{\"@type\":\"ListItem\",\"position\":2,\"name\":\"Conseils Pradel Fance\",\"item\":\"https:\/\/www.pradel-france.com\/blog\/category\/conseils\/\"},{\"@type\":\"ListItem\",\"position\":3,\"name\":\"Comment utiliser une mandoline multifonction ?\"}]},{\"@type\":\"WebSite\",\"@id\":\"https:\/\/www.pradel-france.com\/blog\/#website\",\"url\":\"https:\/\/www.pradel-france.com\/blog\/\",\"name\":\"Pradel France Blog\",\"description\":\"Les recettes et conseils Pradel France\",\"publisher\":{\"@id\":\"https:\/\/www.pradel-france.com\/blog\/#organization\"},\"alternateName\":\"Pradel blog\",\"potentialAction\":[{\"@type\":\"SearchAction\",\"target\":{\"@type\":\"EntryPoint\",\"urlTemplate\":\"https:\/\/www.pradel-france.com\/blog\/?s={search_term_string}\"},\"query-input\":{\"@type\":\"PropertyValueSpecification\",\"valueRequired\":true,\"valueName\":\"search_term_string\"}}],\"inLanguage\":\"fr-FR\"},{\"@type\":\"Organization\",\"@id\":\"https:\/\/www.pradel-france.com\/blog\/#organization\",\"name\":\"Pradel France Blog\",\"alternateName\":\"Pradel blog\",\"url\":\"https:\/\/www.pradel-france.com\/blog\/\",\"logo\":{\"@type\":\"ImageObject\",\"inLanguage\":\"fr-FR\",\"@id\":\"https:\/\/www.pradel-france.com\/blog\/#\/schema\/logo\/image\/\",\"url\":\"https:\/\/www.pradel-france.com\/blog\/wp-content\/uploads\/2023\/04\/pradel-200x200-1.jpg\",\"contentUrl\":\"https:\/\/www.pradel-france.com\/blog\/wp-content\/uploads\/2023\/04\/pradel-200x200-1.jpg\",\"width\":200,\"height\":200,\"caption\":\"Pradel France Blog\"},\"image\":{\"@id\":\"https:\/\/www.pradel-france.com\/blog\/#\/schema\/logo\/image\/\"},\"sameAs\":[\"https:\/\/www.facebook.com\/pradelfr\/\",\"https:\/\/www.instagram.com\/pradel_france\/\",\"https:\/\/www.youtube.com\/@Pradel-France-Homestyle\",\"https:\/\/www.linkedin.com\/company\/pradel-france-homestyle\/\",\"https:\/\/fr.pinterest.com\/pradelfrancehomestyle\/\"]},{\"@type\":\"Person\",\"@id\":\"https:\/\/www.pradel-france.com\/blog\/#\/schema\/person\/9d4906139d09c23f84665eda0714d04d\",\"name\":\"Marine Leclercq\",\"image\":{\"@type\":\"ImageObject\",\"inLanguage\":\"fr-FR\",\"@id\":\"https:\/\/www.pradel-france.com\/blog\/#\/schema\/person\/image\/\",\"url\":\"https:\/\/secure.gravatar.com\/avatar\/e9038faff8aa216af1edf85b0e1aca5abe197683108199ee783d6699f3a9d3fc?s=96&d=mm&r=g\",\"contentUrl\":\"https:\/\/secure.gravatar.com\/avatar\/e9038faff8aa216af1edf85b0e1aca5abe197683108199ee783d6699f3a9d3fc?s=96&d=mm&r=g\",\"caption\":\"Marine Leclercq\"}}]}<\/script>\n<!-- \/ Yoast SEO plugin. -->","yoast_head_json":{"title":"Comment manier une mandoline multifonction ? | Nos conseils","description":"D\u00e9couvrez nos conseils pour utiliser au mieux une mandoline multifonction. De son utilisation \u00e0 sa s\u00e9curit\u00e9, c'est l'outil \u00e0 conna\u00eetre dans sa cuisine.","robots":{"index":"index","follow":"follow","max-snippet":"max-snippet:-1","max-image-preview":"max-image-preview:large","max-video-preview":"max-video-preview:-1"},"canonical":"https:\/\/www.pradel-france.com\/blog\/comment-utiliser-mandoline-multifonction\/","og_locale":"fr_FR","og_type":"article","og_title":"Comment manier une mandoline multifonction ? | Nos conseils","og_description":"D\u00e9couvrez nos conseils pour utiliser au mieux une mandoline multifonction. De son utilisation \u00e0 sa s\u00e9curit\u00e9, c'est l'outil \u00e0 conna\u00eetre dans sa cuisine.","og_url":"https:\/\/www.pradel-france.com\/blog\/comment-utiliser-mandoline-multifonction\/","og_site_name":"Pradel France","article_publisher":"https:\/\/www.facebook.com\/pradelfr\/","article_published_time":"2024-06-11T09:10:34+00:00","article_modified_time":"2024-06-11T09:10:35+00:00","og_image":[{"width":900,"height":600,"url":"https:\/\/www.pradel-france.com\/blog\/wp-content\/uploads\/2024\/06\/mandoline-coupe-legumes.jpg","type":"image\/jpeg"}],"author":"Marine Leclercq","twitter_card":"summary_large_image","twitter_misc":{"\u00c9crit par":"Marine Leclercq"},"schema":{"@context":"https:\/\/schema.org","@graph":[{"@type":"Article","@id":"https:\/\/www.pradel-france.com\/blog\/comment-utiliser-mandoline-multifonction\/#article","isPartOf":{"@id":"https:\/\/www.pradel-france.com\/blog\/comment-utiliser-mandoline-multifonction\/"},"author":{"name":"Marine Leclercq","@id":"https:\/\/www.pradel-france.com\/blog\/#\/schema\/person\/9d4906139d09c23f84665eda0714d04d"},"headline":"Comment utiliser une mandoline multifonction ?","datePublished":"2024-06-11T09:10:34+00:00","dateModified":"2024-06-11T09:10:35+00:00","mainEntityOfPage":{"@id":"https:\/\/www.pradel-france.com\/blog\/comment-utiliser-mandoline-multifonction\/"},"wordCount":5,"publisher":{"@id":"https:\/\/www.pradel-france.com\/blog\/#organization"},"image":{"@id":"https:\/\/www.pradel-france.com\/blog\/comment-utiliser-mandoline-multifonction\/#primaryimage"},"thumbnailUrl":"https:\/\/www.pradel-france.com\/blog\/wp-content\/uploads\/2024\/06\/mandoline-coupe-legumes.jpg","articleSection":["Conseils Pradel Fance","La d\u00e9coupe"],"inLanguage":"fr-FR"},{"@type":"WebPage","@id":"https:\/\/www.pradel-france.com\/blog\/comment-utiliser-mandoline-multifonction\/","url":"https:\/\/www.pradel-france.com\/blog\/comment-utiliser-mandoline-multifonction\/","name":"Comment manier une mandoline multifonction ? | Nos conseils","isPartOf":{"@id":"https:\/\/www.pradel-france.com\/blog\/#website"},"primaryImageOfPage":{"@id":"https:\/\/www.pradel-france.com\/blog\/comment-utiliser-mandoline-multifonction\/#primaryimage"},"image":{"@id":"https:\/\/www.pradel-france.com\/blog\/comment-utiliser-mandoline-multifonction\/#primaryimage"},"thumbnailUrl":"https:\/\/www.pradel-france.com\/blog\/wp-content\/uploads\/2024\/06\/mandoline-coupe-legumes.jpg","datePublished":"2024-06-11T09:10:34+00:00","dateModified":"2024-06-11T09:10:35+00:00","description":"D\u00e9couvrez nos conseils pour utiliser au mieux une mandoline multifonction. De son utilisation \u00e0 sa s\u00e9curit\u00e9, c'est l'outil \u00e0 conna\u00eetre dans sa cuisine.","breadcrumb":{"@id":"https:\/\/www.pradel-france.com\/blog\/comment-utiliser-mandoline-multifonction\/#breadcrumb"},"inLanguage":"fr-FR","potentialAction":[{"@type":"ReadAction","target":["https:\/\/www.pradel-france.com\/blog\/comment-utiliser-mandoline-multifonction\/"]}]},{"@type":"ImageObject","inLanguage":"fr-FR","@id":"https:\/\/www.pradel-france.com\/blog\/comment-utiliser-mandoline-multifonction\/#primaryimage","url":"https:\/\/www.pradel-france.com\/blog\/wp-content\/uploads\/2024\/06\/mandoline-coupe-legumes.jpg","contentUrl":"https:\/\/www.pradel-france.com\/blog\/wp-content\/uploads\/2024\/06\/mandoline-coupe-legumes.jpg","width":900,"height":600,"caption":"mandoline coupe legumes"},{"@type":"BreadcrumbList","@id":"https:\/\/www.pradel-france.com\/blog\/comment-utiliser-mandoline-multifonction\/#breadcrumb","itemListElement":[{"@type":"ListItem","position":1,"name":"Accueil","item":"https:\/\/www.pradel-france.com\/blog\/"},{"@type":"ListItem","position":2,"name":"Conseils Pradel Fance","item":"https:\/\/www.pradel-france.com\/blog\/category\/conseils\/"},{"@type":"ListItem","position":3,"name":"Comment utiliser une mandoline multifonction ?"}]},{"@type":"WebSite","@id":"https:\/\/www.pradel-france.com\/blog\/#website","url":"https:\/\/www.pradel-france.com\/blog\/","name":"Pradel France Blog","description":"Les recettes et conseils Pradel France","publisher":{"@id":"https:\/\/www.pradel-france.com\/blog\/#organization"},"alternateName":"Pradel blog","potentialAction":[{"@type":"SearchAction","target":{"@type":"EntryPoint","urlTemplate":"https:\/\/www.pradel-france.com\/blog\/?s={search_term_string}"},"query-input":{"@type":"PropertyValueSpecification","valueRequired":true,"valueName":"search_term_string"}}],"inLanguage":"fr-FR"},{"@type":"Organization","@id":"https:\/\/www.pradel-france.com\/blog\/#organization","name":"Pradel France Blog","alternateName":"Pradel blog","url":"https:\/\/www.pradel-france.com\/blog\/","logo":{"@type":"ImageObject","inLanguage":"fr-FR","@id":"https:\/\/www.pradel-france.com\/blog\/#\/schema\/logo\/image\/","url":"https:\/\/www.pradel-france.com\/blog\/wp-content\/uploads\/2023\/04\/pradel-200x200-1.jpg","contentUrl":"https:\/\/www.pradel-france.com\/blog\/wp-content\/uploads\/2023\/04\/pradel-200x200-1.jpg","width":200,"height":200,"caption":"Pradel France Blog"},"image":{"@id":"https:\/\/www.pradel-france.com\/blog\/#\/schema\/logo\/image\/"},"sameAs":["https:\/\/www.facebook.com\/pradelfr\/","https:\/\/www.instagram.com\/pradel_france\/","https:\/\/www.youtube.com\/@Pradel-France-Homestyle","https:\/\/www.linkedin.com\/company\/pradel-france-homestyle\/","https:\/\/fr.pinterest.com\/pradelfrancehomestyle\/"]},{"@type":"Person","@id":"https:\/\/www.pradel-france.com\/blog\/#\/schema\/person\/9d4906139d09c23f84665eda0714d04d","name":"Marine Leclercq","image":{"@type":"ImageObject","inLanguage":"fr-FR","@id":"https:\/\/www.pradel-france.com\/blog\/#\/schema\/person\/image\/","url":"https:\/\/secure.gravatar.com\/avatar\/e9038faff8aa216af1edf85b0e1aca5abe197683108199ee783d6699f3a9d3fc?s=96&d=mm&r=g","contentUrl":"https:\/\/secure.gravatar.com\/avatar\/e9038faff8aa216af1edf85b0e1aca5abe197683108199ee783d6699f3a9d3fc?s=96&d=mm&r=g","caption":"Marine Leclercq"}}]}},"thumb":"https:\/\/www.pradel-france.com\/blog\/wp-content\/uploads\/2024\/06\/mandoline-coupe-legumes-350x250.jpg","category":"Conseils Pradel Fance","description":"Les mandolines multifonctions sont des outils indispensables dans toutes les cuisines. Elle offre \u00e0 la fois rapidit\u00e9 et pr\u00e9cision pour\u2026","_links":{"self":[{"href":"https:\/\/www.pradel-france.com\/blog\/wp-json\/wp\/v2\/posts\/2228","targetHints":{"allow":["GET"]}}],"collection":[{"href":"https:\/\/www.pradel-france.com\/blog\/wp-json\/wp\/v2\/posts"}],"about":[{"href":"https:\/\/www.pradel-france.com\/blog\/wp-json\/wp\/v2\/types\/post"}],"author":[{"embeddable":true,"href":"https:\/\/www.pradel-france.com\/blog\/wp-json\/wp\/v2\/users\/3"}],"replies":[{"embeddable":true,"href":"https:\/\/www.pradel-france.com\/blog\/wp-json\/wp\/v2\/comments?post=2228"}],"version-history":[{"count":10,"href":"https:\/\/www.pradel-france.com\/blog\/wp-json\/wp\/v2\/posts\/2228\/revisions"}],"predecessor-version":[{"id":2238,"href":"https:\/\/www.pradel-france.com\/blog\/wp-json\/wp\/v2\/posts\/2228\/revisions\/2238"}],"wp:featuredmedia":[{"embeddable":true,"href":"https:\/\/www.pradel-france.com\/blog\/wp-json\/wp\/v2\/media\/2222"}],"wp:attachment":[{"href":"https:\/\/www.pradel-france.com\/blog\/wp-json\/wp\/v2\/media?parent=2228"}],"wp:term":[{"taxonomy":"category","embeddable":true,"href":"https:\/\/www.pradel-france.com\/blog\/wp-json\/wp\/v2\/categories?post=2228"},{"taxonomy":"post_tag","embeddable":true,"href":"https:\/\/www.pradel-france.com\/blog\/wp-json\/wp\/v2\/tags?post=2228"}],"curies":[{"name":"wp","href":"https:\/\/api.w.org\/{rel}","templated":true}]}}