{"id":3850,"date":"2025-02-24T09:33:10","date_gmt":"2025-02-24T08:33:10","guid":{"rendered":"https:\/\/www.pradel-france.com\/blog\/?p=3850"},"modified":"2025-02-25T10:55:15","modified_gmt":"2025-02-25T09:55:15","slug":"comment-adopter-cuisine-zero-dechet-responsable","status":"publish","type":"post","link":"https:\/\/www.pradel-france.com\/blog\/comment-adopter-cuisine-zero-dechet-responsable\/","title":{"rendered":"Comment adopter une cuisine z\u00e9ro d\u00e9chet et responsable ?"},"content":{"rendered":"\n\n    <div class=\"full-width bgcolor noprint\">\n      <section class=\"block-duo alt   boxed \">\n        <div class=\"container\">\n          <div class=\"row\">\n                          <div class=\"col-12 col-lg-4 col-img px-0 pl-lg-0 pr-lg-2\">\n                <div class=\"picture-wrapper h-100 w-100\">\n                  <div class=\"pic bcover h-100 w-100\" style=\"background-image:url(https:\/\/www.pradel-france.com\/blog\/wp-content\/uploads\/2025\/02\/lot-de-3-bocaux-en-verre-1.jpg);min-height:450px;\"><\/div>\n                <\/div>\n              <\/div>\n                        <div class=\"col-12 col-lg-8 col-content d-flex my-auto px-0 pr-lg-4\" style=\"order:-1;\">\n              <div class=\"d-flex flex-column inner-content\">\n                                                  <div class=\"content nerf-last-p\">\n                    <div class=\"flex max-w-full flex-col flex-grow\">\n<div class=\"min-h-8 text-message flex w-full flex-col items-end gap-2 whitespace-normal break-words text-start [.text-message+&amp;]:mt-5\" dir=\"auto\" data-message-author-role=\"assistant\" data-message-id=\"6e8d0e84-a43c-452b-b43c-8482730929fd\" data-message-model-slug=\"gpt-4o\">\n<div class=\"flex w-full flex-col gap-1 empty:hidden first:pt-[3px]\">\n<div class=\"markdown prose w-full break-words dark:prose-invert light\">\n<p data-start=\"0\" data-end=\"290\"><strong data-start=\"0\" data-end=\"50\">Adopter une cuisine z\u00e9ro d\u00e9chet et responsable<\/strong> commence par une meilleure gestion des aliments au quotidien. Une bonne organisation passe avant tout par un <a href=\"https:\/\/www.pradel-france.com\/174-rangement-et-conservation\">rangement et une conservation<\/a> adapt\u00e9, \u00e9vitant ainsi le gaspillage alimentaire et prolongeant la fra\u00eecheur des produits.<\/p>\n<p data-start=\"292\" data-end=\"586\">En repensant nos habitudes, il est possible de limiter les d\u00e9chets tout en consommant plus intelligemment. De la gestion des restes aux alternatives aux emballages jetables, en passant par le choix d\u2019une alimentation locale et de saison, chaque geste compte pour une cuisine plus durable.<\/p>\n<p data-start=\"588\" data-end=\"710\" data-is-last-node=\"\" data-is-only-node=\"\">D\u00e9couvrez des astuces simples et efficaces pour transformer votre mani\u00e8re de cuisiner tout en respectant l\u2019environnement !<\/p>\n<\/div>\n<\/div>\n<\/div>\n<\/div>\n                  <\/div>\n                                                  <div>\n                    <a class=\"btn btn-primary\" href=\"https:\/\/www.pradel-france.com\/174-rangement-et-conservation\" title=\"D\u00e9couvrez tous nos rangements !\" target='_blank'>D\u00e9couvrez tous nos rangements !<\/a>\n                  <\/div>\n                              <\/div>\n            <\/div>\n          <\/div>\n        <\/div>\n      <\/section>\n    <\/div>\n\n\n\n\n\n    <div class=\"full-width bgcolor noprint\">\n      <section class=\"block-duo   boxed \">\n        <div class=\"container\">\n          <div class=\"row\">\n                          <div class=\"col-12 col-lg-4 col-img px-0 pl-lg-0 pr-lg-2\">\n                <div class=\"picture-wrapper h-100 w-100\">\n                  <div class=\"pic bcover h-100 w-100\" style=\"background-image:url(https:\/\/www.pradel-france.com\/blog\/wp-content\/uploads\/2025\/02\/lot-de-2-boites-de-conservation-vide-d-air-avec-pompe.jpg);min-height:450px;\"><\/div>\n                <\/div>\n              <\/div>\n                        <div class=\"col-12 col-lg-8 col-content d-flex my-auto px-0 pl-lg-4\">\n              <div class=\"d-flex flex-column inner-content\">\n                          <h2 class=\"c-title-l\">Les bases de la conservation des aliments pour \u00e9viter le gaspillage<\/h2>\n                                      <div class=\"content nerf-last-p\">\n                    <p>La <strong data-start=\"186\" data-end=\"215\">conservation des aliments<\/strong> joue un r\u00f4le essentiel pour limiter le <strong data-start=\"255\" data-end=\"281\">gaspillage alimentaire<\/strong>. Utiliser des bo\u00eetes de conservation sous vide est une m\u00e9thode efficace pour prolonger la fra\u00eecheur des produits en \u00e9liminant l&rsquo;air, ce qui emp\u00eache leur d\u00e9gradation rapide. De plus, les <strong data-start=\"468\" data-end=\"498\">pinces \u00e0 sachets fra\u00eecheur<\/strong> sont id\u00e9ales pour refermer herm\u00e9tiquement les sachets et \u00e9viter que les aliments ne perdent leur qualit\u00e9. Ces alternatives permettent de conserver des fruits, l\u00e9gumes et autres produits de mani\u00e8re optimale tout en r\u00e9duisant la d\u00e9pendance aux <strong data-start=\"741\" data-end=\"764\">emballages jetables<\/strong>. Pour les <strong data-start=\"775\" data-end=\"797\">produits de saison<\/strong>, ces solutions permettent de prolonger leur conservation et de mieux les g\u00e9rer, contribuant ainsi \u00e0 une <strong data-start=\"902\" data-end=\"925\">cuisine responsable<\/strong> et durable.<\/p>\n                  <\/div>\n                                              <\/div>\n            <\/div>\n          <\/div>\n        <\/div>\n      <\/section>\n    <\/div>\n\n\n\n\n\n    <div class=\"full-width bgcolor noprint\">\n      <section class=\"block-duo alt   boxed \">\n        <div class=\"container\">\n          <div class=\"row\">\n                          <div class=\"col-12 col-lg-4 col-img px-0 pl-lg-0 pr-lg-2\">\n                <div class=\"picture-wrapper h-100 w-100\">\n                  <div class=\"pic bcover h-100 w-100\" style=\"background-image:url(https:\/\/www.pradel-france.com\/blog\/wp-content\/uploads\/2025\/02\/poubelle-a-compost.jpg);min-height:450px;\"><\/div>\n                <\/div>\n              <\/div>\n                        <div class=\"col-12 col-lg-8 col-content d-flex my-auto px-0 pr-lg-4\" style=\"order:-1;\">\n              <div class=\"d-flex flex-column inner-content\">\n                          <h2 class=\"c-title-l\">Que faire des restes alimentaires ?<\/h2>\n                                      <div class=\"content nerf-last-p\">\n                    <p>Les restes alimentaires sont une ressource pr\u00e9cieuse qui permet de r\u00e9duire consid\u00e9rablement le <strong data-start=\"1218\" data-end=\"1244\">gaspillage alimentaire<\/strong>. Au lieu de jeter les morceaux de l\u00e9gumes, les fruits trop m\u00fbrs ou m\u00eame les restes de repas, il existe de nombreuses fa\u00e7ons de les transformer en plats d\u00e9licieux et nutritifs. Par exemple, les \u00e9pluchures de l\u00e9gumes peuvent \u00eatre utilis\u00e9es pour pr\u00e9parer un bouillon maison, tandis que les morceaux de pain dur peuvent \u00eatre r\u00e9utilis\u00e9s dans des recettes comme le pain perdu ou des croutons.<\/p>\n<p data-start=\"1633\" data-end=\"2015\">Le <strong data-start=\"1636\" data-end=\"1650\">compostage<\/strong> est \u00e9galement une excellente option pour recycler les restes organiques. Les \u00e9pluchures et restes de fruits et l\u00e9gumes peuvent \u00eatre transform\u00e9s en compost, ce qui enrichit le sol et \u00e9vite de les envoyer \u00e0 la d\u00e9charge. Une petite <strong data-start=\"1880\" data-end=\"1903\">cuisine responsable<\/strong> commence par cette prise de conscience que chaque petit geste compte et qu&rsquo;il est essentiel de ne rien perdre.<\/p>\n<p data-start=\"2017\" data-end=\"2225\">En r\u00e9utilisant les restes de mani\u00e8re cr\u00e9ative, on se rapproche de l\u2019objectif du <strong data-start=\"2097\" data-end=\"2112\">z\u00e9ro d\u00e9chet<\/strong> tout en r\u00e9duisant sa d\u00e9pendance aux produits jetables et en maximisant l&rsquo;utilisation des ressources disponibles.<\/p>\n                  <\/div>\n                                              <\/div>\n            <\/div>\n          <\/div>\n        <\/div>\n      <\/section>\n    <\/div>\n\n\n\n\n\n    <div class=\"full-width bgcolor noprint\">\n      <section class=\"block-duo   boxed \">\n        <div class=\"container\">\n          <div class=\"row\">\n                          <div class=\"col-12 col-lg-4 col-img px-0 pl-lg-0 pr-lg-2\">\n                <div class=\"picture-wrapper h-100 w-100\">\n                  <div class=\"pic bcover h-100 w-100\" style=\"background-image:url(https:\/\/www.pradel-france.com\/blog\/wp-content\/uploads\/2025\/02\/lot-de-3-bocaux-en-verre.jpg);min-height:450px;\"><\/div>\n                <\/div>\n              <\/div>\n                        <div class=\"col-12 col-lg-8 col-content d-flex my-auto px-0 pl-lg-4\">\n              <div class=\"d-flex flex-column inner-content\">\n                          <h2 class=\"c-title-l\">Les meilleures alternatives pour \u00e9viter les emballages jetables<\/h2>\n                                      <div class=\"content nerf-last-p\">\n                    <p>Les <strong data-start=\"2300\" data-end=\"2328\">emballages r\u00e9utilisables<\/strong> sont essentiels pour une cuisine z\u00e9ro d\u00e9chet. L&rsquo;utilisation d\u2019emballages jetables comme les films plastiques, les sacs en plastique et les bo\u00eetes \u00e0 usage unique est l&rsquo;une des premi\u00e8res causes du <strong data-start=\"2524\" data-end=\"2550\">gaspillage alimentaire<\/strong> dans nos cuisines. En rempla\u00e7ant ces produits par des alternatives durables, comme des sacs en toile, des bocaux en verre, ou des sacs \u00e0 vrac, on r\u00e9duit consid\u00e9rablement la production de d\u00e9chets plastiques.<\/p>\n<p data-start=\"2759\" data-end=\"3092\">Les <strong data-start=\"2763\" data-end=\"2782\">circuits courts<\/strong> jouent \u00e9galement un r\u00f4le majeur dans cette r\u00e9duction des emballages. En achetant directement chez les producteurs locaux, vous vous assurez non seulement de consommer des produits frais et de saison, mais vous \u00e9vitez \u00e9galement l\u2019utilisation de plastiques superflus, souvent pr\u00e9sents dans les grandes surfaces.<\/p>\n<p data-start=\"3094\" data-end=\"3420\">Privil\u00e9gier des contenants comme des bocaux en verre, des bo\u00eetes herm\u00e9tiques et des sacs en tissu peut aussi transformer la gestion de vos courses et de vos repas. En offrant des solutions pratiques et \u00e9cologiques pour le stockage des aliments, ces alternatives permettent de diminuer l&rsquo;impact environnemental de chaque repas.<\/p>\n<p>&nbsp;<\/p>\n                  <\/div>\n                                              <\/div>\n            <\/div>\n          <\/div>\n        <\/div>\n      <\/section>\n    <\/div>\n\n\n\n\n\n    <div class=\"full-width bgcolor noprint\">\n      <section class=\"block-duo alt   boxed \">\n        <div class=\"container\">\n          <div class=\"row\">\n                          <div class=\"col-12 col-lg-4 col-img px-0 pl-lg-0 pr-lg-2\">\n                <div class=\"picture-wrapper h-100 w-100\">\n                  <div class=\"pic bcover h-100 w-100\" style=\"background-image:url(https:\/\/www.pradel-france.com\/blog\/wp-content\/uploads\/2025\/02\/batterie-5-pieces-mineral.jpg);min-height:450px;\"><\/div>\n                <\/div>\n              <\/div>\n                        <div class=\"col-12 col-lg-8 col-content d-flex my-auto px-0 pr-lg-4\" style=\"order:-1;\">\n              <div class=\"d-flex flex-column inner-content\">\n                          <h2 class=\"c-title-l\">Consommer local : pourquoi privil\u00e9gier les circuits courts ?<\/h2>\n                                      <div class=\"content nerf-last-p\">\n                    <p>Choisir des <strong data-start=\"3500\" data-end=\"3522\">produits de saison<\/strong> et privil\u00e9gier l&rsquo;<strong data-start=\"3540\" data-end=\"3563\">alimentation locale<\/strong> permet de soutenir les agriculteurs locaux tout en r\u00e9duisant l&#8217;empreinte carbone de notre alimentation. Les <strong data-start=\"3672\" data-end=\"3691\">circuits courts<\/strong> offrent une solution directe pour consommer des produits frais, cultiv\u00e9s \u00e0 proximit\u00e9, et souvent sans emballages superflus. Ces produits sont g\u00e9n\u00e9ralement r\u00e9colt\u00e9s \u00e0 maturit\u00e9 et sont donc plus riches en nutriments.<\/p>\n<p data-start=\"3908\" data-end=\"4325\">En achetant localement, vous r\u00e9duisez non seulement la quantit\u00e9 de <strong data-start=\"3975\" data-end=\"4001\">gaspillage alimentaire<\/strong> en limitant les pertes li\u00e9es au transport et \u00e0 la conservation, mais vous participez aussi \u00e0 la cr\u00e9ation d&rsquo;une \u00e9conomie plus responsable et durable. Acheter des fruits et l\u00e9gumes de saison, produits sans pesticides ou autres traitements chimiques, permet \u00e9galement de limiter la pollution li\u00e9e \u00e0 l&rsquo;agriculture industrielle.<\/p>\n<p data-start=\"4327\" data-end=\"4495\">Cela s\u2019inscrit dans une d\u00e9marche de <strong data-start=\"4363\" data-end=\"4386\">cuisine responsable<\/strong> o\u00f9 chaque \u00e9tape de la cha\u00eene de production alimentaire est prise en compte, de la culture \u00e0 la consommation.<\/p>\n                  <\/div>\n                                              <\/div>\n            <\/div>\n          <\/div>\n        <\/div>\n      <\/section>\n    <\/div>\n\n\n\n\n\n    <div class=\"full-width bgcolor noprint\">\n      <section class=\"block-duo   boxed \">\n        <div class=\"container\">\n          <div class=\"row\">\n                          <div class=\"col-12 col-lg-4 col-img px-0 pl-lg-0 pr-lg-2\">\n                <div class=\"picture-wrapper h-100 w-100\">\n                  <div class=\"pic bcover h-100 w-100\" style=\"background-image:url(https:\/\/www.pradel-france.com\/blog\/wp-content\/uploads\/2025\/02\/batterie-7-pieces-oliwood.jpg);min-height:450px;\"><\/div>\n                <\/div>\n              <\/div>\n                        <div class=\"col-12 col-lg-8 col-content d-flex my-auto px-0 pl-lg-4\">\n              <div class=\"d-flex flex-column inner-content\">\n                          <h2 class=\"c-title-l\">Une cuisine responsable : allier durabilit\u00e9 et bien-\u00eatre<\/h2>\n                                      <div class=\"content nerf-last-p\">\n                    <p data-start=\"64\" data-end=\"433\">Adopter une <strong data-start=\"76\" data-end=\"99\">cuisine responsable<\/strong> ne se limite pas \u00e0 r\u00e9duire les d\u00e9chets, c\u2019est aussi faire des choix durables pour pr\u00e9server sa sant\u00e9 et l\u2019environnement. Opter pour des ustensiles avec des <strong data-start=\"256\" data-end=\"285\">rev\u00eatements antiadh\u00e9rents<\/strong> de qualit\u00e9, sans substances controvers\u00e9es, permet de cuisiner avec moins de mati\u00e8res grasses tout en prolongeant la dur\u00e9e de vie de son mat\u00e9riel.<\/p>\n<p data-start=\"792\" data-end=\"1094\" data-is-last-node=\"\">Utiliser des mat\u00e9riaux durables, comme des po\u00eales et casseroles \u00e0 <strong data-start=\"858\" data-end=\"885\">rev\u00eatement antiadh\u00e9rent<\/strong> de nouvelle g\u00e9n\u00e9ration, favorise une cuisine plus \u00e9cologique et performante. En int\u00e9grant ces bonnes pratiques au quotidien, chacun contribue \u00e0 une alimentation plus respectueuse de sa sant\u00e9 et de la plan\u00e8te.<\/p>\n                  <\/div>\n                                              <\/div>\n            <\/div>\n          <\/div>\n        <\/div>\n      <\/section>\n    <\/div>\n\n","protected":false},"excerpt":{"rendered":"","protected":false},"author":3,"featured_media":3883,"comment_status":"closed","ping_status":"closed","sticky":false,"template":"","format":"standard","meta":{"footnotes":""},"categories":[4,8],"tags":[],"class_list":["post-3850","post","type-post","status-publish","format-standard","has-post-thumbnail","hentry","category-conseils","category-les-astuces","col-12","col-md-6 col-lg-4"],"acf":[],"yoast_head":"<!-- This site is optimized with the Yoast SEO plugin v26.7 - https:\/\/yoast.com\/wordpress\/plugins\/seo\/ -->\n<title>Comment adopter une cuisine z\u00e9ro d\u00e9chet et responsable ?<\/title>\n<meta name=\"description\" content=\"D\u00e9couvrez comment adopter une cuisine z\u00e9ro d\u00e9chet en conservant mieux vos aliments, r\u00e9duisant le gaspillage et consommant de mani\u00e8re plus responsable au quotidien.\" \/>\n<meta name=\"robots\" content=\"index, follow, max-snippet:-1, max-image-preview:large, max-video-preview:-1\" \/>\n<link rel=\"canonical\" href=\"https:\/\/www.pradel-france.com\/blog\/comment-adopter-cuisine-zero-dechet-responsable\/\" \/>\n<meta property=\"og:locale\" content=\"fr_FR\" \/>\n<meta property=\"og:type\" content=\"article\" \/>\n<meta property=\"og:title\" content=\"Comment adopter une cuisine z\u00e9ro d\u00e9chet et responsable ?\" \/>\n<meta property=\"og:description\" content=\"D\u00e9couvrez comment adopter une cuisine z\u00e9ro d\u00e9chet en conservant mieux vos aliments, r\u00e9duisant le gaspillage et consommant de mani\u00e8re plus responsable au quotidien.\" \/>\n<meta property=\"og:url\" content=\"https:\/\/www.pradel-france.com\/blog\/comment-adopter-cuisine-zero-dechet-responsable\/\" \/>\n<meta property=\"og:site_name\" content=\"Pradel France\" \/>\n<meta property=\"article:publisher\" content=\"https:\/\/www.facebook.com\/pradelfr\/\" \/>\n<meta property=\"article:published_time\" content=\"2025-02-24T08:33:10+00:00\" \/>\n<meta property=\"article:modified_time\" content=\"2025-02-25T09:55:15+00:00\" \/>\n<meta property=\"og:image\" content=\"https:\/\/www.pradel-france.com\/blog\/wp-content\/uploads\/2025\/02\/people-cooking-enjoying-food-scaled.jpg\" \/>\n\t<meta property=\"og:image:width\" content=\"2560\" \/>\n\t<meta property=\"og:image:height\" content=\"1707\" \/>\n\t<meta property=\"og:image:type\" content=\"image\/jpeg\" \/>\n<meta name=\"author\" content=\"Marine Leclercq\" \/>\n<meta name=\"twitter:card\" content=\"summary_large_image\" \/>\n<meta name=\"twitter:label1\" content=\"\u00c9crit par\" \/>\n\t<meta name=\"twitter:data1\" content=\"Marine Leclercq\" \/>\n<script type=\"application\/ld+json\" class=\"yoast-schema-graph\">{\"@context\":\"https:\/\/schema.org\",\"@graph\":[{\"@type\":\"Article\",\"@id\":\"https:\/\/www.pradel-france.com\/blog\/comment-adopter-cuisine-zero-dechet-responsable\/#article\",\"isPartOf\":{\"@id\":\"https:\/\/www.pradel-france.com\/blog\/comment-adopter-cuisine-zero-dechet-responsable\/\"},\"author\":{\"name\":\"Marine Leclercq\",\"@id\":\"https:\/\/www.pradel-france.com\/blog\/#\/schema\/person\/9d4906139d09c23f84665eda0714d04d\"},\"headline\":\"Comment adopter une cuisine z\u00e9ro d\u00e9chet et responsable ?\",\"datePublished\":\"2025-02-24T08:33:10+00:00\",\"dateModified\":\"2025-02-25T09:55:15+00:00\",\"mainEntityOfPage\":{\"@id\":\"https:\/\/www.pradel-france.com\/blog\/comment-adopter-cuisine-zero-dechet-responsable\/\"},\"wordCount\":10,\"publisher\":{\"@id\":\"https:\/\/www.pradel-france.com\/blog\/#organization\"},\"image\":{\"@id\":\"https:\/\/www.pradel-france.com\/blog\/comment-adopter-cuisine-zero-dechet-responsable\/#primaryimage\"},\"thumbnailUrl\":\"https:\/\/www.pradel-france.com\/blog\/wp-content\/uploads\/2025\/02\/people-cooking-enjoying-food-scaled.jpg\",\"articleSection\":[\"Conseils Pradel Fance\",\"Les astuces\"],\"inLanguage\":\"fr-FR\"},{\"@type\":\"WebPage\",\"@id\":\"https:\/\/www.pradel-france.com\/blog\/comment-adopter-cuisine-zero-dechet-responsable\/\",\"url\":\"https:\/\/www.pradel-france.com\/blog\/comment-adopter-cuisine-zero-dechet-responsable\/\",\"name\":\"Comment adopter une cuisine z\u00e9ro d\u00e9chet et responsable ?\",\"isPartOf\":{\"@id\":\"https:\/\/www.pradel-france.com\/blog\/#website\"},\"primaryImageOfPage\":{\"@id\":\"https:\/\/www.pradel-france.com\/blog\/comment-adopter-cuisine-zero-dechet-responsable\/#primaryimage\"},\"image\":{\"@id\":\"https:\/\/www.pradel-france.com\/blog\/comment-adopter-cuisine-zero-dechet-responsable\/#primaryimage\"},\"thumbnailUrl\":\"https:\/\/www.pradel-france.com\/blog\/wp-content\/uploads\/2025\/02\/people-cooking-enjoying-food-scaled.jpg\",\"datePublished\":\"2025-02-24T08:33:10+00:00\",\"dateModified\":\"2025-02-25T09:55:15+00:00\",\"description\":\"D\u00e9couvrez comment adopter une cuisine z\u00e9ro d\u00e9chet en conservant mieux vos aliments, r\u00e9duisant le gaspillage et consommant de mani\u00e8re plus responsable au quotidien.\",\"breadcrumb\":{\"@id\":\"https:\/\/www.pradel-france.com\/blog\/comment-adopter-cuisine-zero-dechet-responsable\/#breadcrumb\"},\"inLanguage\":\"fr-FR\",\"potentialAction\":[{\"@type\":\"ReadAction\",\"target\":[\"https:\/\/www.pradel-france.com\/blog\/comment-adopter-cuisine-zero-dechet-responsable\/\"]}]},{\"@type\":\"ImageObject\",\"inLanguage\":\"fr-FR\",\"@id\":\"https:\/\/www.pradel-france.com\/blog\/comment-adopter-cuisine-zero-dechet-responsable\/#primaryimage\",\"url\":\"https:\/\/www.pradel-france.com\/blog\/wp-content\/uploads\/2025\/02\/people-cooking-enjoying-food-scaled.jpg\",\"contentUrl\":\"https:\/\/www.pradel-france.com\/blog\/wp-content\/uploads\/2025\/02\/people-cooking-enjoying-food-scaled.jpg\",\"width\":2560,\"height\":1707},{\"@type\":\"BreadcrumbList\",\"@id\":\"https:\/\/www.pradel-france.com\/blog\/comment-adopter-cuisine-zero-dechet-responsable\/#breadcrumb\",\"itemListElement\":[{\"@type\":\"ListItem\",\"position\":1,\"name\":\"Accueil\",\"item\":\"https:\/\/www.pradel-france.com\/blog\/\"},{\"@type\":\"ListItem\",\"position\":2,\"name\":\"Conseils Pradel Fance\",\"item\":\"https:\/\/www.pradel-france.com\/blog\/category\/conseils\/\"},{\"@type\":\"ListItem\",\"position\":3,\"name\":\"Comment adopter une cuisine z\u00e9ro d\u00e9chet et responsable ?\"}]},{\"@type\":\"WebSite\",\"@id\":\"https:\/\/www.pradel-france.com\/blog\/#website\",\"url\":\"https:\/\/www.pradel-france.com\/blog\/\",\"name\":\"Pradel France Blog\",\"description\":\"Les recettes et conseils Pradel France\",\"publisher\":{\"@id\":\"https:\/\/www.pradel-france.com\/blog\/#organization\"},\"alternateName\":\"Pradel blog\",\"potentialAction\":[{\"@type\":\"SearchAction\",\"target\":{\"@type\":\"EntryPoint\",\"urlTemplate\":\"https:\/\/www.pradel-france.com\/blog\/?s={search_term_string}\"},\"query-input\":{\"@type\":\"PropertyValueSpecification\",\"valueRequired\":true,\"valueName\":\"search_term_string\"}}],\"inLanguage\":\"fr-FR\"},{\"@type\":\"Organization\",\"@id\":\"https:\/\/www.pradel-france.com\/blog\/#organization\",\"name\":\"Pradel France Blog\",\"alternateName\":\"Pradel blog\",\"url\":\"https:\/\/www.pradel-france.com\/blog\/\",\"logo\":{\"@type\":\"ImageObject\",\"inLanguage\":\"fr-FR\",\"@id\":\"https:\/\/www.pradel-france.com\/blog\/#\/schema\/logo\/image\/\",\"url\":\"https:\/\/www.pradel-france.com\/blog\/wp-content\/uploads\/2023\/04\/pradel-200x200-1.jpg\",\"contentUrl\":\"https:\/\/www.pradel-france.com\/blog\/wp-content\/uploads\/2023\/04\/pradel-200x200-1.jpg\",\"width\":200,\"height\":200,\"caption\":\"Pradel France Blog\"},\"image\":{\"@id\":\"https:\/\/www.pradel-france.com\/blog\/#\/schema\/logo\/image\/\"},\"sameAs\":[\"https:\/\/www.facebook.com\/pradelfr\/\",\"https:\/\/www.instagram.com\/pradel_france\/\",\"https:\/\/www.youtube.com\/@Pradel-France-Homestyle\",\"https:\/\/www.linkedin.com\/company\/pradel-france-homestyle\/\",\"https:\/\/fr.pinterest.com\/pradelfrancehomestyle\/\"]},{\"@type\":\"Person\",\"@id\":\"https:\/\/www.pradel-france.com\/blog\/#\/schema\/person\/9d4906139d09c23f84665eda0714d04d\",\"name\":\"Marine Leclercq\",\"image\":{\"@type\":\"ImageObject\",\"inLanguage\":\"fr-FR\",\"@id\":\"https:\/\/www.pradel-france.com\/blog\/#\/schema\/person\/image\/\",\"url\":\"https:\/\/secure.gravatar.com\/avatar\/e9038faff8aa216af1edf85b0e1aca5abe197683108199ee783d6699f3a9d3fc?s=96&d=mm&r=g\",\"contentUrl\":\"https:\/\/secure.gravatar.com\/avatar\/e9038faff8aa216af1edf85b0e1aca5abe197683108199ee783d6699f3a9d3fc?s=96&d=mm&r=g\",\"caption\":\"Marine Leclercq\"}}]}<\/script>\n<!-- \/ Yoast SEO plugin. -->","yoast_head_json":{"title":"Comment adopter une cuisine z\u00e9ro d\u00e9chet et responsable ?","description":"D\u00e9couvrez comment adopter une cuisine z\u00e9ro d\u00e9chet en conservant mieux vos aliments, r\u00e9duisant le gaspillage et consommant de mani\u00e8re plus responsable au quotidien.","robots":{"index":"index","follow":"follow","max-snippet":"max-snippet:-1","max-image-preview":"max-image-preview:large","max-video-preview":"max-video-preview:-1"},"canonical":"https:\/\/www.pradel-france.com\/blog\/comment-adopter-cuisine-zero-dechet-responsable\/","og_locale":"fr_FR","og_type":"article","og_title":"Comment adopter une cuisine z\u00e9ro d\u00e9chet et responsable ?","og_description":"D\u00e9couvrez comment adopter une cuisine z\u00e9ro d\u00e9chet en conservant mieux vos aliments, r\u00e9duisant le gaspillage et consommant de mani\u00e8re plus responsable au quotidien.","og_url":"https:\/\/www.pradel-france.com\/blog\/comment-adopter-cuisine-zero-dechet-responsable\/","og_site_name":"Pradel France","article_publisher":"https:\/\/www.facebook.com\/pradelfr\/","article_published_time":"2025-02-24T08:33:10+00:00","article_modified_time":"2025-02-25T09:55:15+00:00","og_image":[{"width":2560,"height":1707,"url":"https:\/\/www.pradel-france.com\/blog\/wp-content\/uploads\/2025\/02\/people-cooking-enjoying-food-scaled.jpg","type":"image\/jpeg"}],"author":"Marine Leclercq","twitter_card":"summary_large_image","twitter_misc":{"\u00c9crit par":"Marine Leclercq"},"schema":{"@context":"https:\/\/schema.org","@graph":[{"@type":"Article","@id":"https:\/\/www.pradel-france.com\/blog\/comment-adopter-cuisine-zero-dechet-responsable\/#article","isPartOf":{"@id":"https:\/\/www.pradel-france.com\/blog\/comment-adopter-cuisine-zero-dechet-responsable\/"},"author":{"name":"Marine Leclercq","@id":"https:\/\/www.pradel-france.com\/blog\/#\/schema\/person\/9d4906139d09c23f84665eda0714d04d"},"headline":"Comment adopter une cuisine z\u00e9ro d\u00e9chet et responsable ?","datePublished":"2025-02-24T08:33:10+00:00","dateModified":"2025-02-25T09:55:15+00:00","mainEntityOfPage":{"@id":"https:\/\/www.pradel-france.com\/blog\/comment-adopter-cuisine-zero-dechet-responsable\/"},"wordCount":10,"publisher":{"@id":"https:\/\/www.pradel-france.com\/blog\/#organization"},"image":{"@id":"https:\/\/www.pradel-france.com\/blog\/comment-adopter-cuisine-zero-dechet-responsable\/#primaryimage"},"thumbnailUrl":"https:\/\/www.pradel-france.com\/blog\/wp-content\/uploads\/2025\/02\/people-cooking-enjoying-food-scaled.jpg","articleSection":["Conseils Pradel Fance","Les astuces"],"inLanguage":"fr-FR"},{"@type":"WebPage","@id":"https:\/\/www.pradel-france.com\/blog\/comment-adopter-cuisine-zero-dechet-responsable\/","url":"https:\/\/www.pradel-france.com\/blog\/comment-adopter-cuisine-zero-dechet-responsable\/","name":"Comment adopter une cuisine z\u00e9ro d\u00e9chet et responsable ?","isPartOf":{"@id":"https:\/\/www.pradel-france.com\/blog\/#website"},"primaryImageOfPage":{"@id":"https:\/\/www.pradel-france.com\/blog\/comment-adopter-cuisine-zero-dechet-responsable\/#primaryimage"},"image":{"@id":"https:\/\/www.pradel-france.com\/blog\/comment-adopter-cuisine-zero-dechet-responsable\/#primaryimage"},"thumbnailUrl":"https:\/\/www.pradel-france.com\/blog\/wp-content\/uploads\/2025\/02\/people-cooking-enjoying-food-scaled.jpg","datePublished":"2025-02-24T08:33:10+00:00","dateModified":"2025-02-25T09:55:15+00:00","description":"D\u00e9couvrez comment adopter une cuisine z\u00e9ro d\u00e9chet en conservant mieux vos aliments, r\u00e9duisant le gaspillage et consommant de mani\u00e8re plus responsable au quotidien.","breadcrumb":{"@id":"https:\/\/www.pradel-france.com\/blog\/comment-adopter-cuisine-zero-dechet-responsable\/#breadcrumb"},"inLanguage":"fr-FR","potentialAction":[{"@type":"ReadAction","target":["https:\/\/www.pradel-france.com\/blog\/comment-adopter-cuisine-zero-dechet-responsable\/"]}]},{"@type":"ImageObject","inLanguage":"fr-FR","@id":"https:\/\/www.pradel-france.com\/blog\/comment-adopter-cuisine-zero-dechet-responsable\/#primaryimage","url":"https:\/\/www.pradel-france.com\/blog\/wp-content\/uploads\/2025\/02\/people-cooking-enjoying-food-scaled.jpg","contentUrl":"https:\/\/www.pradel-france.com\/blog\/wp-content\/uploads\/2025\/02\/people-cooking-enjoying-food-scaled.jpg","width":2560,"height":1707},{"@type":"BreadcrumbList","@id":"https:\/\/www.pradel-france.com\/blog\/comment-adopter-cuisine-zero-dechet-responsable\/#breadcrumb","itemListElement":[{"@type":"ListItem","position":1,"name":"Accueil","item":"https:\/\/www.pradel-france.com\/blog\/"},{"@type":"ListItem","position":2,"name":"Conseils Pradel Fance","item":"https:\/\/www.pradel-france.com\/blog\/category\/conseils\/"},{"@type":"ListItem","position":3,"name":"Comment adopter une cuisine z\u00e9ro d\u00e9chet et responsable ?"}]},{"@type":"WebSite","@id":"https:\/\/www.pradel-france.com\/blog\/#website","url":"https:\/\/www.pradel-france.com\/blog\/","name":"Pradel France Blog","description":"Les recettes et conseils Pradel France","publisher":{"@id":"https:\/\/www.pradel-france.com\/blog\/#organization"},"alternateName":"Pradel blog","potentialAction":[{"@type":"SearchAction","target":{"@type":"EntryPoint","urlTemplate":"https:\/\/www.pradel-france.com\/blog\/?s={search_term_string}"},"query-input":{"@type":"PropertyValueSpecification","valueRequired":true,"valueName":"search_term_string"}}],"inLanguage":"fr-FR"},{"@type":"Organization","@id":"https:\/\/www.pradel-france.com\/blog\/#organization","name":"Pradel France Blog","alternateName":"Pradel blog","url":"https:\/\/www.pradel-france.com\/blog\/","logo":{"@type":"ImageObject","inLanguage":"fr-FR","@id":"https:\/\/www.pradel-france.com\/blog\/#\/schema\/logo\/image\/","url":"https:\/\/www.pradel-france.com\/blog\/wp-content\/uploads\/2023\/04\/pradel-200x200-1.jpg","contentUrl":"https:\/\/www.pradel-france.com\/blog\/wp-content\/uploads\/2023\/04\/pradel-200x200-1.jpg","width":200,"height":200,"caption":"Pradel France Blog"},"image":{"@id":"https:\/\/www.pradel-france.com\/blog\/#\/schema\/logo\/image\/"},"sameAs":["https:\/\/www.facebook.com\/pradelfr\/","https:\/\/www.instagram.com\/pradel_france\/","https:\/\/www.youtube.com\/@Pradel-France-Homestyle","https:\/\/www.linkedin.com\/company\/pradel-france-homestyle\/","https:\/\/fr.pinterest.com\/pradelfrancehomestyle\/"]},{"@type":"Person","@id":"https:\/\/www.pradel-france.com\/blog\/#\/schema\/person\/9d4906139d09c23f84665eda0714d04d","name":"Marine Leclercq","image":{"@type":"ImageObject","inLanguage":"fr-FR","@id":"https:\/\/www.pradel-france.com\/blog\/#\/schema\/person\/image\/","url":"https:\/\/secure.gravatar.com\/avatar\/e9038faff8aa216af1edf85b0e1aca5abe197683108199ee783d6699f3a9d3fc?s=96&d=mm&r=g","contentUrl":"https:\/\/secure.gravatar.com\/avatar\/e9038faff8aa216af1edf85b0e1aca5abe197683108199ee783d6699f3a9d3fc?s=96&d=mm&r=g","caption":"Marine Leclercq"}}]}},"thumb":"https:\/\/www.pradel-france.com\/blog\/wp-content\/uploads\/2025\/02\/people-cooking-enjoying-food-350x250.jpg","category":"Conseils Pradel Fance","description":"Adopter une cuisine z\u00e9ro d\u00e9chet et responsable commence par une meilleure gestion des aliments au quotidien. Une bonne organisation passe\u2026","_links":{"self":[{"href":"https:\/\/www.pradel-france.com\/blog\/wp-json\/wp\/v2\/posts\/3850","targetHints":{"allow":["GET"]}}],"collection":[{"href":"https:\/\/www.pradel-france.com\/blog\/wp-json\/wp\/v2\/posts"}],"about":[{"href":"https:\/\/www.pradel-france.com\/blog\/wp-json\/wp\/v2\/types\/post"}],"author":[{"embeddable":true,"href":"https:\/\/www.pradel-france.com\/blog\/wp-json\/wp\/v2\/users\/3"}],"replies":[{"embeddable":true,"href":"https:\/\/www.pradel-france.com\/blog\/wp-json\/wp\/v2\/comments?post=3850"}],"version-history":[{"count":36,"href":"https:\/\/www.pradel-france.com\/blog\/wp-json\/wp\/v2\/posts\/3850\/revisions"}],"predecessor-version":[{"id":3894,"href":"https:\/\/www.pradel-france.com\/blog\/wp-json\/wp\/v2\/posts\/3850\/revisions\/3894"}],"wp:featuredmedia":[{"embeddable":true,"href":"https:\/\/www.pradel-france.com\/blog\/wp-json\/wp\/v2\/media\/3883"}],"wp:attachment":[{"href":"https:\/\/www.pradel-france.com\/blog\/wp-json\/wp\/v2\/media?parent=3850"}],"wp:term":[{"taxonomy":"category","embeddable":true,"href":"https:\/\/www.pradel-france.com\/blog\/wp-json\/wp\/v2\/categories?post=3850"},{"taxonomy":"post_tag","embeddable":true,"href":"https:\/\/www.pradel-france.com\/blog\/wp-json\/wp\/v2\/tags?post=3850"}],"curies":[{"name":"wp","href":"https:\/\/api.w.org\/{rel}","templated":true}]}}