{"id":4593,"date":"2025-05-15T14:06:47","date_gmt":"2025-05-15T12:06:47","guid":{"rendered":"https:\/\/www.pradel-france.com\/blog\/?p=4593"},"modified":"2025-05-23T10:14:28","modified_gmt":"2025-05-23T08:14:28","slug":"comment-bien-cuire-les-asperges-pour-conserver-les-saveurs","status":"publish","type":"post","link":"https:\/\/www.pradel-france.com\/blog\/comment-bien-cuire-les-asperges-pour-conserver-les-saveurs\/","title":{"rendered":"Comment bien cuire les asperges pour conserver les saveurs ?"},"content":{"rendered":"\n\n    <div class=\"full-width bgcolor noprint\">\n      <section class=\"block-duo alt   boxed \">\n        <div class=\"container\">\n          <div class=\"row\">\n                          <div class=\"col-12 col-lg-4 col-img px-0 pl-lg-0 pr-lg-2\">\n                <div class=\"picture-wrapper h-100 w-100\">\n                  <div class=\"pic bcover h-100 w-100\" style=\"background-image:url(https:\/\/www.pradel-france.com\/blog\/wp-content\/uploads\/2025\/05\/vue-de-dessus-des-asperges-sur-une-planche-a-decouper-1019x1024.jpg);min-height:450px;\"><\/div>\n                <\/div>\n              <\/div>\n                        <div class=\"col-12 col-lg-8 col-content d-flex my-auto px-0 pr-lg-4\" style=\"order:-1;\">\n              <div class=\"d-flex flex-column inner-content\">\n                                                  <div class=\"content nerf-last-p\">\n                    <p class=\"\" data-start=\"330\" data-end=\"1141\">L\u00e9gume phare du printemps, l\u2019<strong data-start=\"359\" data-end=\"370\">asperge<\/strong> est un incontournable des assiettes de saison. Qu\u2019elle soit <strong data-start=\"431\" data-end=\"440\">verte<\/strong>, <strong data-start=\"442\" data-end=\"453\">blanche<\/strong> ou <strong data-start=\"457\" data-end=\"469\">violette<\/strong>, elle s\u00e9duit par sa finesse, sa richesse en fibres et son go\u00fbt d\u00e9licat. Pourtant, une <strong data-start=\"556\" data-end=\"581\">cuisson mal ma\u00eetris\u00e9e<\/strong> peut rapidement g\u00e2cher ses qualit\u00e9s : trop ferme ou trop molle, elle perd en saveur et en texture. Alors, <strong data-start=\"688\" data-end=\"718\">comment cuire les asperges<\/strong> pour en tirer le meilleur ? Le secret r\u00e9side dans une <strong data-start=\"773\" data-end=\"813\">pr\u00e9paration adapt\u00e9e \u00e0 chaque vari\u00e9t\u00e9<\/strong> et dans le choix du <strong data-start=\"834\" data-end=\"857\">bon mode de cuisson<\/strong>. Pour une cuisson parfaite, il est \u00e9galement important d\u2019\u00eatre bien \u00e9quip\u00e9. N\u2019h\u00e9sitez pas \u00e0 consulter notre s\u00e9lection de <a class=\"\" href=\"#\" rel=\"noopener\" data-start=\"1061\" data-end=\"1089\"><strong data-start=\"1062\" data-end=\"1085\">mat\u00e9riel de cuisson<\/strong><\/a> pour r\u00e9ussir toutes vos recettes \u00e0 base d\u2019asperges.<\/p>\n                  <\/div>\n                                                  <div>\n                    <a class=\"btn btn-primary\" href=\"https:\/\/www.pradel-france.com\/226-materiel-de-cuisson\" title=\"D\u00e9couvrez notre mat\u00e9riel de cuisson\" target='_blank'>D\u00e9couvrez notre mat\u00e9riel de cuisson<\/a>\n                  <\/div>\n                              <\/div>\n            <\/div>\n          <\/div>\n        <\/div>\n      <\/section>\n    <\/div>\n\n\n\n\n\n    <div class=\"full-width bgcolor noprint\">\n      <section class=\"block-duo   boxed \">\n        <div class=\"container\">\n          <div class=\"row\">\n                          <div class=\"col-12 col-lg-4 col-img px-0 pl-lg-0 pr-lg-2\">\n                <div class=\"picture-wrapper h-100 w-100\">\n                  <div class=\"pic bcover h-100 w-100\" style=\"background-image:url(https:\/\/www.pradel-france.com\/blog\/wp-content\/uploads\/2025\/05\/AdobeStock_315643988_Preview.png);min-height:450px;\"><\/div>\n                <\/div>\n              <\/div>\n                        <div class=\"col-12 col-lg-8 col-content d-flex my-auto px-0 pl-lg-4\">\n              <div class=\"d-flex flex-column inner-content\">\n                          <h2 class=\"c-title-l\">Conna\u00eetre les diff\u00e9rents types d\u2019asperges pour adapter la cuisson<\/h2>\n                                      <div class=\"content nerf-last-p\">\n                    <p>Il existe trois grandes vari\u00e9t\u00e9s d\u2019asperges : <strong data-start=\"231\" data-end=\"254\">les asperges vertes<\/strong>, <strong data-start=\"256\" data-end=\"281\">les asperges blanches<\/strong> et <strong data-start=\"285\" data-end=\"311\">les asperges violettes<\/strong>. Chacune a ses particularit\u00e9s en termes de go\u00fbt, de texture et de cuisson. Les <strong data-start=\"391\" data-end=\"410\">asperges vertes<\/strong> sont les plus r\u00e9pandues : elles poussent \u00e0 l\u2019air libre, ce qui leur donne leur couleur verte gr\u00e2ce \u00e0 la photosynth\u00e8se. Elles ont une texture plus fine et un go\u00fbt l\u00e9g\u00e8rement herbac\u00e9. Les <strong data-start=\"597\" data-end=\"618\">asperges blanches<\/strong>, quant \u00e0 elles, sont cultiv\u00e9es \u00e0 l\u2019abri de la lumi\u00e8re, ce qui les rend plus douces, mais aussi plus \u00e9paisses et plus fibreuses : elles n\u00e9cessitent une cuisson plus longue. Enfin, les <strong data-start=\"802\" data-end=\"824\">asperges violettes<\/strong>, plus rares, offrent une saveur l\u00e9g\u00e8rement sucr\u00e9e et fruit\u00e9e. Comprendre ces diff\u00e9rences est essentiel pour <strong data-start=\"933\" data-end=\"967\">choisir le bon mode de cuisson<\/strong> et pr\u00e9server les qualit\u00e9s gustatives de chaque vari\u00e9t\u00e9.<\/p>\n                  <\/div>\n                                              <\/div>\n            <\/div>\n          <\/div>\n        <\/div>\n      <\/section>\n    <\/div>\n\n\n\n\n\n    <div class=\"full-width bgcolor noprint\">\n      <section class=\"block-duo alt   boxed \">\n        <div class=\"container\">\n          <div class=\"row\">\n                        <div class=\"col-12 col-lg-8 col-content d-flex my-auto px-0 pr-lg-4\" style=\"order:-1;\">\n              <div class=\"d-flex flex-column inner-content\">\n                          <h2 class=\"c-title-l\">Bien pr\u00e9parer les asperges avant cuisson : un geste essentiel<\/h2>\n                                      <div class=\"content nerf-last-p\">\n                    <p class=\"\" data-start=\"1051\" data-end=\"1344\">Avant toute chose, il est important de bien pr\u00e9parer les asperges, car cela a un impact direct sur leur cuisson et leur saveur. On distingue principalement deux types d\u2019asperges : les <strong data-start=\"1235\" data-end=\"1254\">asperges vertes<\/strong>, plus fines, au go\u00fbt herbac\u00e9, et les <strong data-start=\"1292\" data-end=\"1313\">asperges blanches<\/strong>, plus \u00e9paisses et plus douces.<\/p>\n<p class=\"\" data-start=\"1346\" data-end=\"1721\">Les asperges vertes n\u2019ont pas besoin d\u2019\u00eatre \u00e9pluch\u00e9es enti\u00e8rement. Il suffit souvent de retirer la base de la tige (environ 2 \u00e0 3 cm), souvent plus fibreuse. Pour les asperges blanches, en revanche, l\u2019\u00e9pluchage est indispensable. Utilisez un \u00e9conome pour retirer la couche ext\u00e9rieure fibreuse sur toute la longueur de la tige, en partant de quelques centim\u00e8tres sous la t\u00eate.<\/p>\n<p class=\"\" data-start=\"1723\" data-end=\"1999\">Ce geste permet d\u2019obtenir une <strong data-start=\"1753\" data-end=\"1773\">cuisson homog\u00e8ne<\/strong> et d\u2019\u00e9viter les filaments d\u00e9sagr\u00e9ables en bouche. Il est aussi conseill\u00e9 de regrouper les asperges en bottes \u00e0 l\u2019aide de ficelle alimentaire si vous les faites cuire \u00e0 la verticale, afin de prot\u00e9ger les pointes plus fragiles.<\/p>\n                  <\/div>\n                                              <\/div>\n            <\/div>\n          <\/div>\n        <\/div>\n      <\/section>\n    <\/div>\n\n\n\n\n\n    <div class=\"full-width bgcolor noprint\">\n      <section class=\"block-duo   boxed \">\n        <div class=\"container\">\n          <div class=\"row\">\n                          <div class=\"col-12 col-lg-4 col-img px-0 pl-lg-0 pr-lg-2\">\n                <div class=\"picture-wrapper h-100 w-100\">\n                  <div class=\"pic bcover h-100 w-100\" style=\"background-image:url(https:\/\/www.pradel-france.com\/blog\/wp-content\/uploads\/2025\/05\/cuit-asperges-inox.jpg);min-height:450px;\"><\/div>\n                <\/div>\n              <\/div>\n                        <div class=\"col-12 col-lg-8 col-content d-flex my-auto px-0 pl-lg-4\">\n              <div class=\"d-flex flex-column inner-content\">\n                          <h2 class=\"c-title-l\">Cuisson des asperges \u00e0 l\u2019eau ou \u00e0 la vapeur : les m\u00e9thodes traditionnelles<\/h2>\n                                      <div class=\"content nerf-last-p\">\n                    <p class=\"\" data-start=\"2093\" data-end=\"2227\">La cuisson \u00e0 l\u2019eau bouillante reste la m\u00e9thode la plus utilis\u00e9e, car elle est simple et rapide. Pour bien cuire les asperges \u00e0 l\u2019eau :<\/p>\n<ul data-start=\"2229\" data-end=\"2625\">\n<li class=\"\" data-start=\"2229\" data-end=\"2284\">\n<p class=\"\" data-start=\"2231\" data-end=\"2284\">Portez une grande casserole d\u2019eau sal\u00e9e \u00e0 \u00e9bullition.<\/p>\n<\/li>\n<li class=\"\" data-start=\"2285\" data-end=\"2359\">\n<p class=\"\" data-start=\"2287\" data-end=\"2359\">Plongez les asperges dans l\u2019eau (blanches ou vertes, selon votre choix).<\/p>\n<\/li>\n<li class=\"\" data-start=\"2360\" data-end=\"2502\">\n<p class=\"\" data-start=\"2362\" data-end=\"2502\">Comptez entre <strong data-start=\"2376\" data-end=\"2395\">10 \u00e0 15 minutes<\/strong> pour des asperges blanches, et <strong data-start=\"2427\" data-end=\"2445\">7 \u00e0 10 minutes<\/strong> pour les asperges vertes, en fonction de leur \u00e9paisseur.<\/p>\n<\/li>\n<li class=\"\" data-start=\"2503\" data-end=\"2625\">\n<p class=\"\" data-start=\"2505\" data-end=\"2625\">Pour v\u00e9rifier la cuisson, plantez la pointe d\u2019un couteau dans la base : elle doit s\u2019enfoncer facilement sans r\u00e9sistance.<\/p>\n<\/li>\n<\/ul>\n<p class=\"\" data-start=\"2627\" data-end=\"2827\">Astuce : d\u00e8s la fin de la cuisson, plongez les asperges dans un saladier d\u2019eau glac\u00e9e. Ce \u00ab\u00a0choc thermique\u00a0\u00bb stoppe instantan\u00e9ment la cuisson et permet de <strong data-start=\"2778\" data-end=\"2809\">pr\u00e9server leur couleur vive<\/strong> et leur croquant.<\/p>\n<p class=\"\" data-start=\"2829\" data-end=\"3187\">La cuisson vapeur est id\u00e9ale pour conserver les vitamines et min\u00e9raux. Elle est particuli\u00e8rement recommand\u00e9e si vous suivez une alimentation saine. D\u00e9posez les asperges dans un cuit-vapeur, et laissez cuire <strong data-start=\"3098\" data-end=\"3123\">entre 8 et 12 minutes<\/strong>. Les tiges doivent \u00eatre tendres, mais encore l\u00e9g\u00e8rement fermes.<\/p>\n                  <\/div>\n                                              <\/div>\n            <\/div>\n          <\/div>\n        <\/div>\n      <\/section>\n    <\/div>\n\n\n\n\n\n    <div class=\"full-width bgcolor noprint\">\n      <section class=\"block-duo alt   boxed \">\n        <div class=\"container\">\n          <div class=\"row\">\n                          <div class=\"col-12 col-lg-4 col-img px-0 pl-lg-0 pr-lg-2\">\n                <div class=\"picture-wrapper h-100 w-100\">\n                  <div class=\"pic bcover h-100 w-100\" style=\"background-image:url(https:\/\/www.pradel-france.com\/blog\/wp-content\/uploads\/2025\/05\/AdobeStock_974295048_Preview.png);min-height:450px;\"><\/div>\n                <\/div>\n              <\/div>\n                        <div class=\"col-12 col-lg-8 col-content d-flex my-auto px-0 pr-lg-4\" style=\"order:-1;\">\n              <div class=\"d-flex flex-column inner-content\">\n                          <h2 class=\"c-title-l\">Assaisonnement et id\u00e9es recettes pour sublimer vos asperges<\/h2>\n                                      <div class=\"content nerf-last-p\">\n                    <p class=\"\" data-start=\"4671\" data-end=\"4987\">Une fois cuites, les asperges s\u2019int\u00e8grent \u00e0 de nombreuses <strong data-start=\"4729\" data-end=\"4754\">recettes printani\u00e8res<\/strong>. Pour un plat simple mais raffin\u00e9, servez-les ti\u00e8des avec une vinaigrette maison au citron. Pour une version plus gourmande, optez pour une <strong data-start=\"4912\" data-end=\"4933\">sauce hollandaise<\/strong>, une <strong data-start=\"4939\" data-end=\"4958\">mousse d\u2019avocat<\/strong>, ou des copeaux de parmesan.<\/p>\n<p class=\"\" data-start=\"4989\" data-end=\"5200\">Les asperges se marient parfaitement avec les \u0153ufs : \u0153ufs poch\u00e9s, mollets ou en mimosa, pour une <strong data-start=\"5086\" data-end=\"5118\">entr\u00e9e fra\u00eeche et \u00e9quilibr\u00e9e<\/strong>. Elles sont aussi d\u00e9licieuses dans une quiche, un risotto ou une salade compos\u00e9e.<\/p>\n<p class=\"\" data-start=\"5202\" data-end=\"5333\">Enfin, pour les repas festifs, pensez \u00e0 les enrouler dans une tranche de jambon cru ou de saumon fum\u00e9, puis \u00e0 les gratiner au four.<\/p>\n                  <\/div>\n                                              <\/div>\n            <\/div>\n          <\/div>\n        <\/div>\n      <\/section>\n    <\/div>\n\n\n\n\n<p><\/p>\n","protected":false},"excerpt":{"rendered":"","protected":false},"author":3,"featured_media":4592,"comment_status":"closed","ping_status":"closed","sticky":false,"template":"","format":"standard","meta":{"footnotes":""},"categories":[4,8],"tags":[],"class_list":["post-4593","post","type-post","status-publish","format-standard","has-post-thumbnail","hentry","category-conseils","category-les-astuces","col-12","col-md-6 col-lg-4"],"acf":[],"yoast_head":"<!-- This site is optimized with the Yoast SEO plugin v26.7 - https:\/\/yoast.com\/wordpress\/plugins\/seo\/ -->\n<title>Comment bien cuire les asperges pour conserver les saveurs ?<\/title>\n<meta name=\"description\" content=\"Comment cuire parfaitement les asperges ? Apprenez \u00e0 diff\u00e9rencier les vari\u00e9t\u00e9s et \u00e0 adapter la cuisson pour conserver toutes leurs saveurs.\" \/>\n<meta name=\"robots\" content=\"index, follow, max-snippet:-1, max-image-preview:large, max-video-preview:-1\" \/>\n<link rel=\"canonical\" href=\"https:\/\/www.pradel-france.com\/blog\/comment-bien-cuire-les-asperges-pour-conserver-les-saveurs\/\" \/>\n<meta property=\"og:locale\" content=\"fr_FR\" \/>\n<meta property=\"og:type\" content=\"article\" \/>\n<meta property=\"og:title\" content=\"Comment bien cuire les asperges pour conserver les saveurs ?\" \/>\n<meta property=\"og:description\" content=\"Comment cuire parfaitement les asperges ? Apprenez \u00e0 diff\u00e9rencier les vari\u00e9t\u00e9s et \u00e0 adapter la cuisson pour conserver toutes leurs saveurs.\" \/>\n<meta property=\"og:url\" content=\"https:\/\/www.pradel-france.com\/blog\/comment-bien-cuire-les-asperges-pour-conserver-les-saveurs\/\" \/>\n<meta property=\"og:site_name\" content=\"Pradel France\" \/>\n<meta property=\"article:publisher\" content=\"https:\/\/www.facebook.com\/pradelfr\/\" \/>\n<meta property=\"article:published_time\" content=\"2025-05-15T12:06:47+00:00\" \/>\n<meta property=\"article:modified_time\" content=\"2025-05-23T08:14:28+00:00\" \/>\n<meta property=\"og:image\" content=\"https:\/\/www.pradel-france.com\/blog\/wp-content\/uploads\/2025\/05\/AdobeStock_315643988_Preview.png\" \/>\n\t<meta property=\"og:image:width\" content=\"1000\" \/>\n\t<meta property=\"og:image:height\" content=\"667\" \/>\n\t<meta property=\"og:image:type\" content=\"image\/png\" \/>\n<meta name=\"author\" content=\"Marine Leclercq\" \/>\n<meta name=\"twitter:card\" content=\"summary_large_image\" \/>\n<meta name=\"twitter:label1\" content=\"\u00c9crit par\" \/>\n\t<meta name=\"twitter:data1\" content=\"Marine Leclercq\" \/>\n<script type=\"application\/ld+json\" class=\"yoast-schema-graph\">{\"@context\":\"https:\/\/schema.org\",\"@graph\":[{\"@type\":\"Article\",\"@id\":\"https:\/\/www.pradel-france.com\/blog\/comment-bien-cuire-les-asperges-pour-conserver-les-saveurs\/#article\",\"isPartOf\":{\"@id\":\"https:\/\/www.pradel-france.com\/blog\/comment-bien-cuire-les-asperges-pour-conserver-les-saveurs\/\"},\"author\":{\"name\":\"Marine Leclercq\",\"@id\":\"https:\/\/www.pradel-france.com\/blog\/#\/schema\/person\/9d4906139d09c23f84665eda0714d04d\"},\"headline\":\"Comment bien cuire les asperges pour conserver les saveurs ?\",\"datePublished\":\"2025-05-15T12:06:47+00:00\",\"dateModified\":\"2025-05-23T08:14:28+00:00\",\"mainEntityOfPage\":{\"@id\":\"https:\/\/www.pradel-france.com\/blog\/comment-bien-cuire-les-asperges-pour-conserver-les-saveurs\/\"},\"wordCount\":9,\"publisher\":{\"@id\":\"https:\/\/www.pradel-france.com\/blog\/#organization\"},\"image\":{\"@id\":\"https:\/\/www.pradel-france.com\/blog\/comment-bien-cuire-les-asperges-pour-conserver-les-saveurs\/#primaryimage\"},\"thumbnailUrl\":\"https:\/\/www.pradel-france.com\/blog\/wp-content\/uploads\/2025\/05\/AdobeStock_315643988_Preview.png\",\"articleSection\":[\"Conseils Pradel Fance\",\"Les astuces\"],\"inLanguage\":\"fr-FR\"},{\"@type\":\"WebPage\",\"@id\":\"https:\/\/www.pradel-france.com\/blog\/comment-bien-cuire-les-asperges-pour-conserver-les-saveurs\/\",\"url\":\"https:\/\/www.pradel-france.com\/blog\/comment-bien-cuire-les-asperges-pour-conserver-les-saveurs\/\",\"name\":\"Comment bien cuire les asperges pour conserver les saveurs ?\",\"isPartOf\":{\"@id\":\"https:\/\/www.pradel-france.com\/blog\/#website\"},\"primaryImageOfPage\":{\"@id\":\"https:\/\/www.pradel-france.com\/blog\/comment-bien-cuire-les-asperges-pour-conserver-les-saveurs\/#primaryimage\"},\"image\":{\"@id\":\"https:\/\/www.pradel-france.com\/blog\/comment-bien-cuire-les-asperges-pour-conserver-les-saveurs\/#primaryimage\"},\"thumbnailUrl\":\"https:\/\/www.pradel-france.com\/blog\/wp-content\/uploads\/2025\/05\/AdobeStock_315643988_Preview.png\",\"datePublished\":\"2025-05-15T12:06:47+00:00\",\"dateModified\":\"2025-05-23T08:14:28+00:00\",\"description\":\"Comment cuire parfaitement les asperges ? Apprenez \u00e0 diff\u00e9rencier les vari\u00e9t\u00e9s et \u00e0 adapter la cuisson pour conserver toutes leurs saveurs.\",\"breadcrumb\":{\"@id\":\"https:\/\/www.pradel-france.com\/blog\/comment-bien-cuire-les-asperges-pour-conserver-les-saveurs\/#breadcrumb\"},\"inLanguage\":\"fr-FR\",\"potentialAction\":[{\"@type\":\"ReadAction\",\"target\":[\"https:\/\/www.pradel-france.com\/blog\/comment-bien-cuire-les-asperges-pour-conserver-les-saveurs\/\"]}]},{\"@type\":\"ImageObject\",\"inLanguage\":\"fr-FR\",\"@id\":\"https:\/\/www.pradel-france.com\/blog\/comment-bien-cuire-les-asperges-pour-conserver-les-saveurs\/#primaryimage\",\"url\":\"https:\/\/www.pradel-france.com\/blog\/wp-content\/uploads\/2025\/05\/AdobeStock_315643988_Preview.png\",\"contentUrl\":\"https:\/\/www.pradel-france.com\/blog\/wp-content\/uploads\/2025\/05\/AdobeStock_315643988_Preview.png\",\"width\":1000,\"height\":667},{\"@type\":\"BreadcrumbList\",\"@id\":\"https:\/\/www.pradel-france.com\/blog\/comment-bien-cuire-les-asperges-pour-conserver-les-saveurs\/#breadcrumb\",\"itemListElement\":[{\"@type\":\"ListItem\",\"position\":1,\"name\":\"Accueil\",\"item\":\"https:\/\/www.pradel-france.com\/blog\/\"},{\"@type\":\"ListItem\",\"position\":2,\"name\":\"Conseils Pradel Fance\",\"item\":\"https:\/\/www.pradel-france.com\/blog\/category\/conseils\/\"},{\"@type\":\"ListItem\",\"position\":3,\"name\":\"Comment bien cuire les asperges pour conserver les saveurs ?\"}]},{\"@type\":\"WebSite\",\"@id\":\"https:\/\/www.pradel-france.com\/blog\/#website\",\"url\":\"https:\/\/www.pradel-france.com\/blog\/\",\"name\":\"Pradel France Blog\",\"description\":\"Les recettes et conseils Pradel France\",\"publisher\":{\"@id\":\"https:\/\/www.pradel-france.com\/blog\/#organization\"},\"alternateName\":\"Pradel blog\",\"potentialAction\":[{\"@type\":\"SearchAction\",\"target\":{\"@type\":\"EntryPoint\",\"urlTemplate\":\"https:\/\/www.pradel-france.com\/blog\/?s={search_term_string}\"},\"query-input\":{\"@type\":\"PropertyValueSpecification\",\"valueRequired\":true,\"valueName\":\"search_term_string\"}}],\"inLanguage\":\"fr-FR\"},{\"@type\":\"Organization\",\"@id\":\"https:\/\/www.pradel-france.com\/blog\/#organization\",\"name\":\"Pradel France Blog\",\"alternateName\":\"Pradel blog\",\"url\":\"https:\/\/www.pradel-france.com\/blog\/\",\"logo\":{\"@type\":\"ImageObject\",\"inLanguage\":\"fr-FR\",\"@id\":\"https:\/\/www.pradel-france.com\/blog\/#\/schema\/logo\/image\/\",\"url\":\"https:\/\/www.pradel-france.com\/blog\/wp-content\/uploads\/2023\/04\/pradel-200x200-1.jpg\",\"contentUrl\":\"https:\/\/www.pradel-france.com\/blog\/wp-content\/uploads\/2023\/04\/pradel-200x200-1.jpg\",\"width\":200,\"height\":200,\"caption\":\"Pradel France Blog\"},\"image\":{\"@id\":\"https:\/\/www.pradel-france.com\/blog\/#\/schema\/logo\/image\/\"},\"sameAs\":[\"https:\/\/www.facebook.com\/pradelfr\/\",\"https:\/\/www.instagram.com\/pradel_france\/\",\"https:\/\/www.youtube.com\/@Pradel-France-Homestyle\",\"https:\/\/www.linkedin.com\/company\/pradel-france-homestyle\/\",\"https:\/\/fr.pinterest.com\/pradelfrancehomestyle\/\"]},{\"@type\":\"Person\",\"@id\":\"https:\/\/www.pradel-france.com\/blog\/#\/schema\/person\/9d4906139d09c23f84665eda0714d04d\",\"name\":\"Marine Leclercq\",\"image\":{\"@type\":\"ImageObject\",\"inLanguage\":\"fr-FR\",\"@id\":\"https:\/\/www.pradel-france.com\/blog\/#\/schema\/person\/image\/\",\"url\":\"https:\/\/secure.gravatar.com\/avatar\/e9038faff8aa216af1edf85b0e1aca5abe197683108199ee783d6699f3a9d3fc?s=96&d=mm&r=g\",\"contentUrl\":\"https:\/\/secure.gravatar.com\/avatar\/e9038faff8aa216af1edf85b0e1aca5abe197683108199ee783d6699f3a9d3fc?s=96&d=mm&r=g\",\"caption\":\"Marine Leclercq\"}}]}<\/script>\n<!-- \/ Yoast SEO plugin. -->","yoast_head_json":{"title":"Comment bien cuire les asperges pour conserver les saveurs ?","description":"Comment cuire parfaitement les asperges ? Apprenez \u00e0 diff\u00e9rencier les vari\u00e9t\u00e9s et \u00e0 adapter la cuisson pour conserver toutes leurs saveurs.","robots":{"index":"index","follow":"follow","max-snippet":"max-snippet:-1","max-image-preview":"max-image-preview:large","max-video-preview":"max-video-preview:-1"},"canonical":"https:\/\/www.pradel-france.com\/blog\/comment-bien-cuire-les-asperges-pour-conserver-les-saveurs\/","og_locale":"fr_FR","og_type":"article","og_title":"Comment bien cuire les asperges pour conserver les saveurs ?","og_description":"Comment cuire parfaitement les asperges ? Apprenez \u00e0 diff\u00e9rencier les vari\u00e9t\u00e9s et \u00e0 adapter la cuisson pour conserver toutes leurs saveurs.","og_url":"https:\/\/www.pradel-france.com\/blog\/comment-bien-cuire-les-asperges-pour-conserver-les-saveurs\/","og_site_name":"Pradel France","article_publisher":"https:\/\/www.facebook.com\/pradelfr\/","article_published_time":"2025-05-15T12:06:47+00:00","article_modified_time":"2025-05-23T08:14:28+00:00","og_image":[{"width":1000,"height":667,"url":"https:\/\/www.pradel-france.com\/blog\/wp-content\/uploads\/2025\/05\/AdobeStock_315643988_Preview.png","type":"image\/png"}],"author":"Marine Leclercq","twitter_card":"summary_large_image","twitter_misc":{"\u00c9crit par":"Marine Leclercq"},"schema":{"@context":"https:\/\/schema.org","@graph":[{"@type":"Article","@id":"https:\/\/www.pradel-france.com\/blog\/comment-bien-cuire-les-asperges-pour-conserver-les-saveurs\/#article","isPartOf":{"@id":"https:\/\/www.pradel-france.com\/blog\/comment-bien-cuire-les-asperges-pour-conserver-les-saveurs\/"},"author":{"name":"Marine Leclercq","@id":"https:\/\/www.pradel-france.com\/blog\/#\/schema\/person\/9d4906139d09c23f84665eda0714d04d"},"headline":"Comment bien cuire les asperges pour conserver les saveurs ?","datePublished":"2025-05-15T12:06:47+00:00","dateModified":"2025-05-23T08:14:28+00:00","mainEntityOfPage":{"@id":"https:\/\/www.pradel-france.com\/blog\/comment-bien-cuire-les-asperges-pour-conserver-les-saveurs\/"},"wordCount":9,"publisher":{"@id":"https:\/\/www.pradel-france.com\/blog\/#organization"},"image":{"@id":"https:\/\/www.pradel-france.com\/blog\/comment-bien-cuire-les-asperges-pour-conserver-les-saveurs\/#primaryimage"},"thumbnailUrl":"https:\/\/www.pradel-france.com\/blog\/wp-content\/uploads\/2025\/05\/AdobeStock_315643988_Preview.png","articleSection":["Conseils Pradel Fance","Les astuces"],"inLanguage":"fr-FR"},{"@type":"WebPage","@id":"https:\/\/www.pradel-france.com\/blog\/comment-bien-cuire-les-asperges-pour-conserver-les-saveurs\/","url":"https:\/\/www.pradel-france.com\/blog\/comment-bien-cuire-les-asperges-pour-conserver-les-saveurs\/","name":"Comment bien cuire les asperges pour conserver les saveurs ?","isPartOf":{"@id":"https:\/\/www.pradel-france.com\/blog\/#website"},"primaryImageOfPage":{"@id":"https:\/\/www.pradel-france.com\/blog\/comment-bien-cuire-les-asperges-pour-conserver-les-saveurs\/#primaryimage"},"image":{"@id":"https:\/\/www.pradel-france.com\/blog\/comment-bien-cuire-les-asperges-pour-conserver-les-saveurs\/#primaryimage"},"thumbnailUrl":"https:\/\/www.pradel-france.com\/blog\/wp-content\/uploads\/2025\/05\/AdobeStock_315643988_Preview.png","datePublished":"2025-05-15T12:06:47+00:00","dateModified":"2025-05-23T08:14:28+00:00","description":"Comment cuire parfaitement les asperges ? Apprenez \u00e0 diff\u00e9rencier les vari\u00e9t\u00e9s et \u00e0 adapter la cuisson pour conserver toutes leurs saveurs.","breadcrumb":{"@id":"https:\/\/www.pradel-france.com\/blog\/comment-bien-cuire-les-asperges-pour-conserver-les-saveurs\/#breadcrumb"},"inLanguage":"fr-FR","potentialAction":[{"@type":"ReadAction","target":["https:\/\/www.pradel-france.com\/blog\/comment-bien-cuire-les-asperges-pour-conserver-les-saveurs\/"]}]},{"@type":"ImageObject","inLanguage":"fr-FR","@id":"https:\/\/www.pradel-france.com\/blog\/comment-bien-cuire-les-asperges-pour-conserver-les-saveurs\/#primaryimage","url":"https:\/\/www.pradel-france.com\/blog\/wp-content\/uploads\/2025\/05\/AdobeStock_315643988_Preview.png","contentUrl":"https:\/\/www.pradel-france.com\/blog\/wp-content\/uploads\/2025\/05\/AdobeStock_315643988_Preview.png","width":1000,"height":667},{"@type":"BreadcrumbList","@id":"https:\/\/www.pradel-france.com\/blog\/comment-bien-cuire-les-asperges-pour-conserver-les-saveurs\/#breadcrumb","itemListElement":[{"@type":"ListItem","position":1,"name":"Accueil","item":"https:\/\/www.pradel-france.com\/blog\/"},{"@type":"ListItem","position":2,"name":"Conseils Pradel Fance","item":"https:\/\/www.pradel-france.com\/blog\/category\/conseils\/"},{"@type":"ListItem","position":3,"name":"Comment bien cuire les asperges pour conserver les saveurs ?"}]},{"@type":"WebSite","@id":"https:\/\/www.pradel-france.com\/blog\/#website","url":"https:\/\/www.pradel-france.com\/blog\/","name":"Pradel France Blog","description":"Les recettes et conseils Pradel France","publisher":{"@id":"https:\/\/www.pradel-france.com\/blog\/#organization"},"alternateName":"Pradel blog","potentialAction":[{"@type":"SearchAction","target":{"@type":"EntryPoint","urlTemplate":"https:\/\/www.pradel-france.com\/blog\/?s={search_term_string}"},"query-input":{"@type":"PropertyValueSpecification","valueRequired":true,"valueName":"search_term_string"}}],"inLanguage":"fr-FR"},{"@type":"Organization","@id":"https:\/\/www.pradel-france.com\/blog\/#organization","name":"Pradel France Blog","alternateName":"Pradel blog","url":"https:\/\/www.pradel-france.com\/blog\/","logo":{"@type":"ImageObject","inLanguage":"fr-FR","@id":"https:\/\/www.pradel-france.com\/blog\/#\/schema\/logo\/image\/","url":"https:\/\/www.pradel-france.com\/blog\/wp-content\/uploads\/2023\/04\/pradel-200x200-1.jpg","contentUrl":"https:\/\/www.pradel-france.com\/blog\/wp-content\/uploads\/2023\/04\/pradel-200x200-1.jpg","width":200,"height":200,"caption":"Pradel France Blog"},"image":{"@id":"https:\/\/www.pradel-france.com\/blog\/#\/schema\/logo\/image\/"},"sameAs":["https:\/\/www.facebook.com\/pradelfr\/","https:\/\/www.instagram.com\/pradel_france\/","https:\/\/www.youtube.com\/@Pradel-France-Homestyle","https:\/\/www.linkedin.com\/company\/pradel-france-homestyle\/","https:\/\/fr.pinterest.com\/pradelfrancehomestyle\/"]},{"@type":"Person","@id":"https:\/\/www.pradel-france.com\/blog\/#\/schema\/person\/9d4906139d09c23f84665eda0714d04d","name":"Marine Leclercq","image":{"@type":"ImageObject","inLanguage":"fr-FR","@id":"https:\/\/www.pradel-france.com\/blog\/#\/schema\/person\/image\/","url":"https:\/\/secure.gravatar.com\/avatar\/e9038faff8aa216af1edf85b0e1aca5abe197683108199ee783d6699f3a9d3fc?s=96&d=mm&r=g","contentUrl":"https:\/\/secure.gravatar.com\/avatar\/e9038faff8aa216af1edf85b0e1aca5abe197683108199ee783d6699f3a9d3fc?s=96&d=mm&r=g","caption":"Marine Leclercq"}}]}},"thumb":"https:\/\/www.pradel-france.com\/blog\/wp-content\/uploads\/2025\/05\/AdobeStock_315643988_Preview-350x250.png","category":"Conseils Pradel Fance","description":"L\u00e9gume phare du printemps, l\u2019asperge est un incontournable des assiettes de saison. Qu\u2019elle soit verte, blanche ou violette, elle s\u00e9duit\u2026","_links":{"self":[{"href":"https:\/\/www.pradel-france.com\/blog\/wp-json\/wp\/v2\/posts\/4593","targetHints":{"allow":["GET"]}}],"collection":[{"href":"https:\/\/www.pradel-france.com\/blog\/wp-json\/wp\/v2\/posts"}],"about":[{"href":"https:\/\/www.pradel-france.com\/blog\/wp-json\/wp\/v2\/types\/post"}],"author":[{"embeddable":true,"href":"https:\/\/www.pradel-france.com\/blog\/wp-json\/wp\/v2\/users\/3"}],"replies":[{"embeddable":true,"href":"https:\/\/www.pradel-france.com\/blog\/wp-json\/wp\/v2\/comments?post=4593"}],"version-history":[{"count":29,"href":"https:\/\/www.pradel-france.com\/blog\/wp-json\/wp\/v2\/posts\/4593\/revisions"}],"predecessor-version":[{"id":4629,"href":"https:\/\/www.pradel-france.com\/blog\/wp-json\/wp\/v2\/posts\/4593\/revisions\/4629"}],"wp:featuredmedia":[{"embeddable":true,"href":"https:\/\/www.pradel-france.com\/blog\/wp-json\/wp\/v2\/media\/4592"}],"wp:attachment":[{"href":"https:\/\/www.pradel-france.com\/blog\/wp-json\/wp\/v2\/media?parent=4593"}],"wp:term":[{"taxonomy":"category","embeddable":true,"href":"https:\/\/www.pradel-france.com\/blog\/wp-json\/wp\/v2\/categories?post=4593"},{"taxonomy":"post_tag","embeddable":true,"href":"https:\/\/www.pradel-france.com\/blog\/wp-json\/wp\/v2\/tags?post=4593"}],"curies":[{"name":"wp","href":"https:\/\/api.w.org\/{rel}","templated":true}]}}