{"id":474,"date":"2023-04-11T12:01:42","date_gmt":"2023-04-11T10:01:42","guid":{"rendered":"https:\/\/www.pradel-france.com\/blog\/?p=474"},"modified":"2023-05-23T14:37:32","modified_gmt":"2023-05-23T12:37:32","slug":"comment-choisir-ses-couteaux-de-cuisine","status":"publish","type":"post","link":"https:\/\/www.pradel-france.com\/blog\/comment-choisir-ses-couteaux-de-cuisine\/","title":{"rendered":"Comment choisir ses couteaux de cuisine ?"},"content":{"rendered":"\n\n    <div class=\"full-width bgcolor noprint\">\n      <section class=\"block-duo alt   boxed \">\n        <div class=\"container\">\n          <div class=\"row\">\n                          <div class=\"col-12 col-lg-6 col-img px-0 pl-lg-0 pr-lg-2\">\n                <div class=\"picture-wrapper h-100 w-100\">\n                  <div class=\"pic bcover h-100 w-100\" style=\"background-image:url(https:\/\/www.pradel-france.com\/blog\/wp-content\/uploads\/2023\/04\/couteaux-cuisine-steak.jpg);min-height:450px;\"><\/div>\n                <\/div>\n              <\/div>\n                        <div class=\"col-12 col-lg-6 col-content d-flex my-auto px-0 pr-lg-4\" style=\"order:-1;\">\n              <div class=\"d-flex flex-column inner-content\">\n                                                  <div class=\"content nerf-last-p\">\n                    <p>Le <a href=\"https:\/\/www.pradel-france.com\/147-couteaux-de-cuisine\">couteau de cuisine<\/a> est le meilleur ami des cuisiniers, toujours \u00e0 port\u00e9e de main et pr\u00eat \u00e0 \u00eatre d\u00e9gain\u00e9 pour n\u2019importe quelle recette. Si vous vous \u00eates d\u00e9j\u00e0 demand\u00e9 <strong>comment choisir ses couteaux de cuisine<\/strong>, notre article saura vous r\u00e9pondre et vous offrir des conseils pour choisir le meilleur couteau de cuisine adapt\u00e9 \u00e0 chacun de ses usages.<\/p>\n<p>Qualit\u00e9, maniabilit\u00e9 ou durabilit\u00e9, voil\u00e0 autant de crit\u00e8res que nous passerons en revue pour d\u00e9finir le <strong>meilleur couteau de cuisine professionnel<\/strong>\u2026 m\u00eame pour les amateurs. Chaque lame est destin\u00e9e \u00e0 son cuisinier, n\u2019attendez plus de trouver la v\u00f4tre !<\/p>\n                  <\/div>\n                                                  <div>\n                    <a class=\"btn btn-primary\" href=\"\/147-couteaux-de-cuisine\" title=\"D\u00e9couvrez nos couteaux de cuisine !\" target=''>D\u00e9couvrez nos couteaux de cuisine !<\/a>\n                  <\/div>\n                              <\/div>\n            <\/div>\n          <\/div>\n        <\/div>\n      <\/section>\n    <\/div>\n\n\n\n\n\n    <div class=\"full-width bgcolor noprint\">\n      <section class=\"block-duo   boxed \">\n        <div class=\"container\">\n          <div class=\"row\">\n                          <div class=\"col-12 col-lg-4 col-img px-0 pl-lg-0 pr-lg-2\">\n                <div class=\"picture-wrapper h-100 w-100\">\n                  <div class=\"pic bcover h-100 w-100\" style=\"background-image:url(https:\/\/www.pradel-france.com\/blog\/wp-content\/uploads\/2023\/04\/couteau-steak-inox-709x1024.jpg);min-height:450px;\"><\/div>\n                <\/div>\n              <\/div>\n                        <div class=\"col-12 col-lg-8 col-content d-flex my-auto px-0 pl-lg-4\">\n              <div class=\"d-flex flex-column inner-content\">\n                          <h2 class=\"c-title-l\">Les diff\u00e9rents types de couteaux de cuisine<\/h2>\n                                      <div class=\"content nerf-last-p\">\n                    <p>Le <strong>couteau de cuisine<\/strong> existe sous diff\u00e9rentes formes et chacune d\u2019entre elles r\u00e9pond \u00e0 un usage particulier. Pour d\u00e9terminer les caract\u00e9ristiques de chaque couteau, concentrons-nous d\u2019abord sur ce qui le constitue.<\/p>\n<ul>\n<li><b>Le tranchant<\/b> de la lame appel\u00e9 \u00e9galement fil de lame : La qualit\u00e9 de la lame d\u00e9termine la qualit\u00e9 du couteau. Un bon tranchant est important pour la qualit\u00e9 de d\u00e9coupe.<\/li>\n<li><b>Le manche<\/b> appel\u00e9 aussi poign\u00e9e : Le manche doit \u00eatre robuste et stable pour vous assurer une bonne prise en main et une manipulation en toute facilit\u00e9. Certains manches sont fix\u00e9s avec des rivets qui permettent de maintenir les deux parties du manche ensemble.<\/li>\n<li><b>La garde<\/b> : Elle contribue \u00e0 prot\u00e9ger la main en la prot\u00e9geant du tranchant de la lame.<\/li>\n<li><b>La mitre<\/b> : Situ\u00e9e entre le manche et la lame, elle assure l\u2019\u00e9quilibre du couteau et sa bonne tenue en main.<\/li>\n<li><b>La soie<\/b> : Elle constitue l\u2019ossature du manche. Sur les couteaux de qualit\u00e9, elle fait toute la longueur du manche, on parle alors de pleine soie.<\/li>\n<li><b>Le type de lame<\/b> : En fonction de l\u2019usage que vous souhaitez en faire, chaque couteau dispose d\u2019un type de lame pour faciliter son utilisation et la d\u00e9coupe des aliments.<\/li>\n<\/ul>\n<p>L\u2019\u00e9l\u00e9ment qui va diff\u00e9rencier chaque couteau de cuisine est sa lame. Par sa forme, sa taille ou sa dentelure, la lame du couteau d\u00e9finit son usage. Ainsi, tous les m\u00e9tiers de l\u2019artisanat ont leurs propres couteaux. Du poissonnier au fromager en passant par le boucher, ils ont tous des couteaux adapt\u00e9s \u00e0 leur activit\u00e9.<\/p>\n<p>Pas de panique ! Si vous n\u2019\u00eates pas artisan, diff\u00e9rents types de couteaux de cuisine vous attendent et on vous les pr\u00e9sente.<\/p>\n                  <\/div>\n                                              <\/div>\n            <\/div>\n          <\/div>\n        <\/div>\n      <\/section>\n    <\/div>\n\n\n\n\n\n    <div class=\"full-width bgcolor noprint\">\n      <section class=\"block-duo alt   boxed \">\n        <div class=\"container\">\n          <div class=\"row\">\n                          <div class=\"col-12 col-lg-4 col-img px-0 pl-lg-0 pr-lg-2\">\n                <div class=\"picture-wrapper h-100 w-100\">\n                  <div class=\"pic bcover h-100 w-100\" style=\"background-image:url(https:\/\/www.pradel-france.com\/blog\/wp-content\/uploads\/2023\/04\/couteaux-cuisine-couleurs-709x1024.jpg);min-height:450px;\"><\/div>\n                <\/div>\n              <\/div>\n                        <div class=\"col-12 col-lg-8 col-content d-flex my-auto px-0 pr-lg-4\" style=\"order:-1;\">\n              <div class=\"d-flex flex-column inner-content\">\n                          <h2 class=\"c-title-l\">Les meilleurs couteaux de cuisine \u00e0 avoir \u00e0 la maison<\/h2>\n                                      <div class=\"content nerf-last-p\">\n                    <p>Chez soi, il ne faut pas n\u00e9gliger l\u2019importance d\u2019avoir de bonnes lames pour les utilisations quotidiennes. Pour cela, nous vous pr\u00e9sentons les <strong>meilleurs couteaux de cuisine<\/strong> \u00e0 avoir dans sa cuisine.<\/p>\n<ul>\n<li><b>Le couteau de chef<\/b> : L\u2019indispensable dans une cuisine, c\u2019est le couteau \u00e0 tout faire. C\u2019est un couteau parfaitement \u00e9quilibr\u00e9 pour hacher et couper la viande, le poisson, les fruits et l\u00e9gumes. En bref, c\u2019est le couteau qu\u2019il vous faut imp\u00e9rativement dans vos tiroirs.<\/li>\n<li><b>Le couteau office<\/b> : Un couteau plus petit mais polyvalent poss\u00e9dant une lame mince et semi-pointue avec un fil lisse. Il permet de couper les oignons et les fines herbes, mais pas que\u2026 Il \u00e9pluche, \u00e9queute, \u00e9p\u00e9pine, d\u00e9coupe, tourne, pare vos fruits et l\u00e9gumes et aide \u00e0 enlever les parties difficiles de la viande.<\/li>\n<li><b>Le couteau \u00e0 steak<\/b> : Comme son nom l\u2019indique, il sert \u00e0 d\u00e9couper le steak mais aussi la viande en g\u00e9n\u00e9ral. Il fait la m\u00eame taille qu\u2019un couteau de table mais permet une d\u00e9coupe plus facile permettant de conserver les saveurs.<\/li>\n<li><b>Le couteau \u00e0 trancher<\/b> : Un couteau avec une lame longue et fine qui permet d\u2019obtenir des tranches homog\u00e8nes. Il permet de d\u00e9couper les pi\u00e8ces de viande, de trancher de la charcuterie ou des terrines, de lever des filets de poisson ou m\u00eame de hacher la chair.<\/li>\n<\/ul>\n                  <\/div>\n                                              <\/div>\n            <\/div>\n          <\/div>\n        <\/div>\n      <\/section>\n    <\/div>\n\n\n\n\n\n    <div class=\"full-width bgcolor noprint\">\n      <section class=\"block-duo   boxed \">\n        <div class=\"container\">\n          <div class=\"row\">\n                          <div class=\"col-12 col-lg-4 col-img px-0 pl-lg-0 pr-lg-2\">\n                <div class=\"picture-wrapper h-100 w-100\">\n                  <div class=\"pic bcover h-100 w-100\" style=\"background-image:url(https:\/\/www.pradel-france.com\/blog\/wp-content\/uploads\/2023\/04\/couteaux-cuisine-bois-2-709x1024.jpg);min-height:450px;\"><\/div>\n                <\/div>\n              <\/div>\n                        <div class=\"col-12 col-lg-8 col-content d-flex my-auto px-0 pl-lg-4\">\n              <div class=\"d-flex flex-column inner-content\">\n                          <h2 class=\"c-title-l\">Les avantages du set de couteaux de cuisine<\/h2>\n                                      <div class=\"content nerf-last-p\">\n                    <p>Quand on veut avoir les meilleurs couteaux de cuisine, la solution du set de couteaux de cuisine est tr\u00e8s int\u00e9ressante par ses nombreux avantages.<\/p>\n<p>D\u2019une part, c&rsquo;est un gain de temps pour le cuisinier qui retrouve tous ses couteaux au m\u00eame endroit. De plus, il dispose, \u00e0 port\u00e9e de main, d\u2019un ou plusieurs couteaux adapt\u00e9s aux types de d\u00e9coupe demand\u00e9s.<\/p>\n<p>D\u2019autre part, l\u2019avantage d\u2019acheter ses couteaux de cuisine en set r\u00e9side dans son prix. Un set co\u00fbte g\u00e9n\u00e9ralement moins cher que le prix des couteaux au d\u00e9tail. En plus de cela, le set est con\u00e7u comme un ensemble, les couteaux ont le m\u00eame style et la m\u00eame \u00e9l\u00e9gance pour apporter une touche de d\u00e9coration \u00e0 votre cuisine. Pour faire ou se faire plaisir, le set de couteaux de cuisine est une bonne id\u00e9e cadeau.<\/p>\n                  <\/div>\n                                              <\/div>\n            <\/div>\n          <\/div>\n        <\/div>\n      <\/section>\n    <\/div>\n\n\n\n\n\n    <div class=\"full-width bgcolor noprint\">\n      <section class=\"block-duo alt   boxed \">\n        <div class=\"container\">\n          <div class=\"row\">\n                          <div class=\"col-12 col-lg-4 col-img px-0 pl-lg-0 pr-lg-2\">\n                <div class=\"picture-wrapper h-100 w-100\">\n                  <div class=\"pic bcover h-100 w-100\" style=\"background-image:url(https:\/\/www.pradel-france.com\/blog\/wp-content\/uploads\/2023\/04\/couteaux-forges-damas-709x1024.jpg);min-height:450px;\"><\/div>\n                <\/div>\n              <\/div>\n                        <div class=\"col-12 col-lg-8 col-content d-flex my-auto px-0 pr-lg-4\" style=\"order:-1;\">\n              <div class=\"d-flex flex-column inner-content\">\n                          <h2 class=\"c-title-l\">Pourquoi choisir Pradel France pour vos couteaux de cuisine ?<\/h2>\n                                      <div class=\"content nerf-last-p\">\n                    <p>Reconnus pour notre expertise en coutellerie depuis 1994, nous attachons un soin particulier \u00e0 la qualit\u00e9 de nos couteaux : robustesse, modernit\u00e9, qualit\u00e9 de tranchant\u2026 Nous faisons attention \u00e0 tout !<\/p>\n<p>Assurez n\u2019importe quelles d\u00e9coupes gr\u00e2ce \u00e0 notre large gamme de couteaux de cuisine. Notre large gamme de couteaux de cuisine saura vous \u00e9quiper pour toutes vos d\u00e9coupes. Rivet\u00e9s, monocoques, lames lisses ou micro-dent\u00e9es, nous avons ce qu\u2019il vous faut !<\/p>\n<p>Avec nos offres CE, profitez de remises de -50% minimum sur le prix public, de quoi profiter des meilleurs couteaux de cuisine pas chers et de qualit\u00e9.<\/p>\n                  <\/div>\n                                              <\/div>\n            <\/div>\n          <\/div>\n        <\/div>\n      <\/section>\n    <\/div>\n\n","protected":false},"excerpt":{"rendered":"","protected":false},"author":1,"featured_media":299,"comment_status":"closed","ping_status":"closed","sticky":false,"template":"","format":"standard","meta":{"footnotes":""},"categories":[4,8,7],"tags":[],"class_list":["post-474","post","type-post","status-publish","format-standard","has-post-thumbnail","hentry","category-conseils","category-les-astuces","category-la-decoupe","col-12","col-md-6 col-lg-4"],"acf":[],"yoast_head":"<!-- This site is optimized with the Yoast SEO plugin v26.7 - https:\/\/yoast.com\/wordpress\/plugins\/seo\/ -->\n<title>Comment choisir ses couteaux de cuisine ? Pradel France<\/title>\n<meta name=\"description\" content=\"D\u00e9couvrez comment s\u00e9lectionner vos couteaux de cuisine avec les \u00e9quipes Pradel France. Nous vous proposons une s\u00e9lection de couteaux pour tous les usages !\" \/>\n<meta name=\"robots\" content=\"index, follow, max-snippet:-1, max-image-preview:large, max-video-preview:-1\" \/>\n<link rel=\"canonical\" href=\"https:\/\/www.pradel-france.com\/blog\/comment-choisir-ses-couteaux-de-cuisine\/\" \/>\n<meta property=\"og:locale\" content=\"fr_FR\" \/>\n<meta property=\"og:type\" content=\"article\" \/>\n<meta property=\"og:title\" content=\"Comment choisir ses couteaux de cuisine ? Pradel France\" \/>\n<meta property=\"og:description\" content=\"D\u00e9couvrez comment s\u00e9lectionner vos couteaux de cuisine avec les \u00e9quipes Pradel France. Nous vous proposons une s\u00e9lection de couteaux pour tous les usages !\" \/>\n<meta property=\"og:url\" content=\"https:\/\/www.pradel-france.com\/blog\/comment-choisir-ses-couteaux-de-cuisine\/\" \/>\n<meta property=\"og:site_name\" content=\"Pradel France\" \/>\n<meta property=\"article:publisher\" content=\"https:\/\/www.facebook.com\/pradelfr\/\" \/>\n<meta property=\"article:published_time\" content=\"2023-04-11T10:01:42+00:00\" \/>\n<meta property=\"article:modified_time\" content=\"2023-05-23T12:37:32+00:00\" \/>\n<meta property=\"og:image\" content=\"https:\/\/www.pradel-france.com\/blog\/wp-content\/uploads\/2023\/04\/couteaux-cuisine-effet-damas-1.jpg\" \/>\n\t<meta property=\"og:image:width\" content=\"843\" \/>\n\t<meta property=\"og:image:height\" content=\"1217\" \/>\n\t<meta property=\"og:image:type\" content=\"image\/jpeg\" \/>\n<meta name=\"author\" content=\"pranblog\" \/>\n<meta name=\"twitter:card\" content=\"summary_large_image\" \/>\n<meta name=\"twitter:label1\" content=\"\u00c9crit par\" \/>\n\t<meta name=\"twitter:data1\" content=\"pranblog\" \/>\n<script type=\"application\/ld+json\" class=\"yoast-schema-graph\">{\"@context\":\"https:\/\/schema.org\",\"@graph\":[{\"@type\":\"Article\",\"@id\":\"https:\/\/www.pradel-france.com\/blog\/comment-choisir-ses-couteaux-de-cuisine\/#article\",\"isPartOf\":{\"@id\":\"https:\/\/www.pradel-france.com\/blog\/comment-choisir-ses-couteaux-de-cuisine\/\"},\"author\":{\"name\":\"pranblog\",\"@id\":\"https:\/\/www.pradel-france.com\/blog\/#\/schema\/person\/544b7ac9710af9ff69288171ac4deeb1\"},\"headline\":\"Comment choisir ses couteaux de cuisine ?\",\"datePublished\":\"2023-04-11T10:01:42+00:00\",\"dateModified\":\"2023-05-23T12:37:32+00:00\",\"mainEntityOfPage\":{\"@id\":\"https:\/\/www.pradel-france.com\/blog\/comment-choisir-ses-couteaux-de-cuisine\/\"},\"wordCount\":6,\"publisher\":{\"@id\":\"https:\/\/www.pradel-france.com\/blog\/#organization\"},\"image\":{\"@id\":\"https:\/\/www.pradel-france.com\/blog\/comment-choisir-ses-couteaux-de-cuisine\/#primaryimage\"},\"thumbnailUrl\":\"https:\/\/www.pradel-france.com\/blog\/wp-content\/uploads\/2023\/04\/couteaux-cuisine-effet-damas-1.jpg\",\"articleSection\":[\"Conseils Pradel Fance\",\"Les astuces\",\"La d\u00e9coupe\"],\"inLanguage\":\"fr-FR\"},{\"@type\":\"WebPage\",\"@id\":\"https:\/\/www.pradel-france.com\/blog\/comment-choisir-ses-couteaux-de-cuisine\/\",\"url\":\"https:\/\/www.pradel-france.com\/blog\/comment-choisir-ses-couteaux-de-cuisine\/\",\"name\":\"Comment choisir ses couteaux de cuisine ? Pradel France\",\"isPartOf\":{\"@id\":\"https:\/\/www.pradel-france.com\/blog\/#website\"},\"primaryImageOfPage\":{\"@id\":\"https:\/\/www.pradel-france.com\/blog\/comment-choisir-ses-couteaux-de-cuisine\/#primaryimage\"},\"image\":{\"@id\":\"https:\/\/www.pradel-france.com\/blog\/comment-choisir-ses-couteaux-de-cuisine\/#primaryimage\"},\"thumbnailUrl\":\"https:\/\/www.pradel-france.com\/blog\/wp-content\/uploads\/2023\/04\/couteaux-cuisine-effet-damas-1.jpg\",\"datePublished\":\"2023-04-11T10:01:42+00:00\",\"dateModified\":\"2023-05-23T12:37:32+00:00\",\"description\":\"D\u00e9couvrez comment s\u00e9lectionner vos couteaux de cuisine avec les \u00e9quipes Pradel France. Nous vous proposons une s\u00e9lection de couteaux pour tous les usages !\",\"breadcrumb\":{\"@id\":\"https:\/\/www.pradel-france.com\/blog\/comment-choisir-ses-couteaux-de-cuisine\/#breadcrumb\"},\"inLanguage\":\"fr-FR\",\"potentialAction\":[{\"@type\":\"ReadAction\",\"target\":[\"https:\/\/www.pradel-france.com\/blog\/comment-choisir-ses-couteaux-de-cuisine\/\"]}]},{\"@type\":\"ImageObject\",\"inLanguage\":\"fr-FR\",\"@id\":\"https:\/\/www.pradel-france.com\/blog\/comment-choisir-ses-couteaux-de-cuisine\/#primaryimage\",\"url\":\"https:\/\/www.pradel-france.com\/blog\/wp-content\/uploads\/2023\/04\/couteaux-cuisine-effet-damas-1.jpg\",\"contentUrl\":\"https:\/\/www.pradel-france.com\/blog\/wp-content\/uploads\/2023\/04\/couteaux-cuisine-effet-damas-1.jpg\",\"width\":843,\"height\":1217,\"caption\":\"Couteaux cuisine effet Damas\"},{\"@type\":\"BreadcrumbList\",\"@id\":\"https:\/\/www.pradel-france.com\/blog\/comment-choisir-ses-couteaux-de-cuisine\/#breadcrumb\",\"itemListElement\":[{\"@type\":\"ListItem\",\"position\":1,\"name\":\"Accueil\",\"item\":\"https:\/\/www.pradel-france.com\/blog\/\"},{\"@type\":\"ListItem\",\"position\":2,\"name\":\"Conseils Pradel Fance\",\"item\":\"https:\/\/www.pradel-france.com\/blog\/category\/conseils\/\"},{\"@type\":\"ListItem\",\"position\":3,\"name\":\"La d\u00e9coupe\",\"item\":\"https:\/\/www.pradel-france.com\/blog\/category\/conseils\/la-decoupe\/\"},{\"@type\":\"ListItem\",\"position\":4,\"name\":\"Comment choisir ses couteaux de cuisine ?\"}]},{\"@type\":\"WebSite\",\"@id\":\"https:\/\/www.pradel-france.com\/blog\/#website\",\"url\":\"https:\/\/www.pradel-france.com\/blog\/\",\"name\":\"Pradel France Blog\",\"description\":\"Les recettes et conseils Pradel France\",\"publisher\":{\"@id\":\"https:\/\/www.pradel-france.com\/blog\/#organization\"},\"alternateName\":\"Pradel blog\",\"potentialAction\":[{\"@type\":\"SearchAction\",\"target\":{\"@type\":\"EntryPoint\",\"urlTemplate\":\"https:\/\/www.pradel-france.com\/blog\/?s={search_term_string}\"},\"query-input\":{\"@type\":\"PropertyValueSpecification\",\"valueRequired\":true,\"valueName\":\"search_term_string\"}}],\"inLanguage\":\"fr-FR\"},{\"@type\":\"Organization\",\"@id\":\"https:\/\/www.pradel-france.com\/blog\/#organization\",\"name\":\"Pradel France Blog\",\"alternateName\":\"Pradel blog\",\"url\":\"https:\/\/www.pradel-france.com\/blog\/\",\"logo\":{\"@type\":\"ImageObject\",\"inLanguage\":\"fr-FR\",\"@id\":\"https:\/\/www.pradel-france.com\/blog\/#\/schema\/logo\/image\/\",\"url\":\"https:\/\/www.pradel-france.com\/blog\/wp-content\/uploads\/2023\/04\/pradel-200x200-1.jpg\",\"contentUrl\":\"https:\/\/www.pradel-france.com\/blog\/wp-content\/uploads\/2023\/04\/pradel-200x200-1.jpg\",\"width\":200,\"height\":200,\"caption\":\"Pradel France Blog\"},\"image\":{\"@id\":\"https:\/\/www.pradel-france.com\/blog\/#\/schema\/logo\/image\/\"},\"sameAs\":[\"https:\/\/www.facebook.com\/pradelfr\/\",\"https:\/\/www.instagram.com\/pradel_france\/\",\"https:\/\/www.youtube.com\/@Pradel-France-Homestyle\",\"https:\/\/www.linkedin.com\/company\/pradel-france-homestyle\/\",\"https:\/\/fr.pinterest.com\/pradelfrancehomestyle\/\"]},{\"@type\":\"Person\",\"@id\":\"https:\/\/www.pradel-france.com\/blog\/#\/schema\/person\/544b7ac9710af9ff69288171ac4deeb1\",\"name\":\"pranblog\",\"image\":{\"@type\":\"ImageObject\",\"inLanguage\":\"fr-FR\",\"@id\":\"https:\/\/www.pradel-france.com\/blog\/#\/schema\/person\/image\/\",\"url\":\"https:\/\/secure.gravatar.com\/avatar\/b9f4ad324c09b427710fb5cea05f4c625774b7a4295393a50dce733009db3350?s=96&d=mm&r=g\",\"contentUrl\":\"https:\/\/secure.gravatar.com\/avatar\/b9f4ad324c09b427710fb5cea05f4c625774b7a4295393a50dce733009db3350?s=96&d=mm&r=g\",\"caption\":\"pranblog\"},\"sameAs\":[\"http:\/\/www.pradel-france.com\/blog\"]}]}<\/script>\n<!-- \/ Yoast SEO plugin. -->","yoast_head_json":{"title":"Comment choisir ses couteaux de cuisine ? Pradel France","description":"D\u00e9couvrez comment s\u00e9lectionner vos couteaux de cuisine avec les \u00e9quipes Pradel France. Nous vous proposons une s\u00e9lection de couteaux pour tous les usages !","robots":{"index":"index","follow":"follow","max-snippet":"max-snippet:-1","max-image-preview":"max-image-preview:large","max-video-preview":"max-video-preview:-1"},"canonical":"https:\/\/www.pradel-france.com\/blog\/comment-choisir-ses-couteaux-de-cuisine\/","og_locale":"fr_FR","og_type":"article","og_title":"Comment choisir ses couteaux de cuisine ? Pradel France","og_description":"D\u00e9couvrez comment s\u00e9lectionner vos couteaux de cuisine avec les \u00e9quipes Pradel France. Nous vous proposons une s\u00e9lection de couteaux pour tous les usages !","og_url":"https:\/\/www.pradel-france.com\/blog\/comment-choisir-ses-couteaux-de-cuisine\/","og_site_name":"Pradel France","article_publisher":"https:\/\/www.facebook.com\/pradelfr\/","article_published_time":"2023-04-11T10:01:42+00:00","article_modified_time":"2023-05-23T12:37:32+00:00","og_image":[{"width":843,"height":1217,"url":"https:\/\/www.pradel-france.com\/blog\/wp-content\/uploads\/2023\/04\/couteaux-cuisine-effet-damas-1.jpg","type":"image\/jpeg"}],"author":"pranblog","twitter_card":"summary_large_image","twitter_misc":{"\u00c9crit par":"pranblog"},"schema":{"@context":"https:\/\/schema.org","@graph":[{"@type":"Article","@id":"https:\/\/www.pradel-france.com\/blog\/comment-choisir-ses-couteaux-de-cuisine\/#article","isPartOf":{"@id":"https:\/\/www.pradel-france.com\/blog\/comment-choisir-ses-couteaux-de-cuisine\/"},"author":{"name":"pranblog","@id":"https:\/\/www.pradel-france.com\/blog\/#\/schema\/person\/544b7ac9710af9ff69288171ac4deeb1"},"headline":"Comment choisir ses couteaux de cuisine ?","datePublished":"2023-04-11T10:01:42+00:00","dateModified":"2023-05-23T12:37:32+00:00","mainEntityOfPage":{"@id":"https:\/\/www.pradel-france.com\/blog\/comment-choisir-ses-couteaux-de-cuisine\/"},"wordCount":6,"publisher":{"@id":"https:\/\/www.pradel-france.com\/blog\/#organization"},"image":{"@id":"https:\/\/www.pradel-france.com\/blog\/comment-choisir-ses-couteaux-de-cuisine\/#primaryimage"},"thumbnailUrl":"https:\/\/www.pradel-france.com\/blog\/wp-content\/uploads\/2023\/04\/couteaux-cuisine-effet-damas-1.jpg","articleSection":["Conseils Pradel Fance","Les astuces","La d\u00e9coupe"],"inLanguage":"fr-FR"},{"@type":"WebPage","@id":"https:\/\/www.pradel-france.com\/blog\/comment-choisir-ses-couteaux-de-cuisine\/","url":"https:\/\/www.pradel-france.com\/blog\/comment-choisir-ses-couteaux-de-cuisine\/","name":"Comment choisir ses couteaux de cuisine ? Pradel France","isPartOf":{"@id":"https:\/\/www.pradel-france.com\/blog\/#website"},"primaryImageOfPage":{"@id":"https:\/\/www.pradel-france.com\/blog\/comment-choisir-ses-couteaux-de-cuisine\/#primaryimage"},"image":{"@id":"https:\/\/www.pradel-france.com\/blog\/comment-choisir-ses-couteaux-de-cuisine\/#primaryimage"},"thumbnailUrl":"https:\/\/www.pradel-france.com\/blog\/wp-content\/uploads\/2023\/04\/couteaux-cuisine-effet-damas-1.jpg","datePublished":"2023-04-11T10:01:42+00:00","dateModified":"2023-05-23T12:37:32+00:00","description":"D\u00e9couvrez comment s\u00e9lectionner vos couteaux de cuisine avec les \u00e9quipes Pradel France. Nous vous proposons une s\u00e9lection de couteaux pour tous les usages !","breadcrumb":{"@id":"https:\/\/www.pradel-france.com\/blog\/comment-choisir-ses-couteaux-de-cuisine\/#breadcrumb"},"inLanguage":"fr-FR","potentialAction":[{"@type":"ReadAction","target":["https:\/\/www.pradel-france.com\/blog\/comment-choisir-ses-couteaux-de-cuisine\/"]}]},{"@type":"ImageObject","inLanguage":"fr-FR","@id":"https:\/\/www.pradel-france.com\/blog\/comment-choisir-ses-couteaux-de-cuisine\/#primaryimage","url":"https:\/\/www.pradel-france.com\/blog\/wp-content\/uploads\/2023\/04\/couteaux-cuisine-effet-damas-1.jpg","contentUrl":"https:\/\/www.pradel-france.com\/blog\/wp-content\/uploads\/2023\/04\/couteaux-cuisine-effet-damas-1.jpg","width":843,"height":1217,"caption":"Couteaux cuisine effet Damas"},{"@type":"BreadcrumbList","@id":"https:\/\/www.pradel-france.com\/blog\/comment-choisir-ses-couteaux-de-cuisine\/#breadcrumb","itemListElement":[{"@type":"ListItem","position":1,"name":"Accueil","item":"https:\/\/www.pradel-france.com\/blog\/"},{"@type":"ListItem","position":2,"name":"Conseils Pradel Fance","item":"https:\/\/www.pradel-france.com\/blog\/category\/conseils\/"},{"@type":"ListItem","position":3,"name":"La d\u00e9coupe","item":"https:\/\/www.pradel-france.com\/blog\/category\/conseils\/la-decoupe\/"},{"@type":"ListItem","position":4,"name":"Comment choisir ses couteaux de cuisine ?"}]},{"@type":"WebSite","@id":"https:\/\/www.pradel-france.com\/blog\/#website","url":"https:\/\/www.pradel-france.com\/blog\/","name":"Pradel France Blog","description":"Les recettes et conseils Pradel France","publisher":{"@id":"https:\/\/www.pradel-france.com\/blog\/#organization"},"alternateName":"Pradel blog","potentialAction":[{"@type":"SearchAction","target":{"@type":"EntryPoint","urlTemplate":"https:\/\/www.pradel-france.com\/blog\/?s={search_term_string}"},"query-input":{"@type":"PropertyValueSpecification","valueRequired":true,"valueName":"search_term_string"}}],"inLanguage":"fr-FR"},{"@type":"Organization","@id":"https:\/\/www.pradel-france.com\/blog\/#organization","name":"Pradel France Blog","alternateName":"Pradel blog","url":"https:\/\/www.pradel-france.com\/blog\/","logo":{"@type":"ImageObject","inLanguage":"fr-FR","@id":"https:\/\/www.pradel-france.com\/blog\/#\/schema\/logo\/image\/","url":"https:\/\/www.pradel-france.com\/blog\/wp-content\/uploads\/2023\/04\/pradel-200x200-1.jpg","contentUrl":"https:\/\/www.pradel-france.com\/blog\/wp-content\/uploads\/2023\/04\/pradel-200x200-1.jpg","width":200,"height":200,"caption":"Pradel France Blog"},"image":{"@id":"https:\/\/www.pradel-france.com\/blog\/#\/schema\/logo\/image\/"},"sameAs":["https:\/\/www.facebook.com\/pradelfr\/","https:\/\/www.instagram.com\/pradel_france\/","https:\/\/www.youtube.com\/@Pradel-France-Homestyle","https:\/\/www.linkedin.com\/company\/pradel-france-homestyle\/","https:\/\/fr.pinterest.com\/pradelfrancehomestyle\/"]},{"@type":"Person","@id":"https:\/\/www.pradel-france.com\/blog\/#\/schema\/person\/544b7ac9710af9ff69288171ac4deeb1","name":"pranblog","image":{"@type":"ImageObject","inLanguage":"fr-FR","@id":"https:\/\/www.pradel-france.com\/blog\/#\/schema\/person\/image\/","url":"https:\/\/secure.gravatar.com\/avatar\/b9f4ad324c09b427710fb5cea05f4c625774b7a4295393a50dce733009db3350?s=96&d=mm&r=g","contentUrl":"https:\/\/secure.gravatar.com\/avatar\/b9f4ad324c09b427710fb5cea05f4c625774b7a4295393a50dce733009db3350?s=96&d=mm&r=g","caption":"pranblog"},"sameAs":["http:\/\/www.pradel-france.com\/blog"]}]}},"thumb":"https:\/\/www.pradel-france.com\/blog\/wp-content\/uploads\/2023\/04\/couteaux-cuisine-effet-damas-1-350x250.jpg","category":"Conseils Pradel Fance","description":"Le couteau de cuisine est le meilleur ami des cuisiniers, toujours \u00e0 port\u00e9e de main et pr\u00eat \u00e0 \u00eatre d\u00e9gain\u00e9\u2026","_links":{"self":[{"href":"https:\/\/www.pradel-france.com\/blog\/wp-json\/wp\/v2\/posts\/474","targetHints":{"allow":["GET"]}}],"collection":[{"href":"https:\/\/www.pradel-france.com\/blog\/wp-json\/wp\/v2\/posts"}],"about":[{"href":"https:\/\/www.pradel-france.com\/blog\/wp-json\/wp\/v2\/types\/post"}],"author":[{"embeddable":true,"href":"https:\/\/www.pradel-france.com\/blog\/wp-json\/wp\/v2\/users\/1"}],"replies":[{"embeddable":true,"href":"https:\/\/www.pradel-france.com\/blog\/wp-json\/wp\/v2\/comments?post=474"}],"version-history":[{"count":5,"href":"https:\/\/www.pradel-france.com\/blog\/wp-json\/wp\/v2\/posts\/474\/revisions"}],"predecessor-version":[{"id":889,"href":"https:\/\/www.pradel-france.com\/blog\/wp-json\/wp\/v2\/posts\/474\/revisions\/889"}],"wp:featuredmedia":[{"embeddable":true,"href":"https:\/\/www.pradel-france.com\/blog\/wp-json\/wp\/v2\/media\/299"}],"wp:attachment":[{"href":"https:\/\/www.pradel-france.com\/blog\/wp-json\/wp\/v2\/media?parent=474"}],"wp:term":[{"taxonomy":"category","embeddable":true,"href":"https:\/\/www.pradel-france.com\/blog\/wp-json\/wp\/v2\/categories?post=474"},{"taxonomy":"post_tag","embeddable":true,"href":"https:\/\/www.pradel-france.com\/blog\/wp-json\/wp\/v2\/tags?post=474"}],"curies":[{"name":"wp","href":"https:\/\/api.w.org\/{rel}","templated":true}]}}