{"id":489,"date":"2023-04-06T12:39:39","date_gmt":"2023-04-06T10:39:39","guid":{"rendered":"https:\/\/www.pradel-france.com\/blog\/?p=489"},"modified":"2023-05-23T14:39:27","modified_gmt":"2023-05-23T12:39:27","slug":"comment-choisir-vos-couteaux-fruits-et-legumes","status":"publish","type":"post","link":"https:\/\/www.pradel-france.com\/blog\/comment-choisir-vos-couteaux-fruits-et-legumes\/","title":{"rendered":"Comment choisir vos couteaux fruits et l\u00e9gumes ?"},"content":{"rendered":"\n\n    <div class=\"full-width bgcolor noprint\">\n      <section class=\"block-duo alt   boxed \">\n        <div class=\"container\">\n          <div class=\"row\">\n                          <div class=\"col-12 col-lg-6 col-img px-0 pl-lg-0 pr-lg-2\">\n                <div class=\"picture-wrapper h-100 w-100\">\n                  <div class=\"pic bcover h-100 w-100\" style=\"background-image:url(https:\/\/www.pradel-france.com\/blog\/wp-content\/uploads\/2023\/04\/homme-decoupe-legumes-couteau.jpg);min-height:450px;\"><\/div>\n                <\/div>\n              <\/div>\n                        <div class=\"col-12 col-lg-6 col-content d-flex my-auto px-0 pr-lg-4\" style=\"order:-1;\">\n              <div class=\"d-flex flex-column inner-content\">\n                                                  <div class=\"content nerf-last-p\">\n                    <p>Indispensable pour tout chef ou cuisinier amateur, le couteau de cuisine doit \u00eatre choisi m\u00e9ticuleusement\u2026 Et c\u2019est la m\u00eame chose pour le <a href=\"\/234-couteaux-fruits-et-legumes\">couteau fruits et l\u00e9gumes<\/a> ! Il est important d\u2019opter pour un mod\u00e8le qui soit efficace et pratique pour les t\u00e2ches sp\u00e9cifiques que vous devez accomplir.<\/p>\n<p>\u00c0 travers cet article, vous verrez <strong>comment choisir vos couteaux fruits et l\u00e9gumes<\/strong> en fonction de leurs diff\u00e9rentes caract\u00e9ristiques. Que vous soyez un passionn\u00e9 de cuisine ou simplement \u00e0 la recherche des meilleurs outils pour cuisiner, choisir les bons couteaux est essentiel pour garantir de d\u00e9licieux r\u00e9sultats.<\/p>\n                  <\/div>\n                                                  <div>\n                    <a class=\"btn btn-primary\" href=\"\/234-couteaux-fruits-et-legumes\" title=\"D\u00e9couvrez nos couteaux fruits et l\u00e9gumes !\" target=''>D\u00e9couvrez nos couteaux fruits et l\u00e9gumes !<\/a>\n                  <\/div>\n                              <\/div>\n            <\/div>\n          <\/div>\n        <\/div>\n      <\/section>\n    <\/div>\n\n\n\n\n\n    <div class=\"full-width bgcolor noprint\">\n      <section class=\"block-duo   boxed \">\n        <div class=\"container\">\n          <div class=\"row\">\n                          <div class=\"col-12 col-lg-4 col-img px-0 pl-lg-0 pr-lg-2\">\n                <div class=\"picture-wrapper h-100 w-100\">\n                  <div class=\"pic bcover h-100 w-100\" style=\"background-image:url(https:\/\/www.pradel-france.com\/blog\/wp-content\/uploads\/2023\/04\/cuisinier-decoupe-legumes-verts-709x1024.jpg);min-height:450px;\"><\/div>\n                <\/div>\n              <\/div>\n                        <div class=\"col-12 col-lg-8 col-content d-flex my-auto px-0 pl-lg-4\">\n              <div class=\"d-flex flex-column inner-content\">\n                          <h2 class=\"c-title-l\">Quels sont les crit\u00e8res \u00e0 prendre en compte pour choisir un couteau fruits et l\u00e9gumes ?<\/h2>\n                                      <div class=\"content nerf-last-p\">\n                    <p>Lors du choix d&rsquo;un couteau de cuisine, il faut prendre en compte tous ses crit\u00e8res, surtout pour les fruits et l\u00e9gumes.<\/p>\n<p>Tout d&rsquo;abord, vous devez tenir compte de la taille de la lame. Les couteaux \u00e0 lame courte et fine sont les plus adapt\u00e9s pour la coupe des fruits et l\u00e9gumes avec une <b>d\u00e9coupe pr\u00e9cise<\/b>. Les couteaux \u00e0 lame longue et fine peuvent convenir \u00e9galement, mais ils sont plus adapt\u00e9s pour les coupes plus longues.<\/p>\n<p>Ensuite, il faut choisir le meilleur mat\u00e9riau pour la lame. Les lames en <b>acier inoxydable<\/b> sont les plus courantes et sont tr\u00e8s r\u00e9sistantes \u00e0 la corrosion et aux chocs. Les lames en c\u00e9ramique sont \u00e9galement une possibilit\u00e9, mais sont plus fragiles que les lames en acier inoxydable.<\/p>\n<p>Enfin, vous devez prendre en compte la forme de la lame. Les <b>lames droites<\/b> sont les plus courantes et conviennent \u00e0 la plupart des coupes. Les <b>lames courb\u00e9es<\/b> sont quant \u00e0 elles id\u00e9ales pour couper les aliments ronds comme les tomates ou les oranges.<\/p>\n                  <\/div>\n                                              <\/div>\n            <\/div>\n          <\/div>\n        <\/div>\n      <\/section>\n    <\/div>\n\n\n\n\n\n    <div class=\"full-width bgcolor noprint\">\n      <section class=\"block-duo alt   boxed \">\n        <div class=\"container\">\n          <div class=\"row\">\n                          <div class=\"col-12 col-lg-4 col-img px-0 pl-lg-0 pr-lg-2\">\n                <div class=\"picture-wrapper h-100 w-100\">\n                  <div class=\"pic bcover h-100 w-100\" style=\"background-image:url(https:\/\/www.pradel-france.com\/blog\/wp-content\/uploads\/2023\/04\/couteau-decoupe-legumes-sushis-709x1024.jpg);min-height:450px;\"><\/div>\n                <\/div>\n              <\/div>\n                        <div class=\"col-12 col-lg-8 col-content d-flex my-auto px-0 pr-lg-4\" style=\"order:-1;\">\n              <div class=\"d-flex flex-column inner-content\">\n                          <h2 class=\"c-title-l\">Le manche du couteau fruits et l\u00e9gumes : quel mat\u00e9riau choisir ?<\/h2>\n                                      <div class=\"content nerf-last-p\">\n                    <p>Ne n\u00e9gligez pas le choix du mat\u00e9riau du manche du couteau fruits et l\u00e9gumes, il est tout aussi important que la lame ! Le manche doit \u00eatre confortable et facile \u00e0 tenir avec une bonne ergonomie. Le syst\u00e8me de fixation et le nombre de rivets sont \u00e9galement d\u00e9terminants quant \u00e0 la robustesse du manche du couteau : plus il y a de rivets, plus votre couteau sera r\u00e9sistant. En g\u00e9n\u00e9ral, les mat\u00e9riaux les plus couramment utilis\u00e9s pour les manches de couteaux de cuisine sont le bois, le m\u00e9tal et le plastique.<\/p>\n<ul>\n<li>Les manches en bois sont tr\u00e8s populaires en cuisine, car ils offrent une sensation naturelle et agr\u00e9able en main. Ils peuvent \u00eatre fabriqu\u00e9s \u00e0 partir de diff\u00e9rents types de bois, comme le noyer, l&rsquo;acajou, le bouleau ou le bambou. Il faut cependant savoir que les manches en bois n\u00e9cessitent un entretien r\u00e9gulier pour \u00e9viter les taches et les fissures.<\/li>\n<li>Les manches en m\u00e9tal sont \u00e9galement tr\u00e8s courants sur le march\u00e9. Ce type de mat\u00e9riau est souvent utilis\u00e9 pour les couteaux professionnels car il offre une durabilit\u00e9 \u00e0 toute \u00e9preuve. Les manches en m\u00e9tal peuvent \u00eatre fabriqu\u00e9s \u00e0 partir de diff\u00e9rents types de m\u00e9taux, comme l&rsquo;acier inoxydable ou le titane.<\/li>\n<li>Le dernier type de mat\u00e9riau pour les couteaux est le plastique. Ces manches sont souvent moins chers que les manches en bois ou en m\u00e9tal. Ils sont \u00e9galement r\u00e9sistants et faciles \u00e0 nettoyer. Cependant, ils n\u2019offrent pas la m\u00eame sensation naturelle en main que les manches en bois, ni le professionnalisme des couteaux en acier.<\/li>\n<\/ul>\n                  <\/div>\n                                              <\/div>\n            <\/div>\n          <\/div>\n        <\/div>\n      <\/section>\n    <\/div>\n\n\n\n\n\n    <div class=\"full-width bgcolor noprint\">\n      <section class=\"block-duo   boxed \">\n        <div class=\"container\">\n          <div class=\"row\">\n                          <div class=\"col-12 col-lg-4 col-img px-0 pl-lg-0 pr-lg-2\">\n                <div class=\"picture-wrapper h-100 w-100\">\n                  <div class=\"pic bcover h-100 w-100\" style=\"background-image:url(https:\/\/www.pradel-france.com\/blog\/wp-content\/uploads\/2023\/04\/homme-decoupe-legumes-oignon-couteau-709x1024.jpg);min-height:450px;\"><\/div>\n                <\/div>\n              <\/div>\n                        <div class=\"col-12 col-lg-8 col-content d-flex my-auto px-0 pl-lg-4\">\n              <div class=\"d-flex flex-column inner-content\">\n                          <h2 class=\"c-title-l\">Couteaux japonais ou europ\u00e9ens : lequel est le mieux adapt\u00e9 pour les fruits et l\u00e9gumes ?<\/h2>\n                                      <div class=\"content nerf-last-p\">\n                    <p>Les couteaux japonais et europ\u00e9ens poss\u00e8dent des caract\u00e9ristiques diff\u00e9rentes qui les rendent adapt\u00e9s \u00e0 diff\u00e9rents types de coupes.<\/p>\n<p>Les couteaux japonais sont connus pour leur lame tr\u00e8s fine et leur tranchant extr\u00eame. Ils sont souvent utilis\u00e9s pour couper des aliments tr\u00e8s fins, comme les sushis ou les sashimis. Les couteaux japonais ont \u00e9galement une lame plus dure, ce qui leur permet d\u2019assurer la durabilit\u00e9 de leur tranchant et une d\u00e9coupe pr\u00e9cise.<\/p>\n<p>Les couteaux europ\u00e9ens poss\u00e8dent une polyvalence et existent sous une multitude de formes, mais ont souvent une lame plus \u00e9paisse et plus lourde que les japonais. Cela les rend plus adapt\u00e9s aux coupes plus lourdes, comme couper des racines ou des pommes de terre. Les couteaux europ\u00e9ens ont \u00e9galement une lame plus souple, ce qui leur permet de s&rsquo;adapter \u00e0 diff\u00e9rentes coupes.<\/p>\n<p>Lorsque vous <strong>choisissez un couteau pour les fruits et l\u00e9gumes<\/strong>, la meilleure option d\u00e9pendra de vos pr\u00e9f\u00e9rences personnelles et de la fa\u00e7on dont vous pr\u00e9voyez d&rsquo;utiliser le couteau ! Si vous avez besoin d&rsquo;un couteau pour couper des aliments tr\u00e8s fins, comme les tomates, les oignons ou les herbes, un couteau japonais sera probablement le meilleur choix. Si vous avez besoin d&rsquo;un couteau pour couper des l\u00e9gumes plus lourds ou des fruits durs, comme les pommes, les poires ou les carottes, un couteau europ\u00e9en sera probablement plus adapt\u00e9.<\/p>\n                  <\/div>\n                                              <\/div>\n            <\/div>\n          <\/div>\n        <\/div>\n      <\/section>\n    <\/div>\n\n\n\n\n\n    <div class=\"full-width bgcolor noprint\">\n      <section class=\"block-duo alt   boxed \">\n        <div class=\"container\">\n          <div class=\"row\">\n                          <div class=\"col-12 col-lg-4 col-img px-0 pl-lg-0 pr-lg-2\">\n                <div class=\"picture-wrapper h-100 w-100\">\n                  <div class=\"pic bcover h-100 w-100\" style=\"background-image:url(https:\/\/www.pradel-france.com\/blog\/wp-content\/uploads\/2023\/04\/couteaux-forges-damas-709x1024.jpg);min-height:450px;\"><\/div>\n                <\/div>\n              <\/div>\n                        <div class=\"col-12 col-lg-8 col-content d-flex my-auto px-0 pr-lg-4\" style=\"order:-1;\">\n              <div class=\"d-flex flex-column inner-content\">\n                          <h2 class=\"c-title-l\">Les accessoires indispensables pour l&rsquo;entretien de vos couteaux fruits et l\u00e9gumes<\/h2>\n                                      <div class=\"content nerf-last-p\">\n                    <p>Une fois que vous avez choisi le couteau parfait pour couper vos fruits et l\u00e9gumes, il est important de prendre soin de votre couteau pour conserver sa qualit\u00e9 et sa durabilit\u00e9. Voici quelques accessoires indispensables pour l&rsquo;entretien de vos <strong>couteaux fruits et l\u00e9gumes<\/strong> :<\/p>\n<ul>\n<li><b>Un aiguiseur de couteau<\/b> : L&rsquo;aff\u00fbtage de la lame de vos couteaux est essentiel pour maintenir la lame de votre couteau en bon \u00e9tat. Il existe plusieurs types d&rsquo;aiguiseurs de couteau, notamment les aiguiseurs manuels et \u00e9lectriques. Les aiguiseurs manuels sont souvent consid\u00e9r\u00e9s comme plus efficaces.<\/li>\n<li><b>Un fusil \u00e0 aiguiser<\/b> : Un fusil \u00e0 aiguiser est un outil utile pour maintenir le tranchant de votre couteau entre les aiguisages. Il est particuli\u00e8rement utile pour les couteaux \u00e0 lame fine, comme les couteaux japonais.<\/li>\n<li><b>Un bloc \u00e0 couteaux<\/b> : Rangez et organisez facilement vos couteaux pour les garder en s\u00e9curit\u00e9. Le bloc permet de les prot\u00e9ger et d\u2019\u00e9viter les dommages ou les accidents.<\/li>\n<\/ul>\n                  <\/div>\n                                              <\/div>\n            <\/div>\n          <\/div>\n        <\/div>\n      <\/section>\n    <\/div>\n\n","protected":false},"excerpt":{"rendered":"","protected":false},"author":1,"featured_media":491,"comment_status":"closed","ping_status":"closed","sticky":false,"template":"","format":"standard","meta":{"footnotes":""},"categories":[4,8,7],"tags":[],"class_list":["post-489","post","type-post","status-publish","format-standard","has-post-thumbnail","hentry","category-conseils","category-les-astuces","category-la-decoupe","col-12","col-md-6 col-lg-4"],"acf":[],"yoast_head":"<!-- This site is optimized with the Yoast SEO plugin v26.7 - https:\/\/yoast.com\/wordpress\/plugins\/seo\/ -->\n<title>Comment choisir vos couteaux fruits et l\u00e9gumes ? Pradel France<\/title>\n<meta name=\"description\" content=\"Besoin de renouveler votre \u00e9quipement de couteaux pour fruits et l\u00e9gumes ? Suivez notre guide et les conseils de nos \u00e9quipes pour un achat r\u00e9ussi et une d\u00e9coupe parfaite.\" \/>\n<meta name=\"robots\" content=\"index, follow, max-snippet:-1, max-image-preview:large, max-video-preview:-1\" \/>\n<link rel=\"canonical\" href=\"https:\/\/www.pradel-france.com\/blog\/comment-choisir-vos-couteaux-fruits-et-legumes\/\" \/>\n<meta property=\"og:locale\" content=\"fr_FR\" \/>\n<meta property=\"og:type\" content=\"article\" \/>\n<meta property=\"og:title\" content=\"Comment choisir vos couteaux fruits et l\u00e9gumes ? Pradel France\" \/>\n<meta property=\"og:description\" content=\"Besoin de renouveler votre \u00e9quipement de couteaux pour fruits et l\u00e9gumes ? Suivez notre guide et les conseils de nos \u00e9quipes pour un achat r\u00e9ussi et une d\u00e9coupe parfaite.\" \/>\n<meta property=\"og:url\" content=\"https:\/\/www.pradel-france.com\/blog\/comment-choisir-vos-couteaux-fruits-et-legumes\/\" \/>\n<meta property=\"og:site_name\" content=\"Pradel France\" \/>\n<meta property=\"article:publisher\" content=\"https:\/\/www.facebook.com\/pradelfr\/\" \/>\n<meta property=\"article:published_time\" content=\"2023-04-06T10:39:39+00:00\" \/>\n<meta property=\"article:modified_time\" content=\"2023-05-23T12:39:27+00:00\" \/>\n<meta property=\"og:image\" content=\"https:\/\/www.pradel-france.com\/blog\/wp-content\/uploads\/2023\/04\/couteau-decoupe-legumes-sushis.jpg\" \/>\n\t<meta property=\"og:image:width\" content=\"843\" \/>\n\t<meta property=\"og:image:height\" content=\"1217\" \/>\n\t<meta property=\"og:image:type\" content=\"image\/jpeg\" \/>\n<meta name=\"author\" content=\"pranblog\" \/>\n<meta name=\"twitter:card\" content=\"summary_large_image\" \/>\n<meta name=\"twitter:label1\" content=\"\u00c9crit par\" \/>\n\t<meta name=\"twitter:data1\" content=\"pranblog\" \/>\n<script type=\"application\/ld+json\" class=\"yoast-schema-graph\">{\"@context\":\"https:\/\/schema.org\",\"@graph\":[{\"@type\":\"Article\",\"@id\":\"https:\/\/www.pradel-france.com\/blog\/comment-choisir-vos-couteaux-fruits-et-legumes\/#article\",\"isPartOf\":{\"@id\":\"https:\/\/www.pradel-france.com\/blog\/comment-choisir-vos-couteaux-fruits-et-legumes\/\"},\"author\":{\"name\":\"pranblog\",\"@id\":\"https:\/\/www.pradel-france.com\/blog\/#\/schema\/person\/544b7ac9710af9ff69288171ac4deeb1\"},\"headline\":\"Comment choisir vos couteaux fruits et l\u00e9gumes ?\",\"datePublished\":\"2023-04-06T10:39:39+00:00\",\"dateModified\":\"2023-05-23T12:39:27+00:00\",\"mainEntityOfPage\":{\"@id\":\"https:\/\/www.pradel-france.com\/blog\/comment-choisir-vos-couteaux-fruits-et-legumes\/\"},\"wordCount\":8,\"publisher\":{\"@id\":\"https:\/\/www.pradel-france.com\/blog\/#organization\"},\"image\":{\"@id\":\"https:\/\/www.pradel-france.com\/blog\/comment-choisir-vos-couteaux-fruits-et-legumes\/#primaryimage\"},\"thumbnailUrl\":\"https:\/\/www.pradel-france.com\/blog\/wp-content\/uploads\/2023\/04\/couteau-decoupe-legumes-sushis.jpg\",\"articleSection\":[\"Conseils Pradel Fance\",\"Les astuces\",\"La d\u00e9coupe\"],\"inLanguage\":\"fr-FR\"},{\"@type\":\"WebPage\",\"@id\":\"https:\/\/www.pradel-france.com\/blog\/comment-choisir-vos-couteaux-fruits-et-legumes\/\",\"url\":\"https:\/\/www.pradel-france.com\/blog\/comment-choisir-vos-couteaux-fruits-et-legumes\/\",\"name\":\"Comment choisir vos couteaux fruits et l\u00e9gumes ? Pradel France\",\"isPartOf\":{\"@id\":\"https:\/\/www.pradel-france.com\/blog\/#website\"},\"primaryImageOfPage\":{\"@id\":\"https:\/\/www.pradel-france.com\/blog\/comment-choisir-vos-couteaux-fruits-et-legumes\/#primaryimage\"},\"image\":{\"@id\":\"https:\/\/www.pradel-france.com\/blog\/comment-choisir-vos-couteaux-fruits-et-legumes\/#primaryimage\"},\"thumbnailUrl\":\"https:\/\/www.pradel-france.com\/blog\/wp-content\/uploads\/2023\/04\/couteau-decoupe-legumes-sushis.jpg\",\"datePublished\":\"2023-04-06T10:39:39+00:00\",\"dateModified\":\"2023-05-23T12:39:27+00:00\",\"description\":\"Besoin de renouveler votre \u00e9quipement de couteaux pour fruits et l\u00e9gumes ? Suivez notre guide et les conseils de nos \u00e9quipes pour un achat r\u00e9ussi et une d\u00e9coupe parfaite.\",\"breadcrumb\":{\"@id\":\"https:\/\/www.pradel-france.com\/blog\/comment-choisir-vos-couteaux-fruits-et-legumes\/#breadcrumb\"},\"inLanguage\":\"fr-FR\",\"potentialAction\":[{\"@type\":\"ReadAction\",\"target\":[\"https:\/\/www.pradel-france.com\/blog\/comment-choisir-vos-couteaux-fruits-et-legumes\/\"]}]},{\"@type\":\"ImageObject\",\"inLanguage\":\"fr-FR\",\"@id\":\"https:\/\/www.pradel-france.com\/blog\/comment-choisir-vos-couteaux-fruits-et-legumes\/#primaryimage\",\"url\":\"https:\/\/www.pradel-france.com\/blog\/wp-content\/uploads\/2023\/04\/couteau-decoupe-legumes-sushis.jpg\",\"contentUrl\":\"https:\/\/www.pradel-france.com\/blog\/wp-content\/uploads\/2023\/04\/couteau-decoupe-legumes-sushis.jpg\",\"width\":843,\"height\":1217,\"caption\":\"Les crit\u00e8res recommand\u00e9s pour choisir les couteaux fruits et l\u00e9gumes qui vous conviennent - ce qu'il faut savoir\"},{\"@type\":\"BreadcrumbList\",\"@id\":\"https:\/\/www.pradel-france.com\/blog\/comment-choisir-vos-couteaux-fruits-et-legumes\/#breadcrumb\",\"itemListElement\":[{\"@type\":\"ListItem\",\"position\":1,\"name\":\"Accueil\",\"item\":\"https:\/\/www.pradel-france.com\/blog\/\"},{\"@type\":\"ListItem\",\"position\":2,\"name\":\"Conseils Pradel Fance\",\"item\":\"https:\/\/www.pradel-france.com\/blog\/category\/conseils\/\"},{\"@type\":\"ListItem\",\"position\":3,\"name\":\"La d\u00e9coupe\",\"item\":\"https:\/\/www.pradel-france.com\/blog\/category\/conseils\/la-decoupe\/\"},{\"@type\":\"ListItem\",\"position\":4,\"name\":\"Comment choisir vos couteaux fruits et l\u00e9gumes ?\"}]},{\"@type\":\"WebSite\",\"@id\":\"https:\/\/www.pradel-france.com\/blog\/#website\",\"url\":\"https:\/\/www.pradel-france.com\/blog\/\",\"name\":\"Pradel France Blog\",\"description\":\"Les recettes et conseils Pradel France\",\"publisher\":{\"@id\":\"https:\/\/www.pradel-france.com\/blog\/#organization\"},\"alternateName\":\"Pradel blog\",\"potentialAction\":[{\"@type\":\"SearchAction\",\"target\":{\"@type\":\"EntryPoint\",\"urlTemplate\":\"https:\/\/www.pradel-france.com\/blog\/?s={search_term_string}\"},\"query-input\":{\"@type\":\"PropertyValueSpecification\",\"valueRequired\":true,\"valueName\":\"search_term_string\"}}],\"inLanguage\":\"fr-FR\"},{\"@type\":\"Organization\",\"@id\":\"https:\/\/www.pradel-france.com\/blog\/#organization\",\"name\":\"Pradel France Blog\",\"alternateName\":\"Pradel blog\",\"url\":\"https:\/\/www.pradel-france.com\/blog\/\",\"logo\":{\"@type\":\"ImageObject\",\"inLanguage\":\"fr-FR\",\"@id\":\"https:\/\/www.pradel-france.com\/blog\/#\/schema\/logo\/image\/\",\"url\":\"https:\/\/www.pradel-france.com\/blog\/wp-content\/uploads\/2023\/04\/pradel-200x200-1.jpg\",\"contentUrl\":\"https:\/\/www.pradel-france.com\/blog\/wp-content\/uploads\/2023\/04\/pradel-200x200-1.jpg\",\"width\":200,\"height\":200,\"caption\":\"Pradel France Blog\"},\"image\":{\"@id\":\"https:\/\/www.pradel-france.com\/blog\/#\/schema\/logo\/image\/\"},\"sameAs\":[\"https:\/\/www.facebook.com\/pradelfr\/\",\"https:\/\/www.instagram.com\/pradel_france\/\",\"https:\/\/www.youtube.com\/@Pradel-France-Homestyle\",\"https:\/\/www.linkedin.com\/company\/pradel-france-homestyle\/\",\"https:\/\/fr.pinterest.com\/pradelfrancehomestyle\/\"]},{\"@type\":\"Person\",\"@id\":\"https:\/\/www.pradel-france.com\/blog\/#\/schema\/person\/544b7ac9710af9ff69288171ac4deeb1\",\"name\":\"pranblog\",\"image\":{\"@type\":\"ImageObject\",\"inLanguage\":\"fr-FR\",\"@id\":\"https:\/\/www.pradel-france.com\/blog\/#\/schema\/person\/image\/\",\"url\":\"https:\/\/secure.gravatar.com\/avatar\/b9f4ad324c09b427710fb5cea05f4c625774b7a4295393a50dce733009db3350?s=96&d=mm&r=g\",\"contentUrl\":\"https:\/\/secure.gravatar.com\/avatar\/b9f4ad324c09b427710fb5cea05f4c625774b7a4295393a50dce733009db3350?s=96&d=mm&r=g\",\"caption\":\"pranblog\"},\"sameAs\":[\"http:\/\/www.pradel-france.com\/blog\"]}]}<\/script>\n<!-- \/ Yoast SEO plugin. -->","yoast_head_json":{"title":"Comment choisir vos couteaux fruits et l\u00e9gumes ? Pradel France","description":"Besoin de renouveler votre \u00e9quipement de couteaux pour fruits et l\u00e9gumes ? Suivez notre guide et les conseils de nos \u00e9quipes pour un achat r\u00e9ussi et une d\u00e9coupe parfaite.","robots":{"index":"index","follow":"follow","max-snippet":"max-snippet:-1","max-image-preview":"max-image-preview:large","max-video-preview":"max-video-preview:-1"},"canonical":"https:\/\/www.pradel-france.com\/blog\/comment-choisir-vos-couteaux-fruits-et-legumes\/","og_locale":"fr_FR","og_type":"article","og_title":"Comment choisir vos couteaux fruits et l\u00e9gumes ? Pradel France","og_description":"Besoin de renouveler votre \u00e9quipement de couteaux pour fruits et l\u00e9gumes ? Suivez notre guide et les conseils de nos \u00e9quipes pour un achat r\u00e9ussi et une d\u00e9coupe parfaite.","og_url":"https:\/\/www.pradel-france.com\/blog\/comment-choisir-vos-couteaux-fruits-et-legumes\/","og_site_name":"Pradel France","article_publisher":"https:\/\/www.facebook.com\/pradelfr\/","article_published_time":"2023-04-06T10:39:39+00:00","article_modified_time":"2023-05-23T12:39:27+00:00","og_image":[{"width":843,"height":1217,"url":"https:\/\/www.pradel-france.com\/blog\/wp-content\/uploads\/2023\/04\/couteau-decoupe-legumes-sushis.jpg","type":"image\/jpeg"}],"author":"pranblog","twitter_card":"summary_large_image","twitter_misc":{"\u00c9crit par":"pranblog"},"schema":{"@context":"https:\/\/schema.org","@graph":[{"@type":"Article","@id":"https:\/\/www.pradel-france.com\/blog\/comment-choisir-vos-couteaux-fruits-et-legumes\/#article","isPartOf":{"@id":"https:\/\/www.pradel-france.com\/blog\/comment-choisir-vos-couteaux-fruits-et-legumes\/"},"author":{"name":"pranblog","@id":"https:\/\/www.pradel-france.com\/blog\/#\/schema\/person\/544b7ac9710af9ff69288171ac4deeb1"},"headline":"Comment choisir vos couteaux fruits et l\u00e9gumes ?","datePublished":"2023-04-06T10:39:39+00:00","dateModified":"2023-05-23T12:39:27+00:00","mainEntityOfPage":{"@id":"https:\/\/www.pradel-france.com\/blog\/comment-choisir-vos-couteaux-fruits-et-legumes\/"},"wordCount":8,"publisher":{"@id":"https:\/\/www.pradel-france.com\/blog\/#organization"},"image":{"@id":"https:\/\/www.pradel-france.com\/blog\/comment-choisir-vos-couteaux-fruits-et-legumes\/#primaryimage"},"thumbnailUrl":"https:\/\/www.pradel-france.com\/blog\/wp-content\/uploads\/2023\/04\/couteau-decoupe-legumes-sushis.jpg","articleSection":["Conseils Pradel Fance","Les astuces","La d\u00e9coupe"],"inLanguage":"fr-FR"},{"@type":"WebPage","@id":"https:\/\/www.pradel-france.com\/blog\/comment-choisir-vos-couteaux-fruits-et-legumes\/","url":"https:\/\/www.pradel-france.com\/blog\/comment-choisir-vos-couteaux-fruits-et-legumes\/","name":"Comment choisir vos couteaux fruits et l\u00e9gumes ? Pradel France","isPartOf":{"@id":"https:\/\/www.pradel-france.com\/blog\/#website"},"primaryImageOfPage":{"@id":"https:\/\/www.pradel-france.com\/blog\/comment-choisir-vos-couteaux-fruits-et-legumes\/#primaryimage"},"image":{"@id":"https:\/\/www.pradel-france.com\/blog\/comment-choisir-vos-couteaux-fruits-et-legumes\/#primaryimage"},"thumbnailUrl":"https:\/\/www.pradel-france.com\/blog\/wp-content\/uploads\/2023\/04\/couteau-decoupe-legumes-sushis.jpg","datePublished":"2023-04-06T10:39:39+00:00","dateModified":"2023-05-23T12:39:27+00:00","description":"Besoin de renouveler votre \u00e9quipement de couteaux pour fruits et l\u00e9gumes ? Suivez notre guide et les conseils de nos \u00e9quipes pour un achat r\u00e9ussi et une d\u00e9coupe parfaite.","breadcrumb":{"@id":"https:\/\/www.pradel-france.com\/blog\/comment-choisir-vos-couteaux-fruits-et-legumes\/#breadcrumb"},"inLanguage":"fr-FR","potentialAction":[{"@type":"ReadAction","target":["https:\/\/www.pradel-france.com\/blog\/comment-choisir-vos-couteaux-fruits-et-legumes\/"]}]},{"@type":"ImageObject","inLanguage":"fr-FR","@id":"https:\/\/www.pradel-france.com\/blog\/comment-choisir-vos-couteaux-fruits-et-legumes\/#primaryimage","url":"https:\/\/www.pradel-france.com\/blog\/wp-content\/uploads\/2023\/04\/couteau-decoupe-legumes-sushis.jpg","contentUrl":"https:\/\/www.pradel-france.com\/blog\/wp-content\/uploads\/2023\/04\/couteau-decoupe-legumes-sushis.jpg","width":843,"height":1217,"caption":"Les crit\u00e8res recommand\u00e9s pour choisir les couteaux fruits et l\u00e9gumes qui vous conviennent - ce qu'il faut savoir"},{"@type":"BreadcrumbList","@id":"https:\/\/www.pradel-france.com\/blog\/comment-choisir-vos-couteaux-fruits-et-legumes\/#breadcrumb","itemListElement":[{"@type":"ListItem","position":1,"name":"Accueil","item":"https:\/\/www.pradel-france.com\/blog\/"},{"@type":"ListItem","position":2,"name":"Conseils Pradel Fance","item":"https:\/\/www.pradel-france.com\/blog\/category\/conseils\/"},{"@type":"ListItem","position":3,"name":"La d\u00e9coupe","item":"https:\/\/www.pradel-france.com\/blog\/category\/conseils\/la-decoupe\/"},{"@type":"ListItem","position":4,"name":"Comment choisir vos couteaux fruits et l\u00e9gumes ?"}]},{"@type":"WebSite","@id":"https:\/\/www.pradel-france.com\/blog\/#website","url":"https:\/\/www.pradel-france.com\/blog\/","name":"Pradel France Blog","description":"Les recettes et conseils Pradel France","publisher":{"@id":"https:\/\/www.pradel-france.com\/blog\/#organization"},"alternateName":"Pradel blog","potentialAction":[{"@type":"SearchAction","target":{"@type":"EntryPoint","urlTemplate":"https:\/\/www.pradel-france.com\/blog\/?s={search_term_string}"},"query-input":{"@type":"PropertyValueSpecification","valueRequired":true,"valueName":"search_term_string"}}],"inLanguage":"fr-FR"},{"@type":"Organization","@id":"https:\/\/www.pradel-france.com\/blog\/#organization","name":"Pradel France Blog","alternateName":"Pradel blog","url":"https:\/\/www.pradel-france.com\/blog\/","logo":{"@type":"ImageObject","inLanguage":"fr-FR","@id":"https:\/\/www.pradel-france.com\/blog\/#\/schema\/logo\/image\/","url":"https:\/\/www.pradel-france.com\/blog\/wp-content\/uploads\/2023\/04\/pradel-200x200-1.jpg","contentUrl":"https:\/\/www.pradel-france.com\/blog\/wp-content\/uploads\/2023\/04\/pradel-200x200-1.jpg","width":200,"height":200,"caption":"Pradel France Blog"},"image":{"@id":"https:\/\/www.pradel-france.com\/blog\/#\/schema\/logo\/image\/"},"sameAs":["https:\/\/www.facebook.com\/pradelfr\/","https:\/\/www.instagram.com\/pradel_france\/","https:\/\/www.youtube.com\/@Pradel-France-Homestyle","https:\/\/www.linkedin.com\/company\/pradel-france-homestyle\/","https:\/\/fr.pinterest.com\/pradelfrancehomestyle\/"]},{"@type":"Person","@id":"https:\/\/www.pradel-france.com\/blog\/#\/schema\/person\/544b7ac9710af9ff69288171ac4deeb1","name":"pranblog","image":{"@type":"ImageObject","inLanguage":"fr-FR","@id":"https:\/\/www.pradel-france.com\/blog\/#\/schema\/person\/image\/","url":"https:\/\/secure.gravatar.com\/avatar\/b9f4ad324c09b427710fb5cea05f4c625774b7a4295393a50dce733009db3350?s=96&d=mm&r=g","contentUrl":"https:\/\/secure.gravatar.com\/avatar\/b9f4ad324c09b427710fb5cea05f4c625774b7a4295393a50dce733009db3350?s=96&d=mm&r=g","caption":"pranblog"},"sameAs":["http:\/\/www.pradel-france.com\/blog"]}]}},"thumb":"https:\/\/www.pradel-france.com\/blog\/wp-content\/uploads\/2023\/04\/couteau-decoupe-legumes-sushis-350x250.jpg","category":"Conseils Pradel Fance","description":"Indispensable pour tout chef ou cuisinier amateur, le couteau de cuisine doit \u00eatre choisi m\u00e9ticuleusement\u2026 Et c\u2019est la m\u00eame chose\u2026","_links":{"self":[{"href":"https:\/\/www.pradel-france.com\/blog\/wp-json\/wp\/v2\/posts\/489","targetHints":{"allow":["GET"]}}],"collection":[{"href":"https:\/\/www.pradel-france.com\/blog\/wp-json\/wp\/v2\/posts"}],"about":[{"href":"https:\/\/www.pradel-france.com\/blog\/wp-json\/wp\/v2\/types\/post"}],"author":[{"embeddable":true,"href":"https:\/\/www.pradel-france.com\/blog\/wp-json\/wp\/v2\/users\/1"}],"replies":[{"embeddable":true,"href":"https:\/\/www.pradel-france.com\/blog\/wp-json\/wp\/v2\/comments?post=489"}],"version-history":[{"count":5,"href":"https:\/\/www.pradel-france.com\/blog\/wp-json\/wp\/v2\/posts\/489\/revisions"}],"predecessor-version":[{"id":890,"href":"https:\/\/www.pradel-france.com\/blog\/wp-json\/wp\/v2\/posts\/489\/revisions\/890"}],"wp:featuredmedia":[{"embeddable":true,"href":"https:\/\/www.pradel-france.com\/blog\/wp-json\/wp\/v2\/media\/491"}],"wp:attachment":[{"href":"https:\/\/www.pradel-france.com\/blog\/wp-json\/wp\/v2\/media?parent=489"}],"wp:term":[{"taxonomy":"category","embeddable":true,"href":"https:\/\/www.pradel-france.com\/blog\/wp-json\/wp\/v2\/categories?post=489"},{"taxonomy":"post_tag","embeddable":true,"href":"https:\/\/www.pradel-france.com\/blog\/wp-json\/wp\/v2\/tags?post=489"}],"curies":[{"name":"wp","href":"https:\/\/api.w.org\/{rel}","templated":true}]}}