{"id":5063,"date":"2025-09-04T17:15:21","date_gmt":"2025-09-04T15:15:21","guid":{"rendered":"https:\/\/www.pradel-france.com\/blog\/?p=5063"},"modified":"2026-03-17T16:48:21","modified_gmt":"2026-03-17T15:48:21","slug":"pourquoi-adopter-une-carafe-filtrante-avantages-conseils-et-utilisation","status":"publish","type":"post","link":"https:\/\/www.pradel-france.com\/blog\/pourquoi-adopter-une-carafe-filtrante-avantages-conseils-et-utilisation\/","title":{"rendered":"Pourquoi adopter une carafe filtrante ? Avantages, conseils et utilisation"},"content":{"rendered":"\n\n    <div class=\"full-width bgcolor noprint\">\n      <section class=\"block-duo   boxed \">\n        <div class=\"container\">\n          <div class=\"row\">\n                          <div class=\"col-12 col-lg-4 col-img px-0 pl-lg-0 pr-lg-2\">\n                <div class=\"picture-wrapper h-100 w-100\">\n                  <div class=\"pic bcover h-100 w-100\" style=\"background-image:url(https:\/\/www.pradel-france.com\/blog\/wp-content\/uploads\/2025\/08\/carafe-filtrante-2.jpg);min-height:450px;\"><\/div>\n                <\/div>\n              <\/div>\n                        <div class=\"col-12 col-lg-8 col-content d-flex my-auto px-0 pl-lg-4\">\n              <div class=\"d-flex flex-column inner-content\">\n                          <h2 class=\"c-title-l\">D\u00e9couvrez les avantages incontournables de la carafe filtrante<\/h2>\n                                      <div class=\"content nerf-last-p\">\n                    <p data-start=\"796\" data-end=\"1185\">La <strong data-start=\"226\" data-end=\"246\">carafe filtrante<\/strong> est devenue un accessoire indispensable dans de nombreux foyers soucieux de leur sant\u00e9 et de l\u2019environnement. Gr\u00e2ce \u00e0 son syst\u00e8me de filtration innovant, elle permet de r\u00e9duire efficacement le <strong data-start=\"440\" data-end=\"450\">chlore<\/strong>, les <strong data-start=\"456\" data-end=\"469\">impuret\u00e9s<\/strong>, le <strong data-start=\"474\" data-end=\"486\">calcaire<\/strong>, ainsi que certains <strong data-start=\"507\" data-end=\"524\">m\u00e9taux lourds<\/strong> pr\u00e9sents dans l\u2019eau du robinet. En optant pour une <strong data-start=\"576\" data-end=\"602\">carafe \u00e0 eau filtrante<\/strong>, vous b\u00e9n\u00e9ficiez d\u2019une eau plus pure, au go\u00fbt am\u00e9lior\u00e9, et surtout plus saine pour votre consommation quotidienne. Ce dispositif est aussi une solution \u00e9conomique qui \u00e9vite l\u2019achat constant de bouteilles plastiques, contribuant ainsi \u00e0 la r\u00e9duction des d\u00e9chets plastiques.<\/p>\n                  <\/div>\n                                              <\/div>\n            <\/div>\n          <\/div>\n        <\/div>\n      <\/section>\n    <\/div>\n\n\n\n\n\n    <div class=\"full-width bgcolor noprint\">\n      <section class=\"block-duo alt   boxed \">\n        <div class=\"container\">\n          <div class=\"row\">\n                          <div class=\"col-12 col-lg-4 col-img px-0 pl-lg-0 pr-lg-2\">\n                <div class=\"picture-wrapper h-100 w-100\">\n                  <div class=\"pic bcover h-100 w-100\" style=\"background-image:url(https:\/\/www.pradel-france.com\/blog\/wp-content\/uploads\/2025\/08\/lot-de-3-cartouches-filtrantes.jpg);min-height:450px;\"><\/div>\n                <\/div>\n              <\/div>\n                        <div class=\"col-12 col-lg-8 col-content d-flex my-auto px-0 pr-lg-4\" style=\"order:-1;\">\n              <div class=\"d-flex flex-column inner-content\">\n                          <h2 class=\"c-title-l\">Fonctionnement et technologie des carafes filtrantes<\/h2>\n                                      <div class=\"content nerf-last-p\">\n                    <p data-start=\"1013\" data-end=\"1802\">Le principe de la <strong data-start=\"953\" data-end=\"973\">carafe filtrante<\/strong> repose sur des <strong data-start=\"989\" data-end=\"1016\">filtres \u00e0 charbon actif<\/strong> et parfois \u00e0 base de <strong data-start=\"1038\" data-end=\"1066\">r\u00e9sine \u00e9changeuse d\u2019ions<\/strong>, qui capturent efficacement les substances ind\u00e9sirables. Ces filtres ont la capacit\u00e9 de retenir le <strong data-start=\"1166\" data-end=\"1176\">chlore<\/strong>, les <strong data-start=\"1182\" data-end=\"1196\">pesticides<\/strong>, les <strong data-start=\"1202\" data-end=\"1219\">m\u00e9taux lourds<\/strong> comme le plomb ou le cuivre, tout en pr\u00e9servant les min\u00e9raux essentiels comme le calcium et le magn\u00e9sium. La majorit\u00e9 des mod\u00e8les propose une filtration rapide et facile \u00e0 utiliser, ce qui en fait un choix pratique pour la maison ou le bureau. De plus, les filtres sont\u00a0 renouvelables, garantissant ainsi une qualit\u00e9 d\u2019eau constante sur le long terme.<\/p>\n<h3 data-start=\"1804\" data-end=\"1876\"><\/h3>\n                  <\/div>\n                                              <\/div>\n            <\/div>\n          <\/div>\n        <\/div>\n      <\/section>\n    <\/div>\n\n\n\n\n\n    <div class=\"full-width bgcolor noprint\">\n      <section class=\"block-duo   boxed \">\n        <div class=\"container\">\n          <div class=\"row\">\n                          <div class=\"col-12 col-lg-4 col-img px-0 pl-lg-0 pr-lg-2\">\n                <div class=\"picture-wrapper h-100 w-100\">\n                  <div class=\"pic bcover h-100 w-100\" style=\"background-image:url(https:\/\/www.pradel-france.com\/blog\/wp-content\/uploads\/2025\/08\/carafe-filtrante.jpg);min-height:450px;\"><\/div>\n                <\/div>\n              <\/div>\n                        <div class=\"col-12 col-lg-8 col-content d-flex my-auto px-0 pl-lg-4\">\n              <div class=\"d-flex flex-column inner-content\">\n                          <h2 class=\"c-title-l\">Pourquoi choisir une carafe filtrante plut\u00f4t qu\u2019une eau en bouteille ?<\/h2>\n                                      <div class=\"content nerf-last-p\">\n                    <p data-start=\"1878\" data-end=\"2562\">La consommation d\u2019<strong data-start=\"1674\" data-end=\"1700\">eau filtr\u00e9e \u00e0 domicile<\/strong> via une <strong data-start=\"1709\" data-end=\"1729\">carafe filtrante<\/strong> offre de nombreux avantages par rapport \u00e0 l\u2019eau en bouteille. Premi\u00e8rement, elle est plus \u00e9conomique : le co\u00fbt par litre d\u2019eau filtr\u00e9e est bien inf\u00e9rieur \u00e0 celui de l\u2019eau embouteill\u00e9e. Deuxi\u00e8mement, elle est \u00e9cologique, car elle limite drastiquement l\u2019usage de plastique, participant \u00e0 la lutte contre la pollution plastique. Enfin, la carafe filtrante garantit une eau fra\u00eeche, disponible \u00e0 tout moment, sans contrainte de stockage ou de transport. Pour ceux qui veulent allier praticit\u00e9, \u00e9conomie et respect de l\u2019environnement, la carafe filtrante est la solution id\u00e9ale.<\/p>\n<h3 data-start=\"2564\" data-end=\"2626\"><\/h3>\n                  <\/div>\n                                              <\/div>\n            <\/div>\n          <\/div>\n        <\/div>\n      <\/section>\n    <\/div>\n\n\n\n\n\n    <div class=\"full-width bgcolor noprint\">\n      <section class=\"block-duo alt   boxed \">\n        <div class=\"container\">\n          <div class=\"row\">\n                          <div class=\"col-12 col-lg-4 col-img px-0 pl-lg-0 pr-lg-2\">\n                <div class=\"picture-wrapper h-100 w-100\">\n                  <div class=\"pic bcover h-100 w-100\" style=\"background-image:url(https:\/\/www.pradel-france.com\/blog\/wp-content\/uploads\/2025\/07\/016250_ZOOM_02-1024x683.jpg);min-height:450px;\"><\/div>\n                <\/div>\n              <\/div>\n                        <div class=\"col-12 col-lg-8 col-content d-flex my-auto px-0 pr-lg-4\" style=\"order:-1;\">\n              <div class=\"d-flex flex-column inner-content\">\n                          <h2 class=\"c-title-l\">Comment bien choisir sa carafe filtrante ?<\/h2>\n                                      <div class=\"content nerf-last-p\">\n                    <p data-start=\"2353\" data-end=\"2960\">Pour bien choisir une <strong data-start=\"2375\" data-end=\"2395\">carafe filtrante<\/strong>, plusieurs crit\u00e8res sont \u00e0 prendre en compte. Il est important d\u2019\u00e9valuer la <strong data-start=\"2472\" data-end=\"2497\">capacit\u00e9 du r\u00e9servoir<\/strong> selon vos besoins quotidiens, ainsi que la <strong data-start=\"2541\" data-end=\"2567\">dur\u00e9e de vie du filtre<\/strong> qui peut varier de quelques semaines \u00e0 plusieurs mois. La compatibilit\u00e9 des filtres avec votre mod\u00e8le, la facilit\u00e9 d\u2019entretien, et les certifications de filtration (par exemple NSF ou WQA) sont aussi des \u00e9l\u00e9ments essentiels.<\/p>\n<h3 data-start=\"3398\" data-end=\"3464\"><\/h3>\n                  <\/div>\n                                              <\/div>\n            <\/div>\n          <\/div>\n        <\/div>\n      <\/section>\n    <\/div>\n\n\n\n\n<p><\/p>\n\n\n\n<p><\/p>\n\n\n\n<p><\/p>\n\n\n\n<p><\/p>\n","protected":false},"excerpt":{"rendered":"","protected":false},"author":3,"featured_media":5064,"comment_status":"closed","ping_status":"closed","sticky":false,"template":"","format":"standard","meta":{"footnotes":""},"categories":[4,8],"tags":[],"class_list":["post-5063","post","type-post","status-publish","format-standard","has-post-thumbnail","hentry","category-conseils","category-les-astuces","col-12","col-md-6 col-lg-4"],"acf":[],"yoast_head":"<!-- This site is optimized with the Yoast SEO plugin v26.7 - https:\/\/yoast.com\/wordpress\/plugins\/seo\/ -->\n<title>Carafe filtrante | Le guide ultime<\/title>\n<meta name=\"description\" content=\"Pourquoi adopter une carafe filtrante ? D\u00e9couvrez ses avantages pour la sant\u00e9, l\u2019environnement et des conseils d\u2019utilisation simples.\" \/>\n<meta name=\"robots\" content=\"index, follow, max-snippet:-1, max-image-preview:large, max-video-preview:-1\" \/>\n<link rel=\"canonical\" href=\"https:\/\/www.pradel-france.com\/blog\/pourquoi-adopter-une-carafe-filtrante-avantages-conseils-et-utilisation\/\" \/>\n<meta property=\"og:locale\" content=\"fr_FR\" \/>\n<meta property=\"og:type\" content=\"article\" \/>\n<meta property=\"og:title\" content=\"Carafe filtrante | Le guide ultime\" \/>\n<meta property=\"og:description\" content=\"Pourquoi adopter une carafe filtrante ? D\u00e9couvrez ses avantages pour la sant\u00e9, l\u2019environnement et des conseils d\u2019utilisation simples.\" \/>\n<meta property=\"og:url\" content=\"https:\/\/www.pradel-france.com\/blog\/pourquoi-adopter-une-carafe-filtrante-avantages-conseils-et-utilisation\/\" \/>\n<meta property=\"og:site_name\" content=\"Pradel France\" \/>\n<meta property=\"article:publisher\" content=\"https:\/\/www.facebook.com\/pradelfr\/\" \/>\n<meta property=\"article:published_time\" content=\"2025-09-04T15:15:21+00:00\" \/>\n<meta property=\"article:modified_time\" content=\"2026-03-17T15:48:21+00:00\" \/>\n<meta property=\"og:image\" content=\"https:\/\/www.pradel-france.com\/blog\/wp-content\/uploads\/2025\/07\/016250_AMBI-scaled.jpg\" \/>\n\t<meta property=\"og:image:width\" content=\"2560\" \/>\n\t<meta property=\"og:image:height\" content=\"2560\" \/>\n\t<meta property=\"og:image:type\" content=\"image\/jpeg\" \/>\n<meta name=\"author\" content=\"Marine Leclercq\" \/>\n<meta name=\"twitter:card\" content=\"summary_large_image\" \/>\n<meta name=\"twitter:label1\" content=\"\u00c9crit par\" \/>\n\t<meta name=\"twitter:data1\" content=\"Marine Leclercq\" \/>\n\t<meta name=\"twitter:label2\" content=\"Dur\u00e9e de lecture estim\u00e9e\" \/>\n\t<meta name=\"twitter:data2\" content=\"1 minute\" \/>\n<script type=\"application\/ld+json\" class=\"yoast-schema-graph\">{\"@context\":\"https:\/\/schema.org\",\"@graph\":[{\"@type\":\"Article\",\"@id\":\"https:\/\/www.pradel-france.com\/blog\/pourquoi-adopter-une-carafe-filtrante-avantages-conseils-et-utilisation\/#article\",\"isPartOf\":{\"@id\":\"https:\/\/www.pradel-france.com\/blog\/pourquoi-adopter-une-carafe-filtrante-avantages-conseils-et-utilisation\/\"},\"author\":{\"name\":\"Marine Leclercq\",\"@id\":\"https:\/\/www.pradel-france.com\/blog\/#\/schema\/person\/9d4906139d09c23f84665eda0714d04d\"},\"headline\":\"Pourquoi adopter une carafe filtrante ? Avantages, conseils et utilisation\",\"datePublished\":\"2025-09-04T15:15:21+00:00\",\"dateModified\":\"2026-03-17T15:48:21+00:00\",\"mainEntityOfPage\":{\"@id\":\"https:\/\/www.pradel-france.com\/blog\/pourquoi-adopter-une-carafe-filtrante-avantages-conseils-et-utilisation\/\"},\"wordCount\":9,\"publisher\":{\"@id\":\"https:\/\/www.pradel-france.com\/blog\/#organization\"},\"image\":{\"@id\":\"https:\/\/www.pradel-france.com\/blog\/pourquoi-adopter-une-carafe-filtrante-avantages-conseils-et-utilisation\/#primaryimage\"},\"thumbnailUrl\":\"https:\/\/www.pradel-france.com\/blog\/wp-content\/uploads\/2025\/07\/016250_AMBI-scaled.jpg\",\"articleSection\":[\"Conseils Pradel Fance\",\"Les astuces\"],\"inLanguage\":\"fr-FR\"},{\"@type\":\"WebPage\",\"@id\":\"https:\/\/www.pradel-france.com\/blog\/pourquoi-adopter-une-carafe-filtrante-avantages-conseils-et-utilisation\/\",\"url\":\"https:\/\/www.pradel-france.com\/blog\/pourquoi-adopter-une-carafe-filtrante-avantages-conseils-et-utilisation\/\",\"name\":\"Carafe filtrante | Le guide ultime\",\"isPartOf\":{\"@id\":\"https:\/\/www.pradel-france.com\/blog\/#website\"},\"primaryImageOfPage\":{\"@id\":\"https:\/\/www.pradel-france.com\/blog\/pourquoi-adopter-une-carafe-filtrante-avantages-conseils-et-utilisation\/#primaryimage\"},\"image\":{\"@id\":\"https:\/\/www.pradel-france.com\/blog\/pourquoi-adopter-une-carafe-filtrante-avantages-conseils-et-utilisation\/#primaryimage\"},\"thumbnailUrl\":\"https:\/\/www.pradel-france.com\/blog\/wp-content\/uploads\/2025\/07\/016250_AMBI-scaled.jpg\",\"datePublished\":\"2025-09-04T15:15:21+00:00\",\"dateModified\":\"2026-03-17T15:48:21+00:00\",\"description\":\"Pourquoi adopter une carafe filtrante ? D\u00e9couvrez ses avantages pour la sant\u00e9, l\u2019environnement et des conseils d\u2019utilisation simples.\",\"breadcrumb\":{\"@id\":\"https:\/\/www.pradel-france.com\/blog\/pourquoi-adopter-une-carafe-filtrante-avantages-conseils-et-utilisation\/#breadcrumb\"},\"inLanguage\":\"fr-FR\",\"potentialAction\":[{\"@type\":\"ReadAction\",\"target\":[\"https:\/\/www.pradel-france.com\/blog\/pourquoi-adopter-une-carafe-filtrante-avantages-conseils-et-utilisation\/\"]}]},{\"@type\":\"ImageObject\",\"inLanguage\":\"fr-FR\",\"@id\":\"https:\/\/www.pradel-france.com\/blog\/pourquoi-adopter-une-carafe-filtrante-avantages-conseils-et-utilisation\/#primaryimage\",\"url\":\"https:\/\/www.pradel-france.com\/blog\/wp-content\/uploads\/2025\/07\/016250_AMBI-scaled.jpg\",\"contentUrl\":\"https:\/\/www.pradel-france.com\/blog\/wp-content\/uploads\/2025\/07\/016250_AMBI-scaled.jpg\",\"width\":2560,\"height\":2560},{\"@type\":\"BreadcrumbList\",\"@id\":\"https:\/\/www.pradel-france.com\/blog\/pourquoi-adopter-une-carafe-filtrante-avantages-conseils-et-utilisation\/#breadcrumb\",\"itemListElement\":[{\"@type\":\"ListItem\",\"position\":1,\"name\":\"Accueil\",\"item\":\"https:\/\/www.pradel-france.com\/blog\/\"},{\"@type\":\"ListItem\",\"position\":2,\"name\":\"Conseils Pradel Fance\",\"item\":\"https:\/\/www.pradel-france.com\/blog\/category\/conseils\/\"},{\"@type\":\"ListItem\",\"position\":3,\"name\":\"Pourquoi adopter une carafe filtrante ? Avantages, conseils et utilisation\"}]},{\"@type\":\"WebSite\",\"@id\":\"https:\/\/www.pradel-france.com\/blog\/#website\",\"url\":\"https:\/\/www.pradel-france.com\/blog\/\",\"name\":\"Pradel France Blog\",\"description\":\"Les recettes et conseils Pradel France\",\"publisher\":{\"@id\":\"https:\/\/www.pradel-france.com\/blog\/#organization\"},\"alternateName\":\"Pradel blog\",\"potentialAction\":[{\"@type\":\"SearchAction\",\"target\":{\"@type\":\"EntryPoint\",\"urlTemplate\":\"https:\/\/www.pradel-france.com\/blog\/?s={search_term_string}\"},\"query-input\":{\"@type\":\"PropertyValueSpecification\",\"valueRequired\":true,\"valueName\":\"search_term_string\"}}],\"inLanguage\":\"fr-FR\"},{\"@type\":\"Organization\",\"@id\":\"https:\/\/www.pradel-france.com\/blog\/#organization\",\"name\":\"Pradel France Blog\",\"alternateName\":\"Pradel blog\",\"url\":\"https:\/\/www.pradel-france.com\/blog\/\",\"logo\":{\"@type\":\"ImageObject\",\"inLanguage\":\"fr-FR\",\"@id\":\"https:\/\/www.pradel-france.com\/blog\/#\/schema\/logo\/image\/\",\"url\":\"https:\/\/www.pradel-france.com\/blog\/wp-content\/uploads\/2023\/04\/pradel-200x200-1.jpg\",\"contentUrl\":\"https:\/\/www.pradel-france.com\/blog\/wp-content\/uploads\/2023\/04\/pradel-200x200-1.jpg\",\"width\":200,\"height\":200,\"caption\":\"Pradel France Blog\"},\"image\":{\"@id\":\"https:\/\/www.pradel-france.com\/blog\/#\/schema\/logo\/image\/\"},\"sameAs\":[\"https:\/\/www.facebook.com\/pradelfr\/\",\"https:\/\/www.instagram.com\/pradel_france\/\",\"https:\/\/www.youtube.com\/@Pradel-France-Homestyle\",\"https:\/\/www.linkedin.com\/company\/pradel-france-homestyle\/\",\"https:\/\/fr.pinterest.com\/pradelfrancehomestyle\/\"]},{\"@type\":\"Person\",\"@id\":\"https:\/\/www.pradel-france.com\/blog\/#\/schema\/person\/9d4906139d09c23f84665eda0714d04d\",\"name\":\"Marine Leclercq\",\"image\":{\"@type\":\"ImageObject\",\"inLanguage\":\"fr-FR\",\"@id\":\"https:\/\/www.pradel-france.com\/blog\/#\/schema\/person\/image\/\",\"url\":\"https:\/\/secure.gravatar.com\/avatar\/e9038faff8aa216af1edf85b0e1aca5abe197683108199ee783d6699f3a9d3fc?s=96&d=mm&r=g\",\"contentUrl\":\"https:\/\/secure.gravatar.com\/avatar\/e9038faff8aa216af1edf85b0e1aca5abe197683108199ee783d6699f3a9d3fc?s=96&d=mm&r=g\",\"caption\":\"Marine Leclercq\"}}]}<\/script>\n<!-- \/ Yoast SEO plugin. -->","yoast_head_json":{"title":"Carafe filtrante | Le guide ultime","description":"Pourquoi adopter une carafe filtrante ? D\u00e9couvrez ses avantages pour la sant\u00e9, l\u2019environnement et des conseils d\u2019utilisation simples.","robots":{"index":"index","follow":"follow","max-snippet":"max-snippet:-1","max-image-preview":"max-image-preview:large","max-video-preview":"max-video-preview:-1"},"canonical":"https:\/\/www.pradel-france.com\/blog\/pourquoi-adopter-une-carafe-filtrante-avantages-conseils-et-utilisation\/","og_locale":"fr_FR","og_type":"article","og_title":"Carafe filtrante | Le guide ultime","og_description":"Pourquoi adopter une carafe filtrante ? D\u00e9couvrez ses avantages pour la sant\u00e9, l\u2019environnement et des conseils d\u2019utilisation simples.","og_url":"https:\/\/www.pradel-france.com\/blog\/pourquoi-adopter-une-carafe-filtrante-avantages-conseils-et-utilisation\/","og_site_name":"Pradel France","article_publisher":"https:\/\/www.facebook.com\/pradelfr\/","article_published_time":"2025-09-04T15:15:21+00:00","article_modified_time":"2026-03-17T15:48:21+00:00","og_image":[{"width":2560,"height":2560,"url":"https:\/\/www.pradel-france.com\/blog\/wp-content\/uploads\/2025\/07\/016250_AMBI-scaled.jpg","type":"image\/jpeg"}],"author":"Marine Leclercq","twitter_card":"summary_large_image","twitter_misc":{"\u00c9crit par":"Marine Leclercq","Dur\u00e9e de lecture estim\u00e9e":"1 minute"},"schema":{"@context":"https:\/\/schema.org","@graph":[{"@type":"Article","@id":"https:\/\/www.pradel-france.com\/blog\/pourquoi-adopter-une-carafe-filtrante-avantages-conseils-et-utilisation\/#article","isPartOf":{"@id":"https:\/\/www.pradel-france.com\/blog\/pourquoi-adopter-une-carafe-filtrante-avantages-conseils-et-utilisation\/"},"author":{"name":"Marine Leclercq","@id":"https:\/\/www.pradel-france.com\/blog\/#\/schema\/person\/9d4906139d09c23f84665eda0714d04d"},"headline":"Pourquoi adopter une carafe filtrante ? Avantages, conseils et utilisation","datePublished":"2025-09-04T15:15:21+00:00","dateModified":"2026-03-17T15:48:21+00:00","mainEntityOfPage":{"@id":"https:\/\/www.pradel-france.com\/blog\/pourquoi-adopter-une-carafe-filtrante-avantages-conseils-et-utilisation\/"},"wordCount":9,"publisher":{"@id":"https:\/\/www.pradel-france.com\/blog\/#organization"},"image":{"@id":"https:\/\/www.pradel-france.com\/blog\/pourquoi-adopter-une-carafe-filtrante-avantages-conseils-et-utilisation\/#primaryimage"},"thumbnailUrl":"https:\/\/www.pradel-france.com\/blog\/wp-content\/uploads\/2025\/07\/016250_AMBI-scaled.jpg","articleSection":["Conseils Pradel Fance","Les astuces"],"inLanguage":"fr-FR"},{"@type":"WebPage","@id":"https:\/\/www.pradel-france.com\/blog\/pourquoi-adopter-une-carafe-filtrante-avantages-conseils-et-utilisation\/","url":"https:\/\/www.pradel-france.com\/blog\/pourquoi-adopter-une-carafe-filtrante-avantages-conseils-et-utilisation\/","name":"Carafe filtrante | Le guide ultime","isPartOf":{"@id":"https:\/\/www.pradel-france.com\/blog\/#website"},"primaryImageOfPage":{"@id":"https:\/\/www.pradel-france.com\/blog\/pourquoi-adopter-une-carafe-filtrante-avantages-conseils-et-utilisation\/#primaryimage"},"image":{"@id":"https:\/\/www.pradel-france.com\/blog\/pourquoi-adopter-une-carafe-filtrante-avantages-conseils-et-utilisation\/#primaryimage"},"thumbnailUrl":"https:\/\/www.pradel-france.com\/blog\/wp-content\/uploads\/2025\/07\/016250_AMBI-scaled.jpg","datePublished":"2025-09-04T15:15:21+00:00","dateModified":"2026-03-17T15:48:21+00:00","description":"Pourquoi adopter une carafe filtrante ? D\u00e9couvrez ses avantages pour la sant\u00e9, l\u2019environnement et des conseils d\u2019utilisation simples.","breadcrumb":{"@id":"https:\/\/www.pradel-france.com\/blog\/pourquoi-adopter-une-carafe-filtrante-avantages-conseils-et-utilisation\/#breadcrumb"},"inLanguage":"fr-FR","potentialAction":[{"@type":"ReadAction","target":["https:\/\/www.pradel-france.com\/blog\/pourquoi-adopter-une-carafe-filtrante-avantages-conseils-et-utilisation\/"]}]},{"@type":"ImageObject","inLanguage":"fr-FR","@id":"https:\/\/www.pradel-france.com\/blog\/pourquoi-adopter-une-carafe-filtrante-avantages-conseils-et-utilisation\/#primaryimage","url":"https:\/\/www.pradel-france.com\/blog\/wp-content\/uploads\/2025\/07\/016250_AMBI-scaled.jpg","contentUrl":"https:\/\/www.pradel-france.com\/blog\/wp-content\/uploads\/2025\/07\/016250_AMBI-scaled.jpg","width":2560,"height":2560},{"@type":"BreadcrumbList","@id":"https:\/\/www.pradel-france.com\/blog\/pourquoi-adopter-une-carafe-filtrante-avantages-conseils-et-utilisation\/#breadcrumb","itemListElement":[{"@type":"ListItem","position":1,"name":"Accueil","item":"https:\/\/www.pradel-france.com\/blog\/"},{"@type":"ListItem","position":2,"name":"Conseils Pradel Fance","item":"https:\/\/www.pradel-france.com\/blog\/category\/conseils\/"},{"@type":"ListItem","position":3,"name":"Pourquoi adopter une carafe filtrante ? Avantages, conseils et utilisation"}]},{"@type":"WebSite","@id":"https:\/\/www.pradel-france.com\/blog\/#website","url":"https:\/\/www.pradel-france.com\/blog\/","name":"Pradel France Blog","description":"Les recettes et conseils Pradel France","publisher":{"@id":"https:\/\/www.pradel-france.com\/blog\/#organization"},"alternateName":"Pradel blog","potentialAction":[{"@type":"SearchAction","target":{"@type":"EntryPoint","urlTemplate":"https:\/\/www.pradel-france.com\/blog\/?s={search_term_string}"},"query-input":{"@type":"PropertyValueSpecification","valueRequired":true,"valueName":"search_term_string"}}],"inLanguage":"fr-FR"},{"@type":"Organization","@id":"https:\/\/www.pradel-france.com\/blog\/#organization","name":"Pradel France Blog","alternateName":"Pradel blog","url":"https:\/\/www.pradel-france.com\/blog\/","logo":{"@type":"ImageObject","inLanguage":"fr-FR","@id":"https:\/\/www.pradel-france.com\/blog\/#\/schema\/logo\/image\/","url":"https:\/\/www.pradel-france.com\/blog\/wp-content\/uploads\/2023\/04\/pradel-200x200-1.jpg","contentUrl":"https:\/\/www.pradel-france.com\/blog\/wp-content\/uploads\/2023\/04\/pradel-200x200-1.jpg","width":200,"height":200,"caption":"Pradel France Blog"},"image":{"@id":"https:\/\/www.pradel-france.com\/blog\/#\/schema\/logo\/image\/"},"sameAs":["https:\/\/www.facebook.com\/pradelfr\/","https:\/\/www.instagram.com\/pradel_france\/","https:\/\/www.youtube.com\/@Pradel-France-Homestyle","https:\/\/www.linkedin.com\/company\/pradel-france-homestyle\/","https:\/\/fr.pinterest.com\/pradelfrancehomestyle\/"]},{"@type":"Person","@id":"https:\/\/www.pradel-france.com\/blog\/#\/schema\/person\/9d4906139d09c23f84665eda0714d04d","name":"Marine Leclercq","image":{"@type":"ImageObject","inLanguage":"fr-FR","@id":"https:\/\/www.pradel-france.com\/blog\/#\/schema\/person\/image\/","url":"https:\/\/secure.gravatar.com\/avatar\/e9038faff8aa216af1edf85b0e1aca5abe197683108199ee783d6699f3a9d3fc?s=96&d=mm&r=g","contentUrl":"https:\/\/secure.gravatar.com\/avatar\/e9038faff8aa216af1edf85b0e1aca5abe197683108199ee783d6699f3a9d3fc?s=96&d=mm&r=g","caption":"Marine Leclercq"}}]}},"thumb":"https:\/\/www.pradel-france.com\/blog\/wp-content\/uploads\/2025\/07\/016250_AMBI-350x250.jpg","category":"Conseils Pradel Fance","description":"D\u00e9couvrez les avantages incontournables de la carafe filtrante La carafe filtrante est devenue un accessoire indispensable dans de nombreux foyers\u2026","_links":{"self":[{"href":"https:\/\/www.pradel-france.com\/blog\/wp-json\/wp\/v2\/posts\/5063","targetHints":{"allow":["GET"]}}],"collection":[{"href":"https:\/\/www.pradel-france.com\/blog\/wp-json\/wp\/v2\/posts"}],"about":[{"href":"https:\/\/www.pradel-france.com\/blog\/wp-json\/wp\/v2\/types\/post"}],"author":[{"embeddable":true,"href":"https:\/\/www.pradel-france.com\/blog\/wp-json\/wp\/v2\/users\/3"}],"replies":[{"embeddable":true,"href":"https:\/\/www.pradel-france.com\/blog\/wp-json\/wp\/v2\/comments?post=5063"}],"version-history":[{"count":25,"href":"https:\/\/www.pradel-france.com\/blog\/wp-json\/wp\/v2\/posts\/5063\/revisions"}],"predecessor-version":[{"id":5166,"href":"https:\/\/www.pradel-france.com\/blog\/wp-json\/wp\/v2\/posts\/5063\/revisions\/5166"}],"wp:featuredmedia":[{"embeddable":true,"href":"https:\/\/www.pradel-france.com\/blog\/wp-json\/wp\/v2\/media\/5064"}],"wp:attachment":[{"href":"https:\/\/www.pradel-france.com\/blog\/wp-json\/wp\/v2\/media?parent=5063"}],"wp:term":[{"taxonomy":"category","embeddable":true,"href":"https:\/\/www.pradel-france.com\/blog\/wp-json\/wp\/v2\/categories?post=5063"},{"taxonomy":"post_tag","embeddable":true,"href":"https:\/\/www.pradel-france.com\/blog\/wp-json\/wp\/v2\/tags?post=5063"}],"curies":[{"name":"wp","href":"https:\/\/api.w.org\/{rel}","templated":true}]}}