{"id":515,"date":"2023-03-12T13:42:39","date_gmt":"2023-03-12T12:42:39","guid":{"rendered":"https:\/\/www.pradel-france.com\/blog\/?p=515"},"modified":"2026-03-17T09:55:00","modified_gmt":"2026-03-17T08:55:00","slug":"comment-garder-une-glaciere-fraiche","status":"publish","type":"post","link":"https:\/\/www.pradel-france.com\/blog\/comment-garder-une-glaciere-fraiche\/","title":{"rendered":"Comment garder une glaci\u00e8re fra\u00eeche\u00a0?"},"content":{"rendered":"\n\n    <div class=\"full-width bgcolor noprint\">\n      <section class=\"block-duo alt   boxed \">\n        <div class=\"container\">\n          <div class=\"row\">\n                          <div class=\"col-12 col-lg-6 col-img px-0 pl-lg-0 pr-lg-2\">\n                <div class=\"picture-wrapper h-100 w-100\">\n                  <div class=\"pic bcover h-100 w-100\" style=\"background-image:url(https:\/\/www.pradel-france.com\/blog\/wp-content\/uploads\/2023\/04\/glaciere-bandouliere-beige-bleue.jpg);min-height:450px;\"><\/div>\n                <\/div>\n              <\/div>\n                        <div class=\"col-12 col-lg-6 col-content d-flex my-auto px-0 pr-lg-4\" style=\"order:-1;\">\n              <div class=\"d-flex flex-column inner-content\">\n                                                  <div class=\"content nerf-last-p\">\n                    <p>En pique-nique ou \u00e0 la plage, la <a href=\"\/254-glaciere-et-sac-isotherme\">glaci\u00e8re portable<\/a> est l\u2019objet indispensable pour garder au frais boissons et repas. Cependant, il faut leur accorder un soin particulier car les <strong>glaci\u00e8res<\/strong> demandent une certaine pr\u00e9paration en amont et pendant leur utilisation pour \u00eatre fonctionnelles.<\/p>\n<p>De la pr\u00e9paration jusqu\u2019\u00e0 l\u2019utilisation, chaque \u00e9tape compte pour garder une glaci\u00e8re fra\u00eeche et en bon \u00e9tat. Conseils et astuces de grand-m\u00e8re, apr\u00e8s la lecture de notre article, vous saurez <strong>comment garder une glaci\u00e8re fra\u00eeche<\/strong>.<\/p>\n                  <\/div>\n                                                  <div>\n                    <a class=\"btn btn-primary\" href=\"\/254-glaciere-et-sac-isotherme\" title=\"D\u00e9couvrez nos glaci\u00e8res !\" target=''>D\u00e9couvrez nos glaci\u00e8res !<\/a>\n                  <\/div>\n                              <\/div>\n            <\/div>\n          <\/div>\n        <\/div>\n      <\/section>\n    <\/div>\n\n\n\n\n\n    <div class=\"full-width bgcolor noprint\">\n      <section class=\"block-duo   boxed \">\n        <div class=\"container\">\n          <div class=\"row\">\n                          <div class=\"col-12 col-lg-4 col-img px-0 pl-lg-0 pr-lg-2\">\n                <div class=\"picture-wrapper h-100 w-100\">\n                  <div class=\"pic bcover h-100 w-100\" style=\"background-image:url(https:\/\/www.pradel-france.com\/blog\/wp-content\/uploads\/2023\/04\/glaciere-plage-famille-709x1024.jpg);min-height:450px;\"><\/div>\n                <\/div>\n              <\/div>\n                        <div class=\"col-12 col-lg-8 col-content d-flex my-auto px-0 pl-lg-4\">\n              <div class=\"d-flex flex-column inner-content\">\n                          <h2 class=\"c-title-l\">Garder une glaci\u00e8re fra\u00eeche : les \u00e9tapes \u00e0 suivre en amont<\/h2>\n                                      <div class=\"content nerf-last-p\">\n                    <p>La pr\u00e9paration des glaci\u00e8res commence d\u00e9j\u00e0 la veille de leur utilisation. Munis de votre intemporelle glaci\u00e8re bleue, vous \u00eates pr\u00eat \u00e0 suivre nos conseils\u2026C\u2019est parti !<\/p>\n<ol>\n<li><b>V\u00e9rifier la glaci\u00e8re<\/b> : Avant toute chose, assurez-vous que votre glaci\u00e8re n&rsquo;ait aucun d\u00e9faut \u00e0 l\u2019int\u00e9rieur comme \u00e0 l\u2019ext\u00e9rieur. Que ce soit une fermeture \u00e9clair d\u00e9fectueuse ou une attache qui ne fonctionne pas\u2026un d\u00e9faut est une perte de fra\u00eecheur assur\u00e9e et votre glaci\u00e8re devient un sac banal et non-r\u00e9frig\u00e9rant.<\/li>\n<li><b>Refroidir la glaci\u00e8re<\/b> : La veille de l\u2019utilisation, mettez votre glaci\u00e8re dans un endroit frais pour que le sac s\u2019impr\u00e8gne de la fra\u00eecheur et puisse d\u00e9j\u00e0 \u00eatre optimal. En la pla\u00e7ant dans un cong\u00e9lateur ou un r\u00e9frig\u00e9rateur, vous pouvez vous assurer que vous gagnerez de pr\u00e9cieuses minutes\/heures lors de son utilisation.<\/li>\n<li><b>Refroidir les aliments<\/b> : Par la m\u00eame occasion, fa\u00eetes d\u2019une pierre deux coups en d\u00e9posant ce qui sera \u00e0 l&rsquo;int\u00e9rieur de la glaci\u00e8re au frais. Ainsi, vous \u00e9vitez les changements de temp\u00e9ratures \u00e0 l\u2019int\u00e9rieur et les aliments maintiendront leur fra\u00eecheur plus facilement.<\/li>\n<li><b>Remplir la glaci\u00e8re<\/b> : Il faut adapter la taille de votre glaci\u00e8re \u00e0 ce que vous y mettez. Pour un sandwich et une boisson, une petite glaci\u00e8re souple suffit. En laissant trop d\u2019espace \u00e0 l\u2019int\u00e9rieur, elle se remplit d\u2019air ambiant ayant une temp\u00e9rature bien trop \u00e9lev\u00e9e.<\/li>\n<li><b>Isoler les aliments<\/b> : Pour \u00e9viter le contact direct des aliments avec l\u2019air chaud ambiant, n\u2019h\u00e9sitez pas \u00e0 les recouvrir d\u2019une mousse polyur\u00e9thane, d\u2019une couverture en polyamide ou encore d\u2019une serviette. Elles permettent d\u2019isoler vos aliments et de les tenir plus longtemps au frais.<\/li>\n<\/ol>\n                  <\/div>\n                                              <\/div>\n            <\/div>\n          <\/div>\n        <\/div>\n      <\/section>\n    <\/div>\n\n\n\n\n\n    <div class=\"full-width bgcolor noprint\">\n      <section class=\"block-duo alt   boxed \">\n        <div class=\"container\">\n          <div class=\"row\">\n                          <div class=\"col-12 col-lg-4 col-img px-0 pl-lg-0 pr-lg-2\">\n                <div class=\"picture-wrapper h-100 w-100\">\n                  <div class=\"pic bcover h-100 w-100\" style=\"background-image:url(https:\/\/www.pradel-france.com\/blog\/wp-content\/uploads\/2023\/04\/glaciere-bleue-voyage-709x1024.jpg);min-height:450px;\"><\/div>\n                <\/div>\n              <\/div>\n                        <div class=\"col-12 col-lg-8 col-content d-flex my-auto px-0 pr-lg-4\" style=\"order:-1;\">\n              <div class=\"d-flex flex-column inner-content\">\n                          <h2 class=\"c-title-l\">Garder une glaci\u00e8re fra\u00eeche pendant l&rsquo;utilisation<\/h2>\n                                      <div class=\"content nerf-last-p\">\n                    <p>Vous vous \u00eates bien pr\u00e9par\u00e9, et ce d\u00e8s la veille de votre pique-nique, mais arrive le moment de l\u2019utilisation. Nous savons que la fra\u00eecheur des glaci\u00e8res est difficile \u00e0 maintenir durant leur usage. Heureusement, nous avons quelques conseils \u00e0 vous exposer !<\/p>\n<ul>\n<li><b>Refermer apr\u00e8s utilisation<\/b> : Pour garder votre glaci\u00e8re fra\u00eeche, \u00e9vitez les d\u00e9perditions de chaleur inutiles. L\u2019isolation thermique qui permet de maintenir le frais n\u2019est pr\u00e9sente qu\u2019en situation herm\u00e9tique. Donc fa\u00eetes tr\u00e8s attention \u00e0 bien refermer votre glaci\u00e8re portable.<\/li>\n<li><b>Pains de glace<\/b> : Assurez une fra\u00eecheur durable en disposant un ou plusieurs pains de glace au fond de votre glaci\u00e8re. Placez vos denr\u00e9es de celles qui ont le plus besoin de fra\u00eecheur \u00e0 celles qui en ont le moins besoin, du fond au couvercle. C\u2019est la meilleure solution pour rafra\u00eechir une glaci\u00e8re sans ab\u00eemer vos aliments, vous gagnerez jusqu\u2019\u00e0 4 heures de fra\u00eecheur ! Si vous n\u2019en poss\u00e9dez pas, utilisez \u00e0 la place des bouteilles d\u2019eau congel\u00e9es.<\/li>\n<li><b>Les gla\u00e7ons<\/b> : En dernier recours, vous pouvez aussi mettre des gla\u00e7ons dans votre glaci\u00e8re. V\u00e9rifiez que votre glaci\u00e8re est \u00e9tanche et sans d\u00e9faut, car l\u2019eau pourrait la d\u00e9grader davantage. Pour garder au mieux la fra\u00eecheur, il est conseill\u00e9 d\u2019effectuer un rapport 2 pour 1 avec 2 fois plus de gla\u00e7ons que d\u2019aliments.<\/li>\n<\/ul>\n                  <\/div>\n                                              <\/div>\n            <\/div>\n          <\/div>\n        <\/div>\n      <\/section>\n    <\/div>\n\n\n\n\n\n    <div class=\"full-width bgcolor noprint\">\n      <section class=\"block-duo   boxed \">\n        <div class=\"container\">\n          <div class=\"row\">\n                          <div class=\"col-12 col-lg-4 col-img px-0 pl-lg-0 pr-lg-2\">\n                <div class=\"picture-wrapper h-100 w-100\">\n                  <div class=\"pic bcover h-100 w-100\" style=\"background-image:url(https:\/\/www.pradel-france.com\/blog\/wp-content\/uploads\/2023\/04\/sac-isotherme-bleu-709x1024.jpg);min-height:450px;\"><\/div>\n                <\/div>\n              <\/div>\n                        <div class=\"col-12 col-lg-8 col-content d-flex my-auto px-0 pl-lg-4\">\n              <div class=\"d-flex flex-column inner-content\">\n                          <h2 class=\"c-title-l\">Les astuces pour garder une glaci\u00e8re fra\u00eeche plus longtemps<\/h2>\n                                      <div class=\"content nerf-last-p\">\n                    <p>Vous vous \u00eates pr\u00e9par\u00e9 au mieux avant et pendant l\u2019utilisation, mais on vous d\u00e9voile nos astuces pour avoir des glaci\u00e8res fra\u00eeches qui durent encore plus longtemps.<\/p>\n<ul>\n<li><b>L\u2019ombre<\/b> : Lorsque vous vous posez avec votre glaci\u00e8re, veillez \u00e0 d\u00e9nicher un point d\u2019ombre. \u00c0 l\u2019abri du soleil, une glaci\u00e8re reste fra\u00eeche deux fois plus longtemps ! L\u2019arbre sera le meilleur ami de votre <strong>glaci\u00e8re portable<\/strong>.<\/li>\n<li><b>Limiter l\u2019ouverture<\/b> : Ouvrez la glaci\u00e8re portable le moins de fois possible. Une ouverture fait rentrer l\u2019air chaud et laisse s\u2019\u00e9chapper l\u2019air frais. Avant de vous servir, demandez si quelqu\u2019un a besoin de quelque chose !<\/li>\n<li><b>Laisser l\u2019eau<\/b> : Si vous avez d\u00e9cid\u00e9 d\u2019opter pour les gla\u00e7ons, ne videz pas l\u2019eau lorsqu\u2019ils auront fondu. En effet, l\u2019humidit\u00e9 refroidit mieux que l\u2019air et l\u2019eau isole les gla\u00e7ons restants. Cependant, l\u2019eau ne doit pas \u00eatre en contact direct avec les aliments et la viande.<\/li>\n<\/ul>\n                  <\/div>\n                                              <\/div>\n            <\/div>\n          <\/div>\n        <\/div>\n      <\/section>\n    <\/div>\n\n\n\n\n\n    <div class=\"full-width bgcolor noprint\">\n      <section class=\"block-duo alt   boxed \">\n        <div class=\"container\">\n          <div class=\"row\">\n                          <div class=\"col-12 col-lg-4 col-img px-0 pl-lg-0 pr-lg-2\">\n                <div class=\"picture-wrapper h-100 w-100\">\n                  <div class=\"pic bcover h-100 w-100\" style=\"background-image:url(https:\/\/www.pradel-france.com\/blog\/wp-content\/uploads\/2023\/04\/glaciere-eau-glace-709x1024.jpg);min-height:450px;\"><\/div>\n                <\/div>\n              <\/div>\n                        <div class=\"col-12 col-lg-8 col-content d-flex my-auto px-0 pr-lg-4\" style=\"order:-1;\">\n              <div class=\"d-flex flex-column inner-content\">\n                          <h2 class=\"c-title-l\">Acheter les glaci\u00e8res Pradel France<\/h2>\n                                      <div class=\"content nerf-last-p\">\n                    <p>Retrouvez notre collection de glaci\u00e8res et de sacs isothermes tendances, utiles et de qualit\u00e9 ! Avec Pradel France, vous choisissez les meilleures glaci\u00e8res de qualit\u00e9 et durables. D\u00e9couvrez notre large gamme de glaci\u00e8res pas ch\u00e8res pour transporter vos repas et boissons au bureau, en pique-nique ou \u00e0 la plage. Profitez de nos diff\u00e9rents styles et couleurs pour trouver celle qui vous correspond !<\/p>\n<p>En tant que membre CSE, vous b\u00e9n\u00e9ficiez toute l\u2019ann\u00e9e de remises de -50% minimum sur le prix public. Partez en pique-nique avec nos glaci\u00e8res pas ch\u00e8res et de qualit\u00e9.<\/p>\n                  <\/div>\n                                              <\/div>\n            <\/div>\n          <\/div>\n        <\/div>\n      <\/section>\n    <\/div>\n\n","protected":false},"excerpt":{"rendered":"","protected":false},"author":1,"featured_media":5975,"comment_status":"closed","ping_status":"closed","sticky":false,"template":"","format":"standard","meta":{"footnotes":""},"categories":[4,8],"tags":[],"class_list":["post-515","post","type-post","status-publish","format-standard","has-post-thumbnail","hentry","category-conseils","category-les-astuces","col-12","col-md-6 col-lg-4"],"acf":[],"yoast_head":"<!-- This site is optimized with the Yoast SEO plugin v26.7 - https:\/\/yoast.com\/wordpress\/plugins\/seo\/ -->\n<title>Comment garder une glaci\u00e8re fra\u00eeche ? Le guide Pradel France<\/title>\n<meta name=\"description\" content=\"Garder une glaci\u00e8re fra\u00eeche tout au long de la journ\u00e9e est tout \u00e0 fait possible. Retrouvez nos conseils et astuces pour profiter au mieux de cet alli\u00e9 indispensable.\" \/>\n<meta name=\"robots\" content=\"index, follow, max-snippet:-1, max-image-preview:large, max-video-preview:-1\" \/>\n<link rel=\"canonical\" href=\"https:\/\/www.pradel-france.com\/blog\/comment-garder-une-glaciere-fraiche\/\" \/>\n<meta property=\"og:locale\" content=\"fr_FR\" \/>\n<meta property=\"og:type\" content=\"article\" \/>\n<meta property=\"og:title\" content=\"Comment garder une glaci\u00e8re fra\u00eeche ? Le guide Pradel France\" \/>\n<meta property=\"og:description\" content=\"Garder une glaci\u00e8re fra\u00eeche tout au long de la journ\u00e9e est tout \u00e0 fait possible. Retrouvez nos conseils et astuces pour profiter au mieux de cet alli\u00e9 indispensable.\" \/>\n<meta property=\"og:url\" content=\"https:\/\/www.pradel-france.com\/blog\/comment-garder-une-glaciere-fraiche\/\" \/>\n<meta property=\"og:site_name\" content=\"Pradel France\" \/>\n<meta property=\"article:publisher\" content=\"https:\/\/www.facebook.com\/pradelfr\/\" \/>\n<meta property=\"article:published_time\" content=\"2023-03-12T12:42:39+00:00\" \/>\n<meta property=\"article:modified_time\" content=\"2026-03-17T08:55:00+00:00\" \/>\n<meta property=\"og:image\" content=\"https:\/\/www.pradel-france.com\/blog\/wp-content\/uploads\/2026\/03\/sac-isotherme.jpg\" \/>\n\t<meta property=\"og:image:width\" content=\"931\" \/>\n\t<meta property=\"og:image:height\" content=\"931\" \/>\n\t<meta property=\"og:image:type\" content=\"image\/jpeg\" \/>\n<meta name=\"author\" content=\"pranblog\" \/>\n<meta name=\"twitter:card\" content=\"summary_large_image\" \/>\n<meta name=\"twitter:label1\" content=\"\u00c9crit par\" \/>\n\t<meta name=\"twitter:data1\" content=\"pranblog\" \/>\n\t<meta name=\"twitter:label2\" content=\"Dur\u00e9e de lecture estim\u00e9e\" \/>\n\t<meta name=\"twitter:data2\" content=\"1 minute\" \/>\n<script type=\"application\/ld+json\" class=\"yoast-schema-graph\">{\"@context\":\"https:\/\/schema.org\",\"@graph\":[{\"@type\":\"Article\",\"@id\":\"https:\/\/www.pradel-france.com\/blog\/comment-garder-une-glaciere-fraiche\/#article\",\"isPartOf\":{\"@id\":\"https:\/\/www.pradel-france.com\/blog\/comment-garder-une-glaciere-fraiche\/\"},\"author\":{\"name\":\"pranblog\",\"@id\":\"https:\/\/www.pradel-france.com\/blog\/#\/schema\/person\/544b7ac9710af9ff69288171ac4deeb1\"},\"headline\":\"Comment garder une glaci\u00e8re fra\u00eeche\u00a0?\",\"datePublished\":\"2023-03-12T12:42:39+00:00\",\"dateModified\":\"2026-03-17T08:55:00+00:00\",\"mainEntityOfPage\":{\"@id\":\"https:\/\/www.pradel-france.com\/blog\/comment-garder-une-glaciere-fraiche\/\"},\"wordCount\":7,\"publisher\":{\"@id\":\"https:\/\/www.pradel-france.com\/blog\/#organization\"},\"image\":{\"@id\":\"https:\/\/www.pradel-france.com\/blog\/comment-garder-une-glaciere-fraiche\/#primaryimage\"},\"thumbnailUrl\":\"https:\/\/www.pradel-france.com\/blog\/wp-content\/uploads\/2026\/03\/sac-isotherme.jpg\",\"articleSection\":[\"Conseils Pradel Fance\",\"Les astuces\"],\"inLanguage\":\"fr-FR\"},{\"@type\":\"WebPage\",\"@id\":\"https:\/\/www.pradel-france.com\/blog\/comment-garder-une-glaciere-fraiche\/\",\"url\":\"https:\/\/www.pradel-france.com\/blog\/comment-garder-une-glaciere-fraiche\/\",\"name\":\"Comment garder une glaci\u00e8re fra\u00eeche ? Le guide Pradel France\",\"isPartOf\":{\"@id\":\"https:\/\/www.pradel-france.com\/blog\/#website\"},\"primaryImageOfPage\":{\"@id\":\"https:\/\/www.pradel-france.com\/blog\/comment-garder-une-glaciere-fraiche\/#primaryimage\"},\"image\":{\"@id\":\"https:\/\/www.pradel-france.com\/blog\/comment-garder-une-glaciere-fraiche\/#primaryimage\"},\"thumbnailUrl\":\"https:\/\/www.pradel-france.com\/blog\/wp-content\/uploads\/2026\/03\/sac-isotherme.jpg\",\"datePublished\":\"2023-03-12T12:42:39+00:00\",\"dateModified\":\"2026-03-17T08:55:00+00:00\",\"description\":\"Garder une glaci\u00e8re fra\u00eeche tout au long de la journ\u00e9e est tout \u00e0 fait possible. Retrouvez nos conseils et astuces pour profiter au mieux de cet alli\u00e9 indispensable.\",\"breadcrumb\":{\"@id\":\"https:\/\/www.pradel-france.com\/blog\/comment-garder-une-glaciere-fraiche\/#breadcrumb\"},\"inLanguage\":\"fr-FR\",\"potentialAction\":[{\"@type\":\"ReadAction\",\"target\":[\"https:\/\/www.pradel-france.com\/blog\/comment-garder-une-glaciere-fraiche\/\"]}]},{\"@type\":\"ImageObject\",\"inLanguage\":\"fr-FR\",\"@id\":\"https:\/\/www.pradel-france.com\/blog\/comment-garder-une-glaciere-fraiche\/#primaryimage\",\"url\":\"https:\/\/www.pradel-france.com\/blog\/wp-content\/uploads\/2026\/03\/sac-isotherme.jpg\",\"contentUrl\":\"https:\/\/www.pradel-france.com\/blog\/wp-content\/uploads\/2026\/03\/sac-isotherme.jpg\",\"width\":931,\"height\":931},{\"@type\":\"BreadcrumbList\",\"@id\":\"https:\/\/www.pradel-france.com\/blog\/comment-garder-une-glaciere-fraiche\/#breadcrumb\",\"itemListElement\":[{\"@type\":\"ListItem\",\"position\":1,\"name\":\"Accueil\",\"item\":\"https:\/\/www.pradel-france.com\/blog\/\"},{\"@type\":\"ListItem\",\"position\":2,\"name\":\"Conseils Pradel Fance\",\"item\":\"https:\/\/www.pradel-france.com\/blog\/category\/conseils\/\"},{\"@type\":\"ListItem\",\"position\":3,\"name\":\"Les astuces\",\"item\":\"https:\/\/www.pradel-france.com\/blog\/category\/conseils\/les-astuces\/\"},{\"@type\":\"ListItem\",\"position\":4,\"name\":\"Comment garder une glaci\u00e8re fra\u00eeche\u00a0?\"}]},{\"@type\":\"WebSite\",\"@id\":\"https:\/\/www.pradel-france.com\/blog\/#website\",\"url\":\"https:\/\/www.pradel-france.com\/blog\/\",\"name\":\"Pradel France Blog\",\"description\":\"Les recettes et conseils Pradel France\",\"publisher\":{\"@id\":\"https:\/\/www.pradel-france.com\/blog\/#organization\"},\"alternateName\":\"Pradel blog\",\"potentialAction\":[{\"@type\":\"SearchAction\",\"target\":{\"@type\":\"EntryPoint\",\"urlTemplate\":\"https:\/\/www.pradel-france.com\/blog\/?s={search_term_string}\"},\"query-input\":{\"@type\":\"PropertyValueSpecification\",\"valueRequired\":true,\"valueName\":\"search_term_string\"}}],\"inLanguage\":\"fr-FR\"},{\"@type\":\"Organization\",\"@id\":\"https:\/\/www.pradel-france.com\/blog\/#organization\",\"name\":\"Pradel France Blog\",\"alternateName\":\"Pradel blog\",\"url\":\"https:\/\/www.pradel-france.com\/blog\/\",\"logo\":{\"@type\":\"ImageObject\",\"inLanguage\":\"fr-FR\",\"@id\":\"https:\/\/www.pradel-france.com\/blog\/#\/schema\/logo\/image\/\",\"url\":\"https:\/\/www.pradel-france.com\/blog\/wp-content\/uploads\/2023\/04\/pradel-200x200-1.jpg\",\"contentUrl\":\"https:\/\/www.pradel-france.com\/blog\/wp-content\/uploads\/2023\/04\/pradel-200x200-1.jpg\",\"width\":200,\"height\":200,\"caption\":\"Pradel France Blog\"},\"image\":{\"@id\":\"https:\/\/www.pradel-france.com\/blog\/#\/schema\/logo\/image\/\"},\"sameAs\":[\"https:\/\/www.facebook.com\/pradelfr\/\",\"https:\/\/www.instagram.com\/pradel_france\/\",\"https:\/\/www.youtube.com\/@Pradel-France-Homestyle\",\"https:\/\/www.linkedin.com\/company\/pradel-france-homestyle\/\",\"https:\/\/fr.pinterest.com\/pradelfrancehomestyle\/\"]},{\"@type\":\"Person\",\"@id\":\"https:\/\/www.pradel-france.com\/blog\/#\/schema\/person\/544b7ac9710af9ff69288171ac4deeb1\",\"name\":\"pranblog\",\"image\":{\"@type\":\"ImageObject\",\"inLanguage\":\"fr-FR\",\"@id\":\"https:\/\/www.pradel-france.com\/blog\/#\/schema\/person\/image\/\",\"url\":\"https:\/\/secure.gravatar.com\/avatar\/b9f4ad324c09b427710fb5cea05f4c625774b7a4295393a50dce733009db3350?s=96&d=mm&r=g\",\"contentUrl\":\"https:\/\/secure.gravatar.com\/avatar\/b9f4ad324c09b427710fb5cea05f4c625774b7a4295393a50dce733009db3350?s=96&d=mm&r=g\",\"caption\":\"pranblog\"},\"sameAs\":[\"http:\/\/www.pradel-france.com\/blog\"]}]}<\/script>\n<!-- \/ Yoast SEO plugin. -->","yoast_head_json":{"title":"Comment garder une glaci\u00e8re fra\u00eeche ? Le guide Pradel France","description":"Garder une glaci\u00e8re fra\u00eeche tout au long de la journ\u00e9e est tout \u00e0 fait possible. Retrouvez nos conseils et astuces pour profiter au mieux de cet alli\u00e9 indispensable.","robots":{"index":"index","follow":"follow","max-snippet":"max-snippet:-1","max-image-preview":"max-image-preview:large","max-video-preview":"max-video-preview:-1"},"canonical":"https:\/\/www.pradel-france.com\/blog\/comment-garder-une-glaciere-fraiche\/","og_locale":"fr_FR","og_type":"article","og_title":"Comment garder une glaci\u00e8re fra\u00eeche ? Le guide Pradel France","og_description":"Garder une glaci\u00e8re fra\u00eeche tout au long de la journ\u00e9e est tout \u00e0 fait possible. Retrouvez nos conseils et astuces pour profiter au mieux de cet alli\u00e9 indispensable.","og_url":"https:\/\/www.pradel-france.com\/blog\/comment-garder-une-glaciere-fraiche\/","og_site_name":"Pradel France","article_publisher":"https:\/\/www.facebook.com\/pradelfr\/","article_published_time":"2023-03-12T12:42:39+00:00","article_modified_time":"2026-03-17T08:55:00+00:00","og_image":[{"width":931,"height":931,"url":"https:\/\/www.pradel-france.com\/blog\/wp-content\/uploads\/2026\/03\/sac-isotherme.jpg","type":"image\/jpeg"}],"author":"pranblog","twitter_card":"summary_large_image","twitter_misc":{"\u00c9crit par":"pranblog","Dur\u00e9e de lecture estim\u00e9e":"1 minute"},"schema":{"@context":"https:\/\/schema.org","@graph":[{"@type":"Article","@id":"https:\/\/www.pradel-france.com\/blog\/comment-garder-une-glaciere-fraiche\/#article","isPartOf":{"@id":"https:\/\/www.pradel-france.com\/blog\/comment-garder-une-glaciere-fraiche\/"},"author":{"name":"pranblog","@id":"https:\/\/www.pradel-france.com\/blog\/#\/schema\/person\/544b7ac9710af9ff69288171ac4deeb1"},"headline":"Comment garder une glaci\u00e8re fra\u00eeche\u00a0?","datePublished":"2023-03-12T12:42:39+00:00","dateModified":"2026-03-17T08:55:00+00:00","mainEntityOfPage":{"@id":"https:\/\/www.pradel-france.com\/blog\/comment-garder-une-glaciere-fraiche\/"},"wordCount":7,"publisher":{"@id":"https:\/\/www.pradel-france.com\/blog\/#organization"},"image":{"@id":"https:\/\/www.pradel-france.com\/blog\/comment-garder-une-glaciere-fraiche\/#primaryimage"},"thumbnailUrl":"https:\/\/www.pradel-france.com\/blog\/wp-content\/uploads\/2026\/03\/sac-isotherme.jpg","articleSection":["Conseils Pradel Fance","Les astuces"],"inLanguage":"fr-FR"},{"@type":"WebPage","@id":"https:\/\/www.pradel-france.com\/blog\/comment-garder-une-glaciere-fraiche\/","url":"https:\/\/www.pradel-france.com\/blog\/comment-garder-une-glaciere-fraiche\/","name":"Comment garder une glaci\u00e8re fra\u00eeche ? Le guide Pradel France","isPartOf":{"@id":"https:\/\/www.pradel-france.com\/blog\/#website"},"primaryImageOfPage":{"@id":"https:\/\/www.pradel-france.com\/blog\/comment-garder-une-glaciere-fraiche\/#primaryimage"},"image":{"@id":"https:\/\/www.pradel-france.com\/blog\/comment-garder-une-glaciere-fraiche\/#primaryimage"},"thumbnailUrl":"https:\/\/www.pradel-france.com\/blog\/wp-content\/uploads\/2026\/03\/sac-isotherme.jpg","datePublished":"2023-03-12T12:42:39+00:00","dateModified":"2026-03-17T08:55:00+00:00","description":"Garder une glaci\u00e8re fra\u00eeche tout au long de la journ\u00e9e est tout \u00e0 fait possible. Retrouvez nos conseils et astuces pour profiter au mieux de cet alli\u00e9 indispensable.","breadcrumb":{"@id":"https:\/\/www.pradel-france.com\/blog\/comment-garder-une-glaciere-fraiche\/#breadcrumb"},"inLanguage":"fr-FR","potentialAction":[{"@type":"ReadAction","target":["https:\/\/www.pradel-france.com\/blog\/comment-garder-une-glaciere-fraiche\/"]}]},{"@type":"ImageObject","inLanguage":"fr-FR","@id":"https:\/\/www.pradel-france.com\/blog\/comment-garder-une-glaciere-fraiche\/#primaryimage","url":"https:\/\/www.pradel-france.com\/blog\/wp-content\/uploads\/2026\/03\/sac-isotherme.jpg","contentUrl":"https:\/\/www.pradel-france.com\/blog\/wp-content\/uploads\/2026\/03\/sac-isotherme.jpg","width":931,"height":931},{"@type":"BreadcrumbList","@id":"https:\/\/www.pradel-france.com\/blog\/comment-garder-une-glaciere-fraiche\/#breadcrumb","itemListElement":[{"@type":"ListItem","position":1,"name":"Accueil","item":"https:\/\/www.pradel-france.com\/blog\/"},{"@type":"ListItem","position":2,"name":"Conseils Pradel Fance","item":"https:\/\/www.pradel-france.com\/blog\/category\/conseils\/"},{"@type":"ListItem","position":3,"name":"Les astuces","item":"https:\/\/www.pradel-france.com\/blog\/category\/conseils\/les-astuces\/"},{"@type":"ListItem","position":4,"name":"Comment garder une glaci\u00e8re fra\u00eeche\u00a0?"}]},{"@type":"WebSite","@id":"https:\/\/www.pradel-france.com\/blog\/#website","url":"https:\/\/www.pradel-france.com\/blog\/","name":"Pradel France Blog","description":"Les recettes et conseils Pradel France","publisher":{"@id":"https:\/\/www.pradel-france.com\/blog\/#organization"},"alternateName":"Pradel blog","potentialAction":[{"@type":"SearchAction","target":{"@type":"EntryPoint","urlTemplate":"https:\/\/www.pradel-france.com\/blog\/?s={search_term_string}"},"query-input":{"@type":"PropertyValueSpecification","valueRequired":true,"valueName":"search_term_string"}}],"inLanguage":"fr-FR"},{"@type":"Organization","@id":"https:\/\/www.pradel-france.com\/blog\/#organization","name":"Pradel France Blog","alternateName":"Pradel blog","url":"https:\/\/www.pradel-france.com\/blog\/","logo":{"@type":"ImageObject","inLanguage":"fr-FR","@id":"https:\/\/www.pradel-france.com\/blog\/#\/schema\/logo\/image\/","url":"https:\/\/www.pradel-france.com\/blog\/wp-content\/uploads\/2023\/04\/pradel-200x200-1.jpg","contentUrl":"https:\/\/www.pradel-france.com\/blog\/wp-content\/uploads\/2023\/04\/pradel-200x200-1.jpg","width":200,"height":200,"caption":"Pradel France Blog"},"image":{"@id":"https:\/\/www.pradel-france.com\/blog\/#\/schema\/logo\/image\/"},"sameAs":["https:\/\/www.facebook.com\/pradelfr\/","https:\/\/www.instagram.com\/pradel_france\/","https:\/\/www.youtube.com\/@Pradel-France-Homestyle","https:\/\/www.linkedin.com\/company\/pradel-france-homestyle\/","https:\/\/fr.pinterest.com\/pradelfrancehomestyle\/"]},{"@type":"Person","@id":"https:\/\/www.pradel-france.com\/blog\/#\/schema\/person\/544b7ac9710af9ff69288171ac4deeb1","name":"pranblog","image":{"@type":"ImageObject","inLanguage":"fr-FR","@id":"https:\/\/www.pradel-france.com\/blog\/#\/schema\/person\/image\/","url":"https:\/\/secure.gravatar.com\/avatar\/b9f4ad324c09b427710fb5cea05f4c625774b7a4295393a50dce733009db3350?s=96&d=mm&r=g","contentUrl":"https:\/\/secure.gravatar.com\/avatar\/b9f4ad324c09b427710fb5cea05f4c625774b7a4295393a50dce733009db3350?s=96&d=mm&r=g","caption":"pranblog"},"sameAs":["http:\/\/www.pradel-france.com\/blog"]}]}},"thumb":"https:\/\/www.pradel-france.com\/blog\/wp-content\/uploads\/2026\/03\/sac-isotherme-350x250.jpg","category":"Conseils Pradel Fance","description":"En pique-nique ou \u00e0 la plage, la glaci\u00e8re portable est l\u2019objet indispensable pour garder au frais boissons et repas. Cependant,\u2026","_links":{"self":[{"href":"https:\/\/www.pradel-france.com\/blog\/wp-json\/wp\/v2\/posts\/515","targetHints":{"allow":["GET"]}}],"collection":[{"href":"https:\/\/www.pradel-france.com\/blog\/wp-json\/wp\/v2\/posts"}],"about":[{"href":"https:\/\/www.pradel-france.com\/blog\/wp-json\/wp\/v2\/types\/post"}],"author":[{"embeddable":true,"href":"https:\/\/www.pradel-france.com\/blog\/wp-json\/wp\/v2\/users\/1"}],"replies":[{"embeddable":true,"href":"https:\/\/www.pradel-france.com\/blog\/wp-json\/wp\/v2\/comments?post=515"}],"version-history":[{"count":5,"href":"https:\/\/www.pradel-france.com\/blog\/wp-json\/wp\/v2\/posts\/515\/revisions"}],"predecessor-version":[{"id":899,"href":"https:\/\/www.pradel-france.com\/blog\/wp-json\/wp\/v2\/posts\/515\/revisions\/899"}],"wp:featuredmedia":[{"embeddable":true,"href":"https:\/\/www.pradel-france.com\/blog\/wp-json\/wp\/v2\/media\/5975"}],"wp:attachment":[{"href":"https:\/\/www.pradel-france.com\/blog\/wp-json\/wp\/v2\/media?parent=515"}],"wp:term":[{"taxonomy":"category","embeddable":true,"href":"https:\/\/www.pradel-france.com\/blog\/wp-json\/wp\/v2\/categories?post=515"},{"taxonomy":"post_tag","embeddable":true,"href":"https:\/\/www.pradel-france.com\/blog\/wp-json\/wp\/v2\/tags?post=515"}],"curies":[{"name":"wp","href":"https:\/\/api.w.org\/{rel}","templated":true}]}}