{"id":5343,"date":"2025-10-17T11:44:00","date_gmt":"2025-10-17T09:44:00","guid":{"rendered":"https:\/\/www.pradel-france.com\/blog\/?p=5343"},"modified":"2026-02-02T10:51:34","modified_gmt":"2026-02-02T09:51:34","slug":"tarte-a-la-clementine","status":"publish","type":"post","link":"https:\/\/www.pradel-france.com\/blog\/tarte-a-la-clementine\/","title":{"rendered":"Tarte \u00e0 la cl\u00e9mentine"},"content":{"rendered":"\n\n  <div class=\"full-width bgcolor noprint\">\n    <section class=\"block-duo alt   boxed  container\">\n      <div class=\"text-center\">\n        \n      \n            <div class=\"d-flex flex-column inner-content\">\n                                            <div class=\"content nerf-last-p\">\n                  <p data-start=\"396\" data-end=\"776\">La <strong data-start=\"467\" data-end=\"492\">tarte \u00e0 la cl\u00e9mentine<\/strong> est le parfait \u00e9quilibre entre le fondant des fruits et le croquant d\u2019une p\u00e2te sabl\u00e9e maison. Simple \u00e0 r\u00e9aliser, ce dessert illumine la table et apporte une touche d\u2019originalit\u00e9 \u00e0 la fin du repas. D\u00e9couvrez la <strong data-start=\"703\" data-end=\"739\">recette traditionnelle et facile<\/strong> pour une tarte fruit\u00e9e aux saveurs d\u2019hiver !<\/p>\n                <\/div>\n                                      <\/div>\n      <\/div>\n    <\/section>\n  <\/div>\n\n\n\n<!--<script src=\"https:\/\/cdnjs.cloudflare.com\/ajax\/libs\/html2pdf.js\/0.10.1\/html2pdf.bundle.min.js\"\n  integrity=\"sha512-GsLlZN\/3F2ErC5ifS5QtgpiJtWd43JWSuIgh7mbzZ8zBps+dvLusV+eNQATqgA\/HdeKFVgA5v3S\/cIrLF7QnIg==\"\n  crossorigin=\"anonymous\" referrerpolicy=\"no-referrer\"><\/script>-->\n     \n \n<section id=\"block_6c4161070e441069d2f9ce3fabf4b918\" class=\"full-width block-ingredients block-ba position-relative overflow-hidden\">\n\n\n   \n        <div id=\"order-links\" class=\"container d-flex gap-1 align-items-center justify-content-end\">\n          <!--\n          <a onclick=\"previewRecette();\" class=\"cursor-pointer d-flex gap-1 align-items-center justify-content-center\" >\n            <img decoding=\"async\" src=\"https:\/\/pradel-new.alban\/themes\/pradel\/assets\/img\/icons\/print.svg\" alt=\"Aper\u00e7u\" width=\"50px\" height=\"50px\"><div class=\"button-blog2\">Aper\u00e7u PDF<\/div><\/a>\n      -->\n          <a onclick=\"genRecette();\" class=\"cursor-pointer \">\n            <img decoding=\"async\" src=\"\/themes\/pradel\/assets\/img\/icons\/print.svg\" alt=\"Imprimer\" width=\"50px\" height=\"50px\">\n            <div class=\"button-blog2\">Imprimer la recette<\/div>\n          <\/a>\n        <\/div>\n\n\n\n\n\n        <script>\n\n            function genRecette() {\n            var body = document.querySelector('body');\n            var article = document.querySelector('article');\n\n            \/\/ Synchroniser la classe 'selected' sur les .list en fonction de la liste visible\n            \/\/ (onRecette dans content-single.php utilise style.display, pas la classe selected)\n            var selectedKey = null;\n            var selectedBtn = article.querySelector('.numbers .selector a.selected');\n            if (selectedBtn) selectedKey = selectedBtn.getAttribute('data-key');\n            article.querySelectorAll('.lists .list').forEach(function(list) {\n              list.classList.remove('selected');\n              if (selectedKey) {\n                if (list.classList.contains('liste-' + selectedKey)) {\n                  list.classList.add('selected');\n                  list.style.display = '';\n                } else {\n                  list.style.display = '';\n                }\n              }\n            });\n\n            \/\/ Mettre \u00e0 jour le texte \"Pour X personnes\"\n            if (selectedKey) {\n              var countEl = article.querySelector('.print-servings-count');\n              if (countEl) countEl.textContent = selectedKey;\n              var servingsEl = article.querySelector('.print-servings');\n              if (servingsEl) servingsEl.textContent = 'Pour ' + selectedKey + ' personne' + (parseInt(selectedKey) > 1 ? 's' : '');\n            }\n\n            \/\/ Ajouter la classe pour le style PDF\n            body.classList.add('recette-pdf');\n         \n\n\n              \/\/ Forcer le chargement des images lazy avant d'imprimer\n              var lazyImgs = document.querySelectorAll('.wp-more-products img[data-src]');\n              console.log('[print] images lazy trouv\u00e9es:', lazyImgs.length);\n              var loadPromises = Array.from(lazyImgs).map(function(img) {\n                var dataSrc = img.getAttribute('data-src');\n                if (!dataSrc) return Promise.resolve();\n                if (img.src === dataSrc && img.complete && img.naturalWidth > 0) return Promise.resolve();\n                return new Promise(function(resolve) {\n                  img.onload = function() { console.log('[print] charg\u00e9e:', img.src); resolve(); };\n                  img.onerror = function() { console.warn('[print] erreur:', dataSrc); resolve(); };\n                  img.removeAttribute('class'); \/\/ \u00e9vite que lazysizes interf\u00e8re\n                  img.src = dataSrc;\n                });\n              });\n\n              Promise.all(loadPromises).then(function() {\n                \/\/ Laisser le navigateur rendre les images avant d'ouvrir la bo\u00eete print\n                setTimeout(function() {\n                  window.print();\n                  setTimeout(function() {\n                    body.classList.remove('recette-pdf');\n                  }, 1000);\n                }, 300);\n              });\n\n   }\n\n      \n\n          \/\/ Regrouper tous les blocs ingredients dans le premier bloc (a cote de la photo)\n          document.addEventListener('DOMContentLoaded', function() {\n            var allSections = document.querySelectorAll('section.block-ingredients');\n            if (allSections.length < 2) return;\n\n            var firstSection = allSections[0];\n            var firstGrid = firstSection.querySelector('.ingredients.with-photo');\n            if (!firstGrid) return;\n            var rightCol = firstGrid.querySelector('.ingredients-right');\n            if (!rightCol) return;\n\n            \/\/ Deplacer les .ingredient-group des blocs suivants dans la colonne droite du premier\n            for (var i = 1; i < allSections.length; i++) {\n              var groups = allSections[i].querySelectorAll('.ingredient-group');\n              groups.forEach(function(group) {\n                rightCol.appendChild(group);\n              });\n              \/\/ Masquer la section vide\n              allSections[i].style.display = 'none';\n            }\n          });\n        <\/script>\n\n\n   \n  <div class=\"container ingredients with-photo\">\n        <div class=\"ingredients-left\">\n      <img decoding=\"async\" src=\"https:\/\/www.pradel-france.com\/blog\/wp-content\/uploads\/2025\/10\/AdobeStock_496869569_Preview.png\" alt=\"Les ingr\u00e9dients pour la p\u00e2te sabl\u00e9e\"  class=\"border-radius-0\">\n    <\/div>\n        <div class=\"ingredients-right\">\n      <div class=\"ingredient-group\">\n              <div class=\"w-100 title-container\">\n          <div class=\"pb-4\">\n                      <div class=\"c-title-l\">Les ingr\u00e9dients pour la p\u00e2te sabl\u00e9e<\/div>\n              <\/div>\n        <\/div>\n                                        <div class=\"print-servings\">Pour <span class=\"print-servings-count\">6<\/span> personnes<\/div>\n        <div class=\"numbers d-flex flex-row gap-0 align-items-center\">\n          <div>Nombre de personnes&nbsp;:<\/div>\n          <div class=\"selector bis\">\n                          <a href=\"#liste-2\" data-key=\"2\" class=\"first \"><span>2<\/span><\/a>\n                          <a href=\"#liste-4\" data-key=\"4\" class=\"\"><span>4<\/span><\/a>\n                          <a href=\"#liste-6\" data-key=\"6\" class=\"selected\"><span>6<\/span><\/a>\n                          <a href=\"#liste-8\" data-key=\"8\" class=\"\"><span>8<\/span><\/a>\n                          <a href=\"#liste-10\" data-key=\"10\" class=\"\"><span>10<\/span><\/a>\n                        <span class=\"last\"><\/span>\n          <\/div>\n        <\/div>\n                <div class=\"lists \">\n                      <div class=\"list liste-2 \">\n              <ul>\n                                                                                                            <li>\n                                              <span class=\"nb\">\n                                                    83.5                        <\/span>\n                                                                    <span class=\"unit\">g<\/span>\n                                                                  <span class=\"ingredient\">de farine<\/span>\n                    <\/li>\n                                                                                                                              <li>\n                                              <span class=\"nb\">\n                                                    41.5                        <\/span>\n                                                                    <span class=\"unit\">g<\/span>\n                                                                  <span class=\"ingredient\">de beurre mou<\/span>\n                    <\/li>\n                                                                                                                              <li>\n                                              <span class=\"nb\">\n                                                    26.5                        <\/span>\n                                                                    <span class=\"unit\">g<\/span>\n                                                                  <span class=\"ingredient\">de sucre en poudre<\/span>\n                    <\/li>\n                                                                                                                              <li>\n                                              <span class=\"nb\">\n                                                    1                        <\/span>\n                                                                    <span class=\"unit\"><\/span>\n                                                                  <span class=\"ingredient\">pinc\u00e9e de sel<\/span>\n                    <\/li>\n                                                                                                                              <li>\n                                              <span class=\"nb\">\n                                                    1                        <\/span>\n                                                                    <span class=\"unit\"><\/span>\n                                                                  <span class=\"ingredient\">oeuf<\/span>\n                    <\/li>\n                                                <\/ul>\n            <\/div>\n                      <div class=\"list liste-4 \">\n              <ul>\n                                                                                                            <li>\n                                              <span class=\"nb\">\n                                                    166.5                        <\/span>\n                                                                    <span class=\"unit\">g<\/span>\n                                                                  <span class=\"ingredient\">de farine<\/span>\n                    <\/li>\n                                                                                                                              <li>\n                                              <span class=\"nb\">\n                                                    83.5                        <\/span>\n                                                                    <span class=\"unit\">g<\/span>\n                                                                  <span class=\"ingredient\">de beurre mou<\/span>\n                    <\/li>\n                                                                                                                              <li>\n                                              <span class=\"nb\">\n                                                    53.5                        <\/span>\n                                                                    <span class=\"unit\">g<\/span>\n                                                                  <span class=\"ingredient\">de sucre en poudre<\/span>\n                    <\/li>\n                                                                                                                              <li>\n                                              <span class=\"nb\">\n                                                    1                        <\/span>\n                                                                    <span class=\"unit\"><\/span>\n                                                                  <span class=\"ingredient\">pinc\u00e9e de sel<\/span>\n                    <\/li>\n                                                                                                                              <li>\n                                              <span class=\"nb\">\n                                                    1                        <\/span>\n                                                                    <span class=\"unit\"><\/span>\n                                                                  <span class=\"ingredient\">oeuf<\/span>\n                    <\/li>\n                                                <\/ul>\n            <\/div>\n                      <div class=\"list liste-6 selected\">\n              <ul>\n                                                                                                            <li>\n                                              <span class=\"nb\">\n                                                    250                        <\/span>\n                                                                    <span class=\"unit\">g<\/span>\n                                                                  <span class=\"ingredient\">de farine<\/span>\n                    <\/li>\n                                                                                                                              <li>\n                                              <span class=\"nb\">\n                                                    125                        <\/span>\n                                                                    <span class=\"unit\">g<\/span>\n                                                                  <span class=\"ingredient\">de beurre mou<\/span>\n                    <\/li>\n                                                                                                                              <li>\n                                              <span class=\"nb\">\n                                                    80                        <\/span>\n                                                                    <span class=\"unit\">g<\/span>\n                                                                  <span class=\"ingredient\">de sucre en poudre<\/span>\n                    <\/li>\n                                                                                                                              <li>\n                                              <span class=\"nb\">\n                                                    1                        <\/span>\n                                                                    <span class=\"unit\"><\/span>\n                                                                  <span class=\"ingredient\">pinc\u00e9e de sel<\/span>\n                    <\/li>\n                                                                                                                              <li>\n                                              <span class=\"nb\">\n                                                    1                        <\/span>\n                                                                    <span class=\"unit\"><\/span>\n                                                                  <span class=\"ingredient\">oeuf<\/span>\n                    <\/li>\n                                                <\/ul>\n            <\/div>\n                      <div class=\"list liste-8 \">\n              <ul>\n                                                                                                            <li>\n                                              <span class=\"nb\">\n                                                    333.5                        <\/span>\n                                                                    <span class=\"unit\">g<\/span>\n                                                                  <span class=\"ingredient\">de farine<\/span>\n                    <\/li>\n                                                                                                                              <li>\n                                              <span class=\"nb\">\n                                                    166.5                        <\/span>\n                                                                    <span class=\"unit\">g<\/span>\n                                                                  <span class=\"ingredient\">de beurre mou<\/span>\n                    <\/li>\n                                                                                                                              <li>\n                                              <span class=\"nb\">\n                                                    106.5                        <\/span>\n                                                                    <span class=\"unit\">g<\/span>\n                                                                  <span class=\"ingredient\">de sucre en poudre<\/span>\n                    <\/li>\n                                                                                                                              <li>\n                                              <span class=\"nb\">\n                                                    1                        <\/span>\n                                                                    <span class=\"unit\"><\/span>\n                                                                  <span class=\"ingredient\">pinc\u00e9e de sel<\/span>\n                    <\/li>\n                                                                                                                              <li>\n                                              <span class=\"nb\">\n                                                    1                        <\/span>\n                                                                    <span class=\"unit\"><\/span>\n                                                                  <span class=\"ingredient\">oeuf<\/span>\n                    <\/li>\n                                                <\/ul>\n            <\/div>\n                      <div class=\"list liste-10 \">\n              <ul>\n                                                                                                            <li>\n                                              <span class=\"nb\">\n                                                    416.5                        <\/span>\n                                                                    <span class=\"unit\">g<\/span>\n                                                                  <span class=\"ingredient\">de farine<\/span>\n                    <\/li>\n                                                                                                                              <li>\n                                              <span class=\"nb\">\n                                                    208.5                        <\/span>\n                                                                    <span class=\"unit\">g<\/span>\n                                                                  <span class=\"ingredient\">de beurre mou<\/span>\n                    <\/li>\n                                                                                                                              <li>\n                                              <span class=\"nb\">\n                                                    133.5                        <\/span>\n                                                                    <span class=\"unit\">g<\/span>\n                                                                  <span class=\"ingredient\">de sucre en poudre<\/span>\n                    <\/li>\n                                                                                                                              <li>\n                                              <span class=\"nb\">\n                                                    2                        <\/span>\n                                                                    <span class=\"unit\"><\/span>\n                                                                  <span class=\"ingredient\">pinc\u00e9e de sel<\/span>\n                    <\/li>\n                                                                                                                              <li>\n                                              <span class=\"nb\">\n                                                    2                        <\/span>\n                                                                    <span class=\"unit\"><\/span>\n                                                                  <span class=\"ingredient\">oeuf<\/span>\n                    <\/li>\n                                                <\/ul>\n            <\/div>\n                  <\/div>\n            <\/div><!-- \/.ingredient-group -->\n    <\/div>\n  <\/div>\n<\/section>\n\n\n\n\n<!--<script src=\"https:\/\/cdnjs.cloudflare.com\/ajax\/libs\/html2pdf.js\/0.10.1\/html2pdf.bundle.min.js\"\n  integrity=\"sha512-GsLlZN\/3F2ErC5ifS5QtgpiJtWd43JWSuIgh7mbzZ8zBps+dvLusV+eNQATqgA\/HdeKFVgA5v3S\/cIrLF7QnIg==\"\n  crossorigin=\"anonymous\" referrerpolicy=\"no-referrer\"><\/script>-->\n     \n \n<section id=\"block_d7e4dfb033da8001d738134187e23b38\" class=\"full-width block-ingredients block-ba position-relative overflow-hidden\" style=\"display:none\">\n\n\n   \n  <div class=\"container ingredients\">\n        <div class=\"ingredients-right\">\n      <div class=\"ingredient-group\">\n              <div class=\"w-100 title-container\">\n          <div class=\"pb-4\">\n                      <div class=\"c-title-l\">Les ingr\u00e9dients pour la garniture<\/div>\n              <\/div>\n        <\/div>\n                                        <div class=\"lists \">\n                      <div class=\"list liste-2 \">\n              <ul>\n                                                                                                            <li>\n                                              <span class=\"nb\">\n                                                    3                        <\/span>\n                                                                    <span class=\"unit\"><\/span>\n                                                                  <span class=\"ingredient\">cl\u00e9mentines<\/span>\n                    <\/li>\n                                                                                                                              <li>\n                                              <span class=\"nb\">\n                                                    33.5                        <\/span>\n                                                                    <span class=\"unit\">g<\/span>\n                                                                  <span class=\"ingredient\">de sucre en poudre<\/span>\n                    <\/li>\n                                                                                                                              <li>\n                                              <span class=\"nb\">\n                                                    1                        <\/span>\n                                                                    <span class=\"unit\"><\/span>\n                                                                  <span class=\"ingredient\">oeufs<\/span>\n                    <\/li>\n                                                                                                                              <li>\n                                              <span class=\"nb\">\n                                                    1                        <\/span>\n                                                                    <span class=\"unit\"><\/span>\n                                                                  <span class=\"ingredient\">jaune d'oeuf<\/span>\n                    <\/li>\n                                                                                                                              <li>\n                                              <span class=\"nb\">\n                                                    3.5                        <\/span>\n                                                                    <span class=\"unit\">g<\/span>\n                                                                  <span class=\"ingredient\">de maizena<\/span>\n                    <\/li>\n                                                                                                                              <li>\n                                              <span class=\"nb\">\n                                                    26.5                        <\/span>\n                                                                    <span class=\"unit\">g<\/span>\n                                                                  <span class=\"ingredient\">de beurre fondu<\/span>\n                    <\/li>\n                                                                                                                              <li>\n                                                                    <span class=\"unit\"><\/span>\n                                                                  <span class=\"ingredient\">Le jus et le zeste d'une cl\u00e9mentine<\/span>\n                    <\/li>\n                                                <\/ul>\n            <\/div>\n                      <div class=\"list liste-4 \">\n              <ul>\n                                                                                                            <li>\n                                              <span class=\"nb\">\n                                                    5                        <\/span>\n                                                                    <span class=\"unit\"><\/span>\n                                                                  <span class=\"ingredient\">cl\u00e9mentines<\/span>\n                    <\/li>\n                                                                                                                              <li>\n                                              <span class=\"nb\">\n                                                    66.5                        <\/span>\n                                                                    <span class=\"unit\">g<\/span>\n                                                                  <span class=\"ingredient\">de sucre en poudre<\/span>\n                    <\/li>\n                                                                                                                              <li>\n                                              <span class=\"nb\">\n                                                    1                        <\/span>\n                                                                    <span class=\"unit\"><\/span>\n                                                                  <span class=\"ingredient\">oeufs<\/span>\n                    <\/li>\n                                                                                                                              <li>\n                                              <span class=\"nb\">\n                                                    1                        <\/span>\n                                                                    <span class=\"unit\"><\/span>\n                                                                  <span class=\"ingredient\">jaune d'oeuf<\/span>\n                    <\/li>\n                                                                                                                              <li>\n                                              <span class=\"nb\">\n                                                    6.5                        <\/span>\n                                                                    <span class=\"unit\">g<\/span>\n                                                                  <span class=\"ingredient\">de maizena<\/span>\n                    <\/li>\n                                                                                                                              <li>\n                                              <span class=\"nb\">\n                                                    53.5                        <\/span>\n                                                                    <span class=\"unit\">g<\/span>\n                                                                  <span class=\"ingredient\">de beurre fondu<\/span>\n                    <\/li>\n                                                                                                                              <li>\n                                                                    <span class=\"unit\"><\/span>\n                                                                  <span class=\"ingredient\">Le jus et le zeste d'une cl\u00e9mentine<\/span>\n                    <\/li>\n                                                <\/ul>\n            <\/div>\n                      <div class=\"list liste-6 selected\">\n              <ul>\n                                                                                                            <li>\n                                              <span class=\"nb\">\n                                                    8                        <\/span>\n                                                                    <span class=\"unit\"><\/span>\n                                                                  <span class=\"ingredient\">cl\u00e9mentines<\/span>\n                    <\/li>\n                                                                                                                              <li>\n                                              <span class=\"nb\">\n                                                    100                        <\/span>\n                                                                    <span class=\"unit\">g<\/span>\n                                                                  <span class=\"ingredient\">de sucre en poudre<\/span>\n                    <\/li>\n                                                                                                                              <li>\n                                              <span class=\"nb\">\n                                                    2                        <\/span>\n                                                                    <span class=\"unit\"><\/span>\n                                                                  <span class=\"ingredient\">oeufs<\/span>\n                    <\/li>\n                                                                                                                              <li>\n                                              <span class=\"nb\">\n                                                    1                        <\/span>\n                                                                    <span class=\"unit\"><\/span>\n                                                                  <span class=\"ingredient\">jaune d'oeuf<\/span>\n                    <\/li>\n                                                                                                                              <li>\n                                              <span class=\"nb\">\n                                                    10                        <\/span>\n                                                                    <span class=\"unit\">g<\/span>\n                                                                  <span class=\"ingredient\">de maizena<\/span>\n                    <\/li>\n                                                                                                                              <li>\n                                              <span class=\"nb\">\n                                                    80                        <\/span>\n                                                                    <span class=\"unit\">g<\/span>\n                                                                  <span class=\"ingredient\">de beurre fondu<\/span>\n                    <\/li>\n                                                                                                                              <li>\n                                                                    <span class=\"unit\"><\/span>\n                                                                  <span class=\"ingredient\">Le jus et le zeste d'une cl\u00e9mentine<\/span>\n                    <\/li>\n                                                <\/ul>\n            <\/div>\n                      <div class=\"list liste-8 \">\n              <ul>\n                                                                                                            <li>\n                                              <span class=\"nb\">\n                                                    11                        <\/span>\n                                                                    <span class=\"unit\"><\/span>\n                                                                  <span class=\"ingredient\">cl\u00e9mentines<\/span>\n                    <\/li>\n                                                                                                                              <li>\n                                              <span class=\"nb\">\n                                                    133.5                        <\/span>\n                                                                    <span class=\"unit\">g<\/span>\n                                                                  <span class=\"ingredient\">de sucre en poudre<\/span>\n                    <\/li>\n                                                                                                                              <li>\n                                              <span class=\"nb\">\n                                                    3                        <\/span>\n                                                                    <span class=\"unit\"><\/span>\n                                                                  <span class=\"ingredient\">oeufs<\/span>\n                    <\/li>\n                                                                                                                              <li>\n                                              <span class=\"nb\">\n                                                    1                        <\/span>\n                                                                    <span class=\"unit\"><\/span>\n                                                                  <span class=\"ingredient\">jaune d'oeuf<\/span>\n                    <\/li>\n                                                                                                                              <li>\n                                              <span class=\"nb\">\n                                                    13.5                        <\/span>\n                                                                    <span class=\"unit\">g<\/span>\n                                                                  <span class=\"ingredient\">de maizena<\/span>\n                    <\/li>\n                                                                                                                              <li>\n                                              <span class=\"nb\">\n                                                    106.5                        <\/span>\n                                                                    <span class=\"unit\">g<\/span>\n                                                                  <span class=\"ingredient\">de beurre fondu<\/span>\n                    <\/li>\n                                                                                                                              <li>\n                                                                    <span class=\"unit\"><\/span>\n                                                                  <span class=\"ingredient\">Le jus et le zeste d'une cl\u00e9mentine<\/span>\n                    <\/li>\n                                                <\/ul>\n            <\/div>\n                      <div class=\"list liste-10 \">\n              <ul>\n                                                                                                            <li>\n                                              <span class=\"nb\">\n                                                    13                        <\/span>\n                                                                    <span class=\"unit\"><\/span>\n                                                                  <span class=\"ingredient\">cl\u00e9mentines<\/span>\n                    <\/li>\n                                                                                                                              <li>\n                                              <span class=\"nb\">\n                                                    166.5                        <\/span>\n                                                                    <span class=\"unit\">g<\/span>\n                                                                  <span class=\"ingredient\">de sucre en poudre<\/span>\n                    <\/li>\n                                                                                                                              <li>\n                                              <span class=\"nb\">\n                                                    3                        <\/span>\n                                                                    <span class=\"unit\"><\/span>\n                                                                  <span class=\"ingredient\">oeufs<\/span>\n                    <\/li>\n                                                                                                                              <li>\n                                              <span class=\"nb\">\n                                                    2                        <\/span>\n                                                                    <span class=\"unit\"><\/span>\n                                                                  <span class=\"ingredient\">jaune d'oeuf<\/span>\n                    <\/li>\n                                                                                                                              <li>\n                                              <span class=\"nb\">\n                                                    16.5                        <\/span>\n                                                                    <span class=\"unit\">g<\/span>\n                                                                  <span class=\"ingredient\">de maizena<\/span>\n                    <\/li>\n                                                                                                                              <li>\n                                              <span class=\"nb\">\n                                                    133.5                        <\/span>\n                                                                    <span class=\"unit\">g<\/span>\n                                                                  <span class=\"ingredient\">de beurre fondu<\/span>\n                    <\/li>\n                                                                                                                              <li>\n                                                                    <span class=\"unit\"><\/span>\n                                                                  <span class=\"ingredient\">Le jus et le zeste d'une cl\u00e9mentine<\/span>\n                    <\/li>\n                                                <\/ul>\n            <\/div>\n                  <\/div>\n            <\/div><!-- \/.ingredient-group -->\n    <\/div>\n  <\/div>\n<\/section>\n\n\n\n\n\n<section id=\"block_287141a9554b6c36b5028faefcace348\" class=\"block-preparation block-ba position-relative overflow-hidden full-width alignwide\">\n  <div class=\"container\">\n          <div class=\"w-100 title-container pb-4\">\n\n                  <div class=\"c-title-l\">Pr\u00e9paration <\/div>\n    \n      <\/div>\n              <ul class=\"steps\">\n                                        <li class=\"d-flex flex-column\">\n              <span>&Eacute;TAPE 1<\/span>\n              <p>Pr\u00e9parer la p\u00e2te sabl\u00e9e :<br \/>\nDans un saladier, m\u00e9langez la farine, le sucre glace et le sel.<br \/>\nAjoutez le beurre froid coup\u00e9 en d\u00e9s et sablez du bout des doigts. Incorporez l\u2019\u0153uf puis formez une boule.<br \/>\nFilmez et laissez reposer 30 minutes au r\u00e9frig\u00e9rateur.<\/p>\n            <\/li>\n                                                  <li class=\"d-flex flex-column\">\n              <span>&Eacute;TAPE 2<\/span>\n              <p>\u00c9talez ensuite la p\u00e2te et foncez un moule \u00e0 tarte beurr\u00e9.<br \/>\nPiquez le fond avec une fourchette et faites cuire \u00e0 blanc 15 min \u00e0 180\u00b0C.<\/p>\n            <\/li>\n                                                  <li class=\"d-flex flex-column\">\n              <span>&Eacute;TAPE 3<\/span>\n              <p>Pr\u00e9parer la cr\u00e8me \u00e0 la cl\u00e9mentine :<br \/>\nPressez le jus des cl\u00e9mentines et r\u00e9cup\u00e9rez le zeste d\u2019une d\u2019entre elles.<\/p>\n            <\/li>\n                                                  <li class=\"d-flex flex-column\">\n              <span>&Eacute;TAPE 4<\/span>\n              <p>Dans un saladier, fouettez les \u0153ufs avec le sucre jusqu\u2019\u00e0 ce que le m\u00e9lange blanchisse.<br \/>\nAjoutez la ma\u00efzena, le jus, le zeste et enfin le beurre fondu. M\u00e9langez bien.<\/p>\n            <\/li>\n                                                  <li class=\"d-flex flex-column\">\n              <span>&Eacute;TAPE 5<\/span>\n              <p>Versez la pr\u00e9paration sur le fond de tarte pr\u00e9cuit, puis enfournez 20 \u00e0 25 minutes \u00e0 170\u00b0C jusqu\u2019\u00e0 ce que la cr\u00e8me soit prise.<\/p>\n            <\/li>\n                                                  <li class=\"d-flex flex-column\">\n              <span>&Eacute;TAPE 6<\/span>\n              <p>D\u00e9corer la tarte :<br \/>\nLaissez refroidir compl\u00e8tement.<br \/>\nD\u00e9corez avec de fines tranches de cl\u00e9mentines fra\u00eeches ou confites, dispos\u00e9es en rosace pour un rendu visuel spectaculaire.<\/p>\n            <\/li>\n                        <\/ul>\n      <\/div>\n<\/section>\n\n\n\n\n<p><\/p>\n","protected":false},"excerpt":{"rendered":"","protected":false},"author":3,"featured_media":5340,"comment_status":"closed","ping_status":"closed","sticky":false,"template":"","format":"standard","meta":{"footnotes":""},"categories":[14,3],"tags":[],"class_list":["post-5343","post","type-post","status-publish","format-standard","has-post-thumbnail","hentry","category-dessert","category-recettes","col-12","col-md-6 col-lg-4"],"acf":[],"yoast_head":"<!-- This site is optimized with the Yoast SEO plugin v26.7 - https:\/\/yoast.com\/wordpress\/plugins\/seo\/ -->\n<title>Tarte \u00e0 la cl\u00e9mentine | Recette Pradel France<\/title>\n<meta name=\"description\" content=\"Tarte \u00e0 la cl\u00e9mentine maison : une recette facile et ensoleill\u00e9e, au go\u00fbt frais et fruit\u00e9, parfaite pour un dessert d\u2019hiver gourmand.\" \/>\n<meta name=\"robots\" content=\"index, follow, max-snippet:-1, max-image-preview:large, max-video-preview:-1\" \/>\n<link rel=\"canonical\" href=\"https:\/\/www.pradel-france.com\/blog\/tarte-a-la-clementine\/\" \/>\n<meta property=\"og:locale\" content=\"fr_FR\" \/>\n<meta property=\"og:type\" content=\"article\" \/>\n<meta property=\"og:title\" content=\"Tarte \u00e0 la cl\u00e9mentine | Recette Pradel France\" \/>\n<meta property=\"og:description\" content=\"Tarte \u00e0 la cl\u00e9mentine maison : une recette facile et ensoleill\u00e9e, au go\u00fbt frais et fruit\u00e9, parfaite pour un dessert d\u2019hiver gourmand.\" \/>\n<meta property=\"og:url\" content=\"https:\/\/www.pradel-france.com\/blog\/tarte-a-la-clementine\/\" \/>\n<meta property=\"og:site_name\" content=\"Pradel France\" \/>\n<meta property=\"article:publisher\" content=\"https:\/\/www.facebook.com\/pradelfr\/\" \/>\n<meta property=\"article:published_time\" content=\"2025-10-17T09:44:00+00:00\" \/>\n<meta property=\"article:modified_time\" content=\"2026-02-02T09:51:34+00:00\" \/>\n<meta property=\"og:image\" content=\"https:\/\/www.pradel-france.com\/blog\/wp-content\/uploads\/2025\/10\/AdobeStock_496869569_Preview.png\" \/>\n\t<meta property=\"og:image:width\" content=\"1000\" \/>\n\t<meta property=\"og:image:height\" content=\"1000\" \/>\n\t<meta property=\"og:image:type\" content=\"image\/png\" \/>\n<meta name=\"author\" content=\"Marine Leclercq\" \/>\n<meta name=\"twitter:card\" content=\"summary_large_image\" \/>\n<meta name=\"twitter:label1\" content=\"\u00c9crit par\" \/>\n\t<meta name=\"twitter:data1\" content=\"Marine Leclercq\" \/>\n\t<meta name=\"twitter:label2\" content=\"Dur\u00e9e de lecture estim\u00e9e\" \/>\n\t<meta name=\"twitter:data2\" content=\"1 minute\" \/>\n<script type=\"application\/ld+json\" class=\"yoast-schema-graph\">{\"@context\":\"https:\/\/schema.org\",\"@graph\":[{\"@type\":\"Article\",\"@id\":\"https:\/\/www.pradel-france.com\/blog\/tarte-a-la-clementine\/#article\",\"isPartOf\":{\"@id\":\"https:\/\/www.pradel-france.com\/blog\/tarte-a-la-clementine\/\"},\"author\":{\"name\":\"Marine Leclercq\",\"@id\":\"https:\/\/www.pradel-france.com\/blog\/#\/schema\/person\/9d4906139d09c23f84665eda0714d04d\"},\"headline\":\"Tarte \u00e0 la cl\u00e9mentine\",\"datePublished\":\"2025-10-17T09:44:00+00:00\",\"dateModified\":\"2026-02-02T09:51:34+00:00\",\"mainEntityOfPage\":{\"@id\":\"https:\/\/www.pradel-france.com\/blog\/tarte-a-la-clementine\/\"},\"wordCount\":4,\"publisher\":{\"@id\":\"https:\/\/www.pradel-france.com\/blog\/#organization\"},\"image\":{\"@id\":\"https:\/\/www.pradel-france.com\/blog\/tarte-a-la-clementine\/#primaryimage\"},\"thumbnailUrl\":\"https:\/\/www.pradel-france.com\/blog\/wp-content\/uploads\/2025\/10\/AdobeStock_496869569_Preview.png\",\"articleSection\":[\"Dessert\",\"Recettes Pradel France\"],\"inLanguage\":\"fr-FR\"},{\"@type\":\"WebPage\",\"@id\":\"https:\/\/www.pradel-france.com\/blog\/tarte-a-la-clementine\/\",\"url\":\"https:\/\/www.pradel-france.com\/blog\/tarte-a-la-clementine\/\",\"name\":\"Tarte \u00e0 la cl\u00e9mentine | Recette Pradel France\",\"isPartOf\":{\"@id\":\"https:\/\/www.pradel-france.com\/blog\/#website\"},\"primaryImageOfPage\":{\"@id\":\"https:\/\/www.pradel-france.com\/blog\/tarte-a-la-clementine\/#primaryimage\"},\"image\":{\"@id\":\"https:\/\/www.pradel-france.com\/blog\/tarte-a-la-clementine\/#primaryimage\"},\"thumbnailUrl\":\"https:\/\/www.pradel-france.com\/blog\/wp-content\/uploads\/2025\/10\/AdobeStock_496869569_Preview.png\",\"datePublished\":\"2025-10-17T09:44:00+00:00\",\"dateModified\":\"2026-02-02T09:51:34+00:00\",\"description\":\"Tarte \u00e0 la cl\u00e9mentine maison : une recette facile et ensoleill\u00e9e, au go\u00fbt frais et fruit\u00e9, parfaite pour un dessert d\u2019hiver gourmand.\",\"breadcrumb\":{\"@id\":\"https:\/\/www.pradel-france.com\/blog\/tarte-a-la-clementine\/#breadcrumb\"},\"inLanguage\":\"fr-FR\",\"potentialAction\":[{\"@type\":\"ReadAction\",\"target\":[\"https:\/\/www.pradel-france.com\/blog\/tarte-a-la-clementine\/\"]}]},{\"@type\":\"ImageObject\",\"inLanguage\":\"fr-FR\",\"@id\":\"https:\/\/www.pradel-france.com\/blog\/tarte-a-la-clementine\/#primaryimage\",\"url\":\"https:\/\/www.pradel-france.com\/blog\/wp-content\/uploads\/2025\/10\/AdobeStock_496869569_Preview.png\",\"contentUrl\":\"https:\/\/www.pradel-france.com\/blog\/wp-content\/uploads\/2025\/10\/AdobeStock_496869569_Preview.png\",\"width\":1000,\"height\":1000},{\"@type\":\"BreadcrumbList\",\"@id\":\"https:\/\/www.pradel-france.com\/blog\/tarte-a-la-clementine\/#breadcrumb\",\"itemListElement\":[{\"@type\":\"ListItem\",\"position\":1,\"name\":\"Accueil\",\"item\":\"https:\/\/www.pradel-france.com\/blog\/\"},{\"@type\":\"ListItem\",\"position\":2,\"name\":\"Recettes Pradel France\",\"item\":\"https:\/\/www.pradel-france.com\/blog\/category\/recettes\/\"},{\"@type\":\"ListItem\",\"position\":3,\"name\":\"Tarte \u00e0 la cl\u00e9mentine\"}]},{\"@type\":\"WebSite\",\"@id\":\"https:\/\/www.pradel-france.com\/blog\/#website\",\"url\":\"https:\/\/www.pradel-france.com\/blog\/\",\"name\":\"Pradel France Blog\",\"description\":\"Les recettes et conseils Pradel France\",\"publisher\":{\"@id\":\"https:\/\/www.pradel-france.com\/blog\/#organization\"},\"alternateName\":\"Pradel blog\",\"potentialAction\":[{\"@type\":\"SearchAction\",\"target\":{\"@type\":\"EntryPoint\",\"urlTemplate\":\"https:\/\/www.pradel-france.com\/blog\/?s={search_term_string}\"},\"query-input\":{\"@type\":\"PropertyValueSpecification\",\"valueRequired\":true,\"valueName\":\"search_term_string\"}}],\"inLanguage\":\"fr-FR\"},{\"@type\":\"Organization\",\"@id\":\"https:\/\/www.pradel-france.com\/blog\/#organization\",\"name\":\"Pradel France Blog\",\"alternateName\":\"Pradel blog\",\"url\":\"https:\/\/www.pradel-france.com\/blog\/\",\"logo\":{\"@type\":\"ImageObject\",\"inLanguage\":\"fr-FR\",\"@id\":\"https:\/\/www.pradel-france.com\/blog\/#\/schema\/logo\/image\/\",\"url\":\"https:\/\/www.pradel-france.com\/blog\/wp-content\/uploads\/2023\/04\/pradel-200x200-1.jpg\",\"contentUrl\":\"https:\/\/www.pradel-france.com\/blog\/wp-content\/uploads\/2023\/04\/pradel-200x200-1.jpg\",\"width\":200,\"height\":200,\"caption\":\"Pradel France Blog\"},\"image\":{\"@id\":\"https:\/\/www.pradel-france.com\/blog\/#\/schema\/logo\/image\/\"},\"sameAs\":[\"https:\/\/www.facebook.com\/pradelfr\/\",\"https:\/\/www.instagram.com\/pradel_france\/\",\"https:\/\/www.youtube.com\/@Pradel-France-Homestyle\",\"https:\/\/www.linkedin.com\/company\/pradel-france-homestyle\/\",\"https:\/\/fr.pinterest.com\/pradelfrancehomestyle\/\"]},{\"@type\":\"Person\",\"@id\":\"https:\/\/www.pradel-france.com\/blog\/#\/schema\/person\/9d4906139d09c23f84665eda0714d04d\",\"name\":\"Marine Leclercq\",\"image\":{\"@type\":\"ImageObject\",\"inLanguage\":\"fr-FR\",\"@id\":\"https:\/\/www.pradel-france.com\/blog\/#\/schema\/person\/image\/\",\"url\":\"https:\/\/secure.gravatar.com\/avatar\/e9038faff8aa216af1edf85b0e1aca5abe197683108199ee783d6699f3a9d3fc?s=96&d=mm&r=g\",\"contentUrl\":\"https:\/\/secure.gravatar.com\/avatar\/e9038faff8aa216af1edf85b0e1aca5abe197683108199ee783d6699f3a9d3fc?s=96&d=mm&r=g\",\"caption\":\"Marine Leclercq\"}}]}<\/script>\n<!-- \/ Yoast SEO plugin. -->","yoast_head_json":{"title":"Tarte \u00e0 la cl\u00e9mentine | Recette Pradel France","description":"Tarte \u00e0 la cl\u00e9mentine maison : une recette facile et ensoleill\u00e9e, au go\u00fbt frais et fruit\u00e9, parfaite pour un dessert d\u2019hiver gourmand.","robots":{"index":"index","follow":"follow","max-snippet":"max-snippet:-1","max-image-preview":"max-image-preview:large","max-video-preview":"max-video-preview:-1"},"canonical":"https:\/\/www.pradel-france.com\/blog\/tarte-a-la-clementine\/","og_locale":"fr_FR","og_type":"article","og_title":"Tarte \u00e0 la cl\u00e9mentine | Recette Pradel France","og_description":"Tarte \u00e0 la cl\u00e9mentine maison : une recette facile et ensoleill\u00e9e, au go\u00fbt frais et fruit\u00e9, parfaite pour un dessert d\u2019hiver gourmand.","og_url":"https:\/\/www.pradel-france.com\/blog\/tarte-a-la-clementine\/","og_site_name":"Pradel France","article_publisher":"https:\/\/www.facebook.com\/pradelfr\/","article_published_time":"2025-10-17T09:44:00+00:00","article_modified_time":"2026-02-02T09:51:34+00:00","og_image":[{"width":1000,"height":1000,"url":"https:\/\/www.pradel-france.com\/blog\/wp-content\/uploads\/2025\/10\/AdobeStock_496869569_Preview.png","type":"image\/png"}],"author":"Marine Leclercq","twitter_card":"summary_large_image","twitter_misc":{"\u00c9crit par":"Marine Leclercq","Dur\u00e9e de lecture estim\u00e9e":"1 minute"},"schema":{"@context":"https:\/\/schema.org","@graph":[{"@type":"Article","@id":"https:\/\/www.pradel-france.com\/blog\/tarte-a-la-clementine\/#article","isPartOf":{"@id":"https:\/\/www.pradel-france.com\/blog\/tarte-a-la-clementine\/"},"author":{"name":"Marine Leclercq","@id":"https:\/\/www.pradel-france.com\/blog\/#\/schema\/person\/9d4906139d09c23f84665eda0714d04d"},"headline":"Tarte \u00e0 la cl\u00e9mentine","datePublished":"2025-10-17T09:44:00+00:00","dateModified":"2026-02-02T09:51:34+00:00","mainEntityOfPage":{"@id":"https:\/\/www.pradel-france.com\/blog\/tarte-a-la-clementine\/"},"wordCount":4,"publisher":{"@id":"https:\/\/www.pradel-france.com\/blog\/#organization"},"image":{"@id":"https:\/\/www.pradel-france.com\/blog\/tarte-a-la-clementine\/#primaryimage"},"thumbnailUrl":"https:\/\/www.pradel-france.com\/blog\/wp-content\/uploads\/2025\/10\/AdobeStock_496869569_Preview.png","articleSection":["Dessert","Recettes Pradel France"],"inLanguage":"fr-FR"},{"@type":"WebPage","@id":"https:\/\/www.pradel-france.com\/blog\/tarte-a-la-clementine\/","url":"https:\/\/www.pradel-france.com\/blog\/tarte-a-la-clementine\/","name":"Tarte \u00e0 la cl\u00e9mentine | Recette Pradel France","isPartOf":{"@id":"https:\/\/www.pradel-france.com\/blog\/#website"},"primaryImageOfPage":{"@id":"https:\/\/www.pradel-france.com\/blog\/tarte-a-la-clementine\/#primaryimage"},"image":{"@id":"https:\/\/www.pradel-france.com\/blog\/tarte-a-la-clementine\/#primaryimage"},"thumbnailUrl":"https:\/\/www.pradel-france.com\/blog\/wp-content\/uploads\/2025\/10\/AdobeStock_496869569_Preview.png","datePublished":"2025-10-17T09:44:00+00:00","dateModified":"2026-02-02T09:51:34+00:00","description":"Tarte \u00e0 la cl\u00e9mentine maison : une recette facile et ensoleill\u00e9e, au go\u00fbt frais et fruit\u00e9, parfaite pour un dessert d\u2019hiver gourmand.","breadcrumb":{"@id":"https:\/\/www.pradel-france.com\/blog\/tarte-a-la-clementine\/#breadcrumb"},"inLanguage":"fr-FR","potentialAction":[{"@type":"ReadAction","target":["https:\/\/www.pradel-france.com\/blog\/tarte-a-la-clementine\/"]}]},{"@type":"ImageObject","inLanguage":"fr-FR","@id":"https:\/\/www.pradel-france.com\/blog\/tarte-a-la-clementine\/#primaryimage","url":"https:\/\/www.pradel-france.com\/blog\/wp-content\/uploads\/2025\/10\/AdobeStock_496869569_Preview.png","contentUrl":"https:\/\/www.pradel-france.com\/blog\/wp-content\/uploads\/2025\/10\/AdobeStock_496869569_Preview.png","width":1000,"height":1000},{"@type":"BreadcrumbList","@id":"https:\/\/www.pradel-france.com\/blog\/tarte-a-la-clementine\/#breadcrumb","itemListElement":[{"@type":"ListItem","position":1,"name":"Accueil","item":"https:\/\/www.pradel-france.com\/blog\/"},{"@type":"ListItem","position":2,"name":"Recettes Pradel France","item":"https:\/\/www.pradel-france.com\/blog\/category\/recettes\/"},{"@type":"ListItem","position":3,"name":"Tarte \u00e0 la cl\u00e9mentine"}]},{"@type":"WebSite","@id":"https:\/\/www.pradel-france.com\/blog\/#website","url":"https:\/\/www.pradel-france.com\/blog\/","name":"Pradel France Blog","description":"Les recettes et conseils Pradel France","publisher":{"@id":"https:\/\/www.pradel-france.com\/blog\/#organization"},"alternateName":"Pradel blog","potentialAction":[{"@type":"SearchAction","target":{"@type":"EntryPoint","urlTemplate":"https:\/\/www.pradel-france.com\/blog\/?s={search_term_string}"},"query-input":{"@type":"PropertyValueSpecification","valueRequired":true,"valueName":"search_term_string"}}],"inLanguage":"fr-FR"},{"@type":"Organization","@id":"https:\/\/www.pradel-france.com\/blog\/#organization","name":"Pradel France Blog","alternateName":"Pradel blog","url":"https:\/\/www.pradel-france.com\/blog\/","logo":{"@type":"ImageObject","inLanguage":"fr-FR","@id":"https:\/\/www.pradel-france.com\/blog\/#\/schema\/logo\/image\/","url":"https:\/\/www.pradel-france.com\/blog\/wp-content\/uploads\/2023\/04\/pradel-200x200-1.jpg","contentUrl":"https:\/\/www.pradel-france.com\/blog\/wp-content\/uploads\/2023\/04\/pradel-200x200-1.jpg","width":200,"height":200,"caption":"Pradel France Blog"},"image":{"@id":"https:\/\/www.pradel-france.com\/blog\/#\/schema\/logo\/image\/"},"sameAs":["https:\/\/www.facebook.com\/pradelfr\/","https:\/\/www.instagram.com\/pradel_france\/","https:\/\/www.youtube.com\/@Pradel-France-Homestyle","https:\/\/www.linkedin.com\/company\/pradel-france-homestyle\/","https:\/\/fr.pinterest.com\/pradelfrancehomestyle\/"]},{"@type":"Person","@id":"https:\/\/www.pradel-france.com\/blog\/#\/schema\/person\/9d4906139d09c23f84665eda0714d04d","name":"Marine Leclercq","image":{"@type":"ImageObject","inLanguage":"fr-FR","@id":"https:\/\/www.pradel-france.com\/blog\/#\/schema\/person\/image\/","url":"https:\/\/secure.gravatar.com\/avatar\/e9038faff8aa216af1edf85b0e1aca5abe197683108199ee783d6699f3a9d3fc?s=96&d=mm&r=g","contentUrl":"https:\/\/secure.gravatar.com\/avatar\/e9038faff8aa216af1edf85b0e1aca5abe197683108199ee783d6699f3a9d3fc?s=96&d=mm&r=g","caption":"Marine Leclercq"}}]}},"thumb":"https:\/\/www.pradel-france.com\/blog\/wp-content\/uploads\/2025\/10\/AdobeStock_496869569_Preview-350x250.png","category":"Dessert","description":"La tarte \u00e0 la cl\u00e9mentine est le parfait \u00e9quilibre entre le fondant des fruits et le croquant d\u2019une p\u00e2te sabl\u00e9e\u2026","_links":{"self":[{"href":"https:\/\/www.pradel-france.com\/blog\/wp-json\/wp\/v2\/posts\/5343","targetHints":{"allow":["GET"]}}],"collection":[{"href":"https:\/\/www.pradel-france.com\/blog\/wp-json\/wp\/v2\/posts"}],"about":[{"href":"https:\/\/www.pradel-france.com\/blog\/wp-json\/wp\/v2\/types\/post"}],"author":[{"embeddable":true,"href":"https:\/\/www.pradel-france.com\/blog\/wp-json\/wp\/v2\/users\/3"}],"replies":[{"embeddable":true,"href":"https:\/\/www.pradel-france.com\/blog\/wp-json\/wp\/v2\/comments?post=5343"}],"version-history":[{"count":13,"href":"https:\/\/www.pradel-france.com\/blog\/wp-json\/wp\/v2\/posts\/5343\/revisions"}],"predecessor-version":[{"id":5566,"href":"https:\/\/www.pradel-france.com\/blog\/wp-json\/wp\/v2\/posts\/5343\/revisions\/5566"}],"wp:featuredmedia":[{"embeddable":true,"href":"https:\/\/www.pradel-france.com\/blog\/wp-json\/wp\/v2\/media\/5340"}],"wp:attachment":[{"href":"https:\/\/www.pradel-france.com\/blog\/wp-json\/wp\/v2\/media?parent=5343"}],"wp:term":[{"taxonomy":"category","embeddable":true,"href":"https:\/\/www.pradel-france.com\/blog\/wp-json\/wp\/v2\/categories?post=5343"},{"taxonomy":"post_tag","embeddable":true,"href":"https:\/\/www.pradel-france.com\/blog\/wp-json\/wp\/v2\/tags?post=5343"}],"curies":[{"name":"wp","href":"https:\/\/api.w.org\/{rel}","templated":true}]}}