{"id":5379,"date":"2025-11-11T15:50:40","date_gmt":"2025-11-11T14:50:40","guid":{"rendered":"https:\/\/www.pradel-france.com\/blog\/?p=5379"},"modified":"2026-02-03T11:44:17","modified_gmt":"2026-02-03T10:44:17","slug":"batch-cooking-lart-de-cuisiner-malin","status":"publish","type":"post","link":"https:\/\/www.pradel-france.com\/blog\/batch-cooking-lart-de-cuisiner-malin\/","title":{"rendered":"Pourquoi faire du Batch Cooking ?"},"content":{"rendered":"\n\n    <div class=\"full-width bgcolor noprint\">\n      <section class=\"block-duo alt   boxed \">\n        <div class=\"container\">\n          <div class=\"row\">\n                        <div class=\"col-12 col-lg-8 col-content d-flex my-auto px-0 pr-lg-4\" style=\"order:-1;\">\n              <div class=\"d-flex flex-column inner-content\">\n                                                  <div class=\"content nerf-last-p\">\n                    <p data-start=\"736\" data-end=\"781\">Entre travail, famille et impr\u00e9vus du quotidien, trouver le temps de cuisiner chaque soir peut vite devenir un casse-t\u00eate. Le <strong data-start=\"347\" data-end=\"364\">batch cooking<\/strong> s\u2019impose alors comme la solution parfaite pour <strong data-start=\"412\" data-end=\"458\">gagner du temps tout en mangeant sainement<\/strong>. Cette m\u00e9thode consiste \u00e0 <strong data-start=\"485\" data-end=\"550\">pr\u00e9parer en une seule session plusieurs repas pour la semaine<\/strong>, afin de profiter de plats faits maison sans stress. Organisation, \u00e9quilibre et plaisir : d\u00e9couvrez comment le batch cooking peut transformer votre fa\u00e7on de cuisiner.<\/p>\n                  <\/div>\n                                                  <div>\n                    <a class=\"btn btn-primary\" href=\"https:\/\/www.pradel-france.com\/174-rangement-et-conservation\" title=\"D\u00e9couvrez nos produits de rangement et conservation\" target=''>D\u00e9couvrez nos produits de rangement et conservation<\/a>\n                  <\/div>\n                              <\/div>\n            <\/div>\n          <\/div>\n        <\/div>\n      <\/section>\n    <\/div>\n\n\n\n\n\n    <div class=\"full-width bgcolor noprint\">\n      <section class=\"block-duo   boxed \">\n        <div class=\"container\">\n          <div class=\"row\">\n                          <div class=\"col-12 col-lg-4 col-img px-0 pl-lg-0 pr-lg-2\">\n                <div class=\"picture-wrapper h-100 w-100\">\n                  <div class=\"pic bcover h-100 w-100\" style=\"background-image:url(https:\/\/www.pradel-france.com\/blog\/wp-content\/uploads\/2025\/11\/Gemini_Generated_Image_2h5h362h5h362h5h-1.png);min-height:450px;\"><\/div>\n                <\/div>\n              <\/div>\n                        <div class=\"col-12 col-lg-8 col-content d-flex my-auto px-0 pl-lg-4\">\n              <div class=\"d-flex flex-column inner-content\">\n                          <h2 class=\"c-title-l\">Qu\u2019est-ce que le batch cooking ?<\/h2>\n                                      <div class=\"content nerf-last-p\">\n                    <p data-start=\"765\" data-end=\"1082\">Le <strong data-start=\"686\" data-end=\"703\">batch cooking<\/strong>, ou \u201ccuisine en lots\u201d, consiste \u00e0 <strong data-start=\"738\" data-end=\"796\">cuisiner en une seule session plusieurs repas complets<\/strong> que l\u2019on conserve ensuite au r\u00e9frig\u00e9rateur ou au cong\u00e9lateur. L\u2019id\u00e9e est simple : vous regroupez les t\u00e2ches (\u00e9plucher, couper, cuire, assaisonner) et gagnez ainsi de pr\u00e9cieuses heures les soirs de semaine.<br data-start=\"1002\" data-end=\"1005\" \/>Cette m\u00e9thode convient aussi bien aux familles nombreuses qu\u2019aux personnes seules souhaitant <strong data-start=\"1098\" data-end=\"1140\">optimiser leur organisation en cuisine<\/strong>. En plus, elle permet de <strong data-start=\"1166\" data-end=\"1203\">r\u00e9duire le gaspillage alimentaire<\/strong> en planifiant les recettes \u00e0 l\u2019avance et en utilisant les m\u00eames ingr\u00e9dients pour plusieurs plats.<\/p>\n<h2 data-start=\"1302\" data-end=\"1361\"><\/h2>\n                  <\/div>\n                                              <\/div>\n            <\/div>\n          <\/div>\n        <\/div>\n      <\/section>\n    <\/div>\n\n\n\n\n\n    <div class=\"full-width bgcolor noprint\">\n      <section class=\"block-duo alt   boxed \">\n        <div class=\"container\">\n          <div class=\"row\">\n                          <div class=\"col-12 col-lg-4 col-img px-0 pl-lg-0 pr-lg-2\">\n                <div class=\"picture-wrapper h-100 w-100\">\n                  <div class=\"pic bcover h-100 w-100\" style=\"background-image:url(https:\/\/www.pradel-france.com\/blog\/wp-content\/uploads\/2025\/11\/Gemini_Generated_Image_y5mzqyy5mzqyy5mz-1.png);min-height:450px;\"><\/div>\n                <\/div>\n              <\/div>\n                        <div class=\"col-12 col-lg-8 col-content d-flex my-auto px-0 pr-lg-4\" style=\"order:-1;\">\n              <div class=\"d-flex flex-column inner-content\">\n                          <h2 class=\"c-title-l\">Les avantages du batch cooking<\/h2>\n                                      <div class=\"content nerf-last-p\">\n                    <p data-start=\"1353\" data-end=\"1486\">Adopter le batch cooking, c\u2019est <strong data-start=\"1385\" data-end=\"1452\">retrouver du plaisir \u00e0 cuisiner sans la contrainte du quotidien<\/strong>. Parmi les nombreux avantages :<\/p>\n<ul data-start=\"1487\" data-end=\"1854\">\n<li data-start=\"1487\" data-end=\"1576\">\n<p data-start=\"1489\" data-end=\"1576\"><strong data-start=\"1489\" data-end=\"1506\">Gain de temps<\/strong> : plus besoin de se demander chaque soir \u201cqu\u2019est-ce qu\u2019on mange ?\u201d.<\/p>\n<\/li>\n<li data-start=\"1577\" data-end=\"1665\">\n<p data-start=\"1579\" data-end=\"1665\"><strong data-start=\"1579\" data-end=\"1606\">Alimentation \u00e9quilibr\u00e9e<\/strong> : vous pouvez pr\u00e9parer des plats maison vari\u00e9s et sains.<\/p>\n<\/li>\n<li data-start=\"1666\" data-end=\"1744\">\n<p data-start=\"1668\" data-end=\"1744\"><strong data-start=\"1668\" data-end=\"1687\">Moins de stress<\/strong> : une meilleure organisation.<\/p>\n<\/li>\n<li data-start=\"1745\" data-end=\"1854\">\n<p data-start=\"1747\" data-end=\"1854\"><strong data-start=\"1747\" data-end=\"1760\">\u00c9conomies<\/strong> : en achetant les ingr\u00e9dients en quantit\u00e9 et en les optimisant.<\/p>\n<\/li>\n<\/ul>\n<p data-start=\"1856\" data-end=\"2135\">Le batch cooking s\u2019accorde parfaitement avec les <strong data-start=\"1905\" data-end=\"1945\">ustensiles de cuisine multifonctions<\/strong> : casseroles \u00e0 fond \u00e9pais, po\u00eales antiadh\u00e9sives, cocottes en fonte ou encore bo\u00eetes de conservation herm\u00e9tiques \u2014 indispensables pour garder vos repas frais et savoureux toute la semaine.<\/p>\n                  <\/div>\n                                              <\/div>\n            <\/div>\n          <\/div>\n        <\/div>\n      <\/section>\n    <\/div>\n\n\n\n\n\n    <div class=\"full-width bgcolor noprint\">\n      <section class=\"block-duo   boxed \">\n        <div class=\"container\">\n          <div class=\"row\">\n                          <div class=\"col-12 col-lg-4 col-img px-0 pl-lg-0 pr-lg-2\">\n                <div class=\"picture-wrapper h-100 w-100\">\n                  <div class=\"pic bcover h-100 w-100\" style=\"background-image:url(https:\/\/www.pradel-france.com\/blog\/wp-content\/uploads\/2025\/11\/gros-plan-sur-une-delicieuse-preparation-de-repas-1024x683.jpg);min-height:450px;\"><\/div>\n                <\/div>\n              <\/div>\n                        <div class=\"col-12 col-lg-8 col-content d-flex my-auto px-0 pl-lg-4\">\n              <div class=\"d-flex flex-column inner-content\">\n                          <h2 class=\"c-title-l\">Comment bien d\u00e9buter le batch cooking ?<\/h2>\n                                      <div class=\"content nerf-last-p\">\n                    <p data-start=\"2194\" data-end=\"2658\">Pour r\u00e9ussir vos sessions de batch cooking, commencez par <strong data-start=\"2252\" data-end=\"2284\">\u00e9tablir un menu hebdomadaire<\/strong>. Choisissez des recettes simples et rapides \u00e0 r\u00e9chauffer : <strong data-start=\"2344\" data-end=\"2365\">gratin de l\u00e9gumes<\/strong>, <strong data-start=\"2367\" data-end=\"2397\">poulet r\u00f4ti et ses l\u00e9gumes<\/strong>, <strong data-start=\"2399\" data-end=\"2424\">curry de pois chiches<\/strong>, ou encore <strong data-start=\"2436\" data-end=\"2455\">soupe de saison<\/strong>.<br data-start=\"2456\" data-end=\"2459\" \/>Privil\u00e9giez les <strong data-start=\"2475\" data-end=\"2500\">ingr\u00e9dients de saison<\/strong>, plus savoureux et \u00e9conomiques. Investissez dans de bons <strong data-start=\"2558\" data-end=\"2584\">r\u00e9cipients herm\u00e9tiques<\/strong> pour stocker vos pr\u00e9parations et \u00e9tiquetez-les avec la date de cuisson.<\/p>\n<p data-start=\"2660\" data-end=\"2907\">Un autre conseil : pr\u00e9parez des bases polyvalentes. Par exemple, un <strong data-start=\"2728\" data-end=\"2742\">riz nature<\/strong> cuit le dimanche peut servir de base \u00e0 un riz saut\u00e9 le mardi et \u00e0 une salade froide le jeudi. Le batch cooking devient alors un vrai jeu de cr\u00e9ativit\u00e9 culinaire !<\/p>\n<h2 data-start=\"2361\" data-end=\"2397\"><\/h2>\n<h3 data-start=\"2564\" data-end=\"2626\"><\/h3>\n                  <\/div>\n                                              <\/div>\n            <\/div>\n          <\/div>\n        <\/div>\n      <\/section>\n    <\/div>\n\n\n\n\n\n    <div class=\"full-width bgcolor noprint\">\n      <section class=\"block-duo alt   boxed \">\n        <div class=\"container\">\n          <div class=\"row\">\n                          <div class=\"col-12 col-lg-4 col-img px-0 pl-lg-0 pr-lg-2\">\n                <div class=\"picture-wrapper h-100 w-100\">\n                  <div class=\"pic bcover h-100 w-100\" style=\"background-image:url(https:\/\/www.pradel-france.com\/blog\/wp-content\/uploads\/2026\/02\/Gemini_Generated_Image_6ovbtx6ovbtx6ovb-1.png);min-height:450px;\"><\/div>\n                <\/div>\n              <\/div>\n                        <div class=\"col-12 col-lg-8 col-content d-flex my-auto px-0 pr-lg-4\" style=\"order:-1;\">\n              <div class=\"d-flex flex-column inner-content\">\n                          <h2 class=\"c-title-l\">Le batch cooking, une tendance durable<\/h2>\n                                      <div class=\"content nerf-last-p\">\n                    <p data-start=\"2546\" data-end=\"2777\">Au-del\u00e0 du gain de temps, le batch cooking s\u2019inscrit dans une <strong data-start=\"3027\" data-end=\"3054\">d\u00e9marche \u00e9coresponsable<\/strong>. Moins de gaspillage, moins d\u2019emballages, plus de fait maison : c\u2019est une fa\u00e7on de <strong data-start=\"3138\" data-end=\"3167\">cuisiner plus durablement<\/strong> tout en prenant soin de soi. En adoptant cette m\u00e9thode, vous contribuez \u00e0 une <strong data-start=\"3246\" data-end=\"3277\">consommation plus raisonn\u00e9e<\/strong> tout en r\u00e9conciliant plaisir, sant\u00e9 et organisation.<\/p>\n<h2 data-start=\"2916\" data-end=\"2981\"><\/h2>\n<h3 data-start=\"3398\" data-end=\"3464\"><\/h3>\n                  <\/div>\n                                              <\/div>\n            <\/div>\n          <\/div>\n        <\/div>\n      <\/section>\n    <\/div>\n\n\n\n\n<p><\/p>\n\n\n\n<p><\/p>\n\n\n\n<p><\/p>\n\n\n\n<p><\/p>\n","protected":false},"excerpt":{"rendered":"","protected":false},"author":3,"featured_media":5400,"comment_status":"closed","ping_status":"closed","sticky":false,"template":"","format":"standard","meta":{"footnotes":""},"categories":[4,8],"tags":[],"class_list":["post-5379","post","type-post","status-publish","format-standard","has-post-thumbnail","hentry","category-conseils","category-les-astuces","col-12","col-md-6 col-lg-4"],"acf":[],"yoast_head":"<!-- This site is optimized with the Yoast SEO plugin v26.7 - https:\/\/yoast.com\/wordpress\/plugins\/seo\/ -->\n<title>Savourer les hu\u00eetres | Le guide ultime<\/title>\n<meta name=\"description\" content=\"Tous les accessoires pour savourer les hu\u00eetres comme un pro : cale hu\u00eetres, couteau, fourchettes et assiettes pour une d\u00e9gustation parfaite.\" \/>\n<meta name=\"robots\" content=\"index, follow, max-snippet:-1, max-image-preview:large, max-video-preview:-1\" \/>\n<link rel=\"canonical\" href=\"https:\/\/www.pradel-france.com\/blog\/batch-cooking-lart-de-cuisiner-malin\/\" \/>\n<meta property=\"og:locale\" content=\"fr_FR\" \/>\n<meta property=\"og:type\" content=\"article\" \/>\n<meta property=\"og:title\" content=\"Savourer les hu\u00eetres | Le guide ultime\" \/>\n<meta property=\"og:description\" content=\"Tous les accessoires pour savourer les hu\u00eetres comme un pro : cale hu\u00eetres, couteau, fourchettes et assiettes pour une d\u00e9gustation parfaite.\" \/>\n<meta property=\"og:url\" content=\"https:\/\/www.pradel-france.com\/blog\/batch-cooking-lart-de-cuisiner-malin\/\" \/>\n<meta property=\"og:site_name\" content=\"Pradel France\" \/>\n<meta property=\"article:publisher\" content=\"https:\/\/www.facebook.com\/pradelfr\/\" \/>\n<meta property=\"article:published_time\" content=\"2025-11-11T14:50:40+00:00\" \/>\n<meta property=\"article:modified_time\" content=\"2026-02-03T10:44:17+00:00\" \/>\n<meta property=\"og:image\" content=\"https:\/\/www.pradel-france.com\/blog\/wp-content\/uploads\/2025\/11\/Gemini_Generated_Image_2h5h362h5h362h5h-1.png\" \/>\n\t<meta property=\"og:image:width\" content=\"1024\" \/>\n\t<meta property=\"og:image:height\" content=\"949\" \/>\n\t<meta property=\"og:image:type\" content=\"image\/png\" \/>\n<meta name=\"author\" content=\"Marine Leclercq\" \/>\n<meta name=\"twitter:card\" content=\"summary_large_image\" \/>\n<meta name=\"twitter:label1\" content=\"\u00c9crit par\" \/>\n\t<meta name=\"twitter:data1\" content=\"Marine Leclercq\" \/>\n\t<meta name=\"twitter:label2\" content=\"Dur\u00e9e de lecture estim\u00e9e\" \/>\n\t<meta name=\"twitter:data2\" content=\"1 minute\" \/>\n<script type=\"application\/ld+json\" class=\"yoast-schema-graph\">{\"@context\":\"https:\/\/schema.org\",\"@graph\":[{\"@type\":\"Article\",\"@id\":\"https:\/\/www.pradel-france.com\/blog\/batch-cooking-lart-de-cuisiner-malin\/#article\",\"isPartOf\":{\"@id\":\"https:\/\/www.pradel-france.com\/blog\/batch-cooking-lart-de-cuisiner-malin\/\"},\"author\":{\"name\":\"Marine Leclercq\",\"@id\":\"https:\/\/www.pradel-france.com\/blog\/#\/schema\/person\/9d4906139d09c23f84665eda0714d04d\"},\"headline\":\"Pourquoi faire du Batch Cooking ?\",\"datePublished\":\"2025-11-11T14:50:40+00:00\",\"dateModified\":\"2026-02-03T10:44:17+00:00\",\"mainEntityOfPage\":{\"@id\":\"https:\/\/www.pradel-france.com\/blog\/batch-cooking-lart-de-cuisiner-malin\/\"},\"wordCount\":5,\"publisher\":{\"@id\":\"https:\/\/www.pradel-france.com\/blog\/#organization\"},\"image\":{\"@id\":\"https:\/\/www.pradel-france.com\/blog\/batch-cooking-lart-de-cuisiner-malin\/#primaryimage\"},\"thumbnailUrl\":\"https:\/\/www.pradel-france.com\/blog\/wp-content\/uploads\/2025\/11\/Gemini_Generated_Image_2h5h362h5h362h5h-1.png\",\"articleSection\":[\"Conseils Pradel Fance\",\"Les astuces\"],\"inLanguage\":\"fr-FR\"},{\"@type\":\"WebPage\",\"@id\":\"https:\/\/www.pradel-france.com\/blog\/batch-cooking-lart-de-cuisiner-malin\/\",\"url\":\"https:\/\/www.pradel-france.com\/blog\/batch-cooking-lart-de-cuisiner-malin\/\",\"name\":\"Savourer les hu\u00eetres | Le guide ultime\",\"isPartOf\":{\"@id\":\"https:\/\/www.pradel-france.com\/blog\/#website\"},\"primaryImageOfPage\":{\"@id\":\"https:\/\/www.pradel-france.com\/blog\/batch-cooking-lart-de-cuisiner-malin\/#primaryimage\"},\"image\":{\"@id\":\"https:\/\/www.pradel-france.com\/blog\/batch-cooking-lart-de-cuisiner-malin\/#primaryimage\"},\"thumbnailUrl\":\"https:\/\/www.pradel-france.com\/blog\/wp-content\/uploads\/2025\/11\/Gemini_Generated_Image_2h5h362h5h362h5h-1.png\",\"datePublished\":\"2025-11-11T14:50:40+00:00\",\"dateModified\":\"2026-02-03T10:44:17+00:00\",\"description\":\"Tous les accessoires pour savourer les hu\u00eetres comme un pro : cale hu\u00eetres, couteau, fourchettes et assiettes pour une d\u00e9gustation parfaite.\",\"breadcrumb\":{\"@id\":\"https:\/\/www.pradel-france.com\/blog\/batch-cooking-lart-de-cuisiner-malin\/#breadcrumb\"},\"inLanguage\":\"fr-FR\",\"potentialAction\":[{\"@type\":\"ReadAction\",\"target\":[\"https:\/\/www.pradel-france.com\/blog\/batch-cooking-lart-de-cuisiner-malin\/\"]}]},{\"@type\":\"ImageObject\",\"inLanguage\":\"fr-FR\",\"@id\":\"https:\/\/www.pradel-france.com\/blog\/batch-cooking-lart-de-cuisiner-malin\/#primaryimage\",\"url\":\"https:\/\/www.pradel-france.com\/blog\/wp-content\/uploads\/2025\/11\/Gemini_Generated_Image_2h5h362h5h362h5h-1.png\",\"contentUrl\":\"https:\/\/www.pradel-france.com\/blog\/wp-content\/uploads\/2025\/11\/Gemini_Generated_Image_2h5h362h5h362h5h-1.png\",\"width\":1024,\"height\":949},{\"@type\":\"BreadcrumbList\",\"@id\":\"https:\/\/www.pradel-france.com\/blog\/batch-cooking-lart-de-cuisiner-malin\/#breadcrumb\",\"itemListElement\":[{\"@type\":\"ListItem\",\"position\":1,\"name\":\"Accueil\",\"item\":\"https:\/\/www.pradel-france.com\/blog\/\"},{\"@type\":\"ListItem\",\"position\":2,\"name\":\"Conseils Pradel Fance\",\"item\":\"https:\/\/www.pradel-france.com\/blog\/category\/conseils\/\"},{\"@type\":\"ListItem\",\"position\":3,\"name\":\"Pourquoi faire du Batch Cooking ?\"}]},{\"@type\":\"WebSite\",\"@id\":\"https:\/\/www.pradel-france.com\/blog\/#website\",\"url\":\"https:\/\/www.pradel-france.com\/blog\/\",\"name\":\"Pradel France Blog\",\"description\":\"Les recettes et conseils Pradel France\",\"publisher\":{\"@id\":\"https:\/\/www.pradel-france.com\/blog\/#organization\"},\"alternateName\":\"Pradel blog\",\"potentialAction\":[{\"@type\":\"SearchAction\",\"target\":{\"@type\":\"EntryPoint\",\"urlTemplate\":\"https:\/\/www.pradel-france.com\/blog\/?s={search_term_string}\"},\"query-input\":{\"@type\":\"PropertyValueSpecification\",\"valueRequired\":true,\"valueName\":\"search_term_string\"}}],\"inLanguage\":\"fr-FR\"},{\"@type\":\"Organization\",\"@id\":\"https:\/\/www.pradel-france.com\/blog\/#organization\",\"name\":\"Pradel France Blog\",\"alternateName\":\"Pradel blog\",\"url\":\"https:\/\/www.pradel-france.com\/blog\/\",\"logo\":{\"@type\":\"ImageObject\",\"inLanguage\":\"fr-FR\",\"@id\":\"https:\/\/www.pradel-france.com\/blog\/#\/schema\/logo\/image\/\",\"url\":\"https:\/\/www.pradel-france.com\/blog\/wp-content\/uploads\/2023\/04\/pradel-200x200-1.jpg\",\"contentUrl\":\"https:\/\/www.pradel-france.com\/blog\/wp-content\/uploads\/2023\/04\/pradel-200x200-1.jpg\",\"width\":200,\"height\":200,\"caption\":\"Pradel France Blog\"},\"image\":{\"@id\":\"https:\/\/www.pradel-france.com\/blog\/#\/schema\/logo\/image\/\"},\"sameAs\":[\"https:\/\/www.facebook.com\/pradelfr\/\",\"https:\/\/www.instagram.com\/pradel_france\/\",\"https:\/\/www.youtube.com\/@Pradel-France-Homestyle\",\"https:\/\/www.linkedin.com\/company\/pradel-france-homestyle\/\",\"https:\/\/fr.pinterest.com\/pradelfrancehomestyle\/\"]},{\"@type\":\"Person\",\"@id\":\"https:\/\/www.pradel-france.com\/blog\/#\/schema\/person\/9d4906139d09c23f84665eda0714d04d\",\"name\":\"Marine Leclercq\",\"image\":{\"@type\":\"ImageObject\",\"inLanguage\":\"fr-FR\",\"@id\":\"https:\/\/www.pradel-france.com\/blog\/#\/schema\/person\/image\/\",\"url\":\"https:\/\/secure.gravatar.com\/avatar\/e9038faff8aa216af1edf85b0e1aca5abe197683108199ee783d6699f3a9d3fc?s=96&d=mm&r=g\",\"contentUrl\":\"https:\/\/secure.gravatar.com\/avatar\/e9038faff8aa216af1edf85b0e1aca5abe197683108199ee783d6699f3a9d3fc?s=96&d=mm&r=g\",\"caption\":\"Marine Leclercq\"}}]}<\/script>\n<!-- \/ Yoast SEO plugin. -->","yoast_head_json":{"title":"Savourer les hu\u00eetres | Le guide ultime","description":"Tous les accessoires pour savourer les hu\u00eetres comme un pro : cale hu\u00eetres, couteau, fourchettes et assiettes pour une d\u00e9gustation parfaite.","robots":{"index":"index","follow":"follow","max-snippet":"max-snippet:-1","max-image-preview":"max-image-preview:large","max-video-preview":"max-video-preview:-1"},"canonical":"https:\/\/www.pradel-france.com\/blog\/batch-cooking-lart-de-cuisiner-malin\/","og_locale":"fr_FR","og_type":"article","og_title":"Savourer les hu\u00eetres | Le guide ultime","og_description":"Tous les accessoires pour savourer les hu\u00eetres comme un pro : cale hu\u00eetres, couteau, fourchettes et assiettes pour une d\u00e9gustation parfaite.","og_url":"https:\/\/www.pradel-france.com\/blog\/batch-cooking-lart-de-cuisiner-malin\/","og_site_name":"Pradel France","article_publisher":"https:\/\/www.facebook.com\/pradelfr\/","article_published_time":"2025-11-11T14:50:40+00:00","article_modified_time":"2026-02-03T10:44:17+00:00","og_image":[{"width":1024,"height":949,"url":"https:\/\/www.pradel-france.com\/blog\/wp-content\/uploads\/2025\/11\/Gemini_Generated_Image_2h5h362h5h362h5h-1.png","type":"image\/png"}],"author":"Marine Leclercq","twitter_card":"summary_large_image","twitter_misc":{"\u00c9crit par":"Marine Leclercq","Dur\u00e9e de lecture estim\u00e9e":"1 minute"},"schema":{"@context":"https:\/\/schema.org","@graph":[{"@type":"Article","@id":"https:\/\/www.pradel-france.com\/blog\/batch-cooking-lart-de-cuisiner-malin\/#article","isPartOf":{"@id":"https:\/\/www.pradel-france.com\/blog\/batch-cooking-lart-de-cuisiner-malin\/"},"author":{"name":"Marine Leclercq","@id":"https:\/\/www.pradel-france.com\/blog\/#\/schema\/person\/9d4906139d09c23f84665eda0714d04d"},"headline":"Pourquoi faire du Batch Cooking ?","datePublished":"2025-11-11T14:50:40+00:00","dateModified":"2026-02-03T10:44:17+00:00","mainEntityOfPage":{"@id":"https:\/\/www.pradel-france.com\/blog\/batch-cooking-lart-de-cuisiner-malin\/"},"wordCount":5,"publisher":{"@id":"https:\/\/www.pradel-france.com\/blog\/#organization"},"image":{"@id":"https:\/\/www.pradel-france.com\/blog\/batch-cooking-lart-de-cuisiner-malin\/#primaryimage"},"thumbnailUrl":"https:\/\/www.pradel-france.com\/blog\/wp-content\/uploads\/2025\/11\/Gemini_Generated_Image_2h5h362h5h362h5h-1.png","articleSection":["Conseils Pradel Fance","Les astuces"],"inLanguage":"fr-FR"},{"@type":"WebPage","@id":"https:\/\/www.pradel-france.com\/blog\/batch-cooking-lart-de-cuisiner-malin\/","url":"https:\/\/www.pradel-france.com\/blog\/batch-cooking-lart-de-cuisiner-malin\/","name":"Savourer les hu\u00eetres | Le guide ultime","isPartOf":{"@id":"https:\/\/www.pradel-france.com\/blog\/#website"},"primaryImageOfPage":{"@id":"https:\/\/www.pradel-france.com\/blog\/batch-cooking-lart-de-cuisiner-malin\/#primaryimage"},"image":{"@id":"https:\/\/www.pradel-france.com\/blog\/batch-cooking-lart-de-cuisiner-malin\/#primaryimage"},"thumbnailUrl":"https:\/\/www.pradel-france.com\/blog\/wp-content\/uploads\/2025\/11\/Gemini_Generated_Image_2h5h362h5h362h5h-1.png","datePublished":"2025-11-11T14:50:40+00:00","dateModified":"2026-02-03T10:44:17+00:00","description":"Tous les accessoires pour savourer les hu\u00eetres comme un pro : cale hu\u00eetres, couteau, fourchettes et assiettes pour une d\u00e9gustation parfaite.","breadcrumb":{"@id":"https:\/\/www.pradel-france.com\/blog\/batch-cooking-lart-de-cuisiner-malin\/#breadcrumb"},"inLanguage":"fr-FR","potentialAction":[{"@type":"ReadAction","target":["https:\/\/www.pradel-france.com\/blog\/batch-cooking-lart-de-cuisiner-malin\/"]}]},{"@type":"ImageObject","inLanguage":"fr-FR","@id":"https:\/\/www.pradel-france.com\/blog\/batch-cooking-lart-de-cuisiner-malin\/#primaryimage","url":"https:\/\/www.pradel-france.com\/blog\/wp-content\/uploads\/2025\/11\/Gemini_Generated_Image_2h5h362h5h362h5h-1.png","contentUrl":"https:\/\/www.pradel-france.com\/blog\/wp-content\/uploads\/2025\/11\/Gemini_Generated_Image_2h5h362h5h362h5h-1.png","width":1024,"height":949},{"@type":"BreadcrumbList","@id":"https:\/\/www.pradel-france.com\/blog\/batch-cooking-lart-de-cuisiner-malin\/#breadcrumb","itemListElement":[{"@type":"ListItem","position":1,"name":"Accueil","item":"https:\/\/www.pradel-france.com\/blog\/"},{"@type":"ListItem","position":2,"name":"Conseils Pradel Fance","item":"https:\/\/www.pradel-france.com\/blog\/category\/conseils\/"},{"@type":"ListItem","position":3,"name":"Pourquoi faire du Batch Cooking ?"}]},{"@type":"WebSite","@id":"https:\/\/www.pradel-france.com\/blog\/#website","url":"https:\/\/www.pradel-france.com\/blog\/","name":"Pradel France Blog","description":"Les recettes et conseils Pradel France","publisher":{"@id":"https:\/\/www.pradel-france.com\/blog\/#organization"},"alternateName":"Pradel blog","potentialAction":[{"@type":"SearchAction","target":{"@type":"EntryPoint","urlTemplate":"https:\/\/www.pradel-france.com\/blog\/?s={search_term_string}"},"query-input":{"@type":"PropertyValueSpecification","valueRequired":true,"valueName":"search_term_string"}}],"inLanguage":"fr-FR"},{"@type":"Organization","@id":"https:\/\/www.pradel-france.com\/blog\/#organization","name":"Pradel France Blog","alternateName":"Pradel blog","url":"https:\/\/www.pradel-france.com\/blog\/","logo":{"@type":"ImageObject","inLanguage":"fr-FR","@id":"https:\/\/www.pradel-france.com\/blog\/#\/schema\/logo\/image\/","url":"https:\/\/www.pradel-france.com\/blog\/wp-content\/uploads\/2023\/04\/pradel-200x200-1.jpg","contentUrl":"https:\/\/www.pradel-france.com\/blog\/wp-content\/uploads\/2023\/04\/pradel-200x200-1.jpg","width":200,"height":200,"caption":"Pradel France Blog"},"image":{"@id":"https:\/\/www.pradel-france.com\/blog\/#\/schema\/logo\/image\/"},"sameAs":["https:\/\/www.facebook.com\/pradelfr\/","https:\/\/www.instagram.com\/pradel_france\/","https:\/\/www.youtube.com\/@Pradel-France-Homestyle","https:\/\/www.linkedin.com\/company\/pradel-france-homestyle\/","https:\/\/fr.pinterest.com\/pradelfrancehomestyle\/"]},{"@type":"Person","@id":"https:\/\/www.pradel-france.com\/blog\/#\/schema\/person\/9d4906139d09c23f84665eda0714d04d","name":"Marine Leclercq","image":{"@type":"ImageObject","inLanguage":"fr-FR","@id":"https:\/\/www.pradel-france.com\/blog\/#\/schema\/person\/image\/","url":"https:\/\/secure.gravatar.com\/avatar\/e9038faff8aa216af1edf85b0e1aca5abe197683108199ee783d6699f3a9d3fc?s=96&d=mm&r=g","contentUrl":"https:\/\/secure.gravatar.com\/avatar\/e9038faff8aa216af1edf85b0e1aca5abe197683108199ee783d6699f3a9d3fc?s=96&d=mm&r=g","caption":"Marine Leclercq"}}]}},"thumb":"https:\/\/www.pradel-france.com\/blog\/wp-content\/uploads\/2025\/11\/Gemini_Generated_Image_2h5h362h5h362h5h-1-350x250.png","category":"Conseils Pradel Fance","description":"Entre travail, famille et impr\u00e9vus du quotidien, trouver le temps de cuisiner chaque soir peut vite devenir un casse-t\u00eate. Le\u2026","_links":{"self":[{"href":"https:\/\/www.pradel-france.com\/blog\/wp-json\/wp\/v2\/posts\/5379","targetHints":{"allow":["GET"]}}],"collection":[{"href":"https:\/\/www.pradel-france.com\/blog\/wp-json\/wp\/v2\/posts"}],"about":[{"href":"https:\/\/www.pradel-france.com\/blog\/wp-json\/wp\/v2\/types\/post"}],"author":[{"embeddable":true,"href":"https:\/\/www.pradel-france.com\/blog\/wp-json\/wp\/v2\/users\/3"}],"replies":[{"embeddable":true,"href":"https:\/\/www.pradel-france.com\/blog\/wp-json\/wp\/v2\/comments?post=5379"}],"version-history":[{"count":22,"href":"https:\/\/www.pradel-france.com\/blog\/wp-json\/wp\/v2\/posts\/5379\/revisions"}],"predecessor-version":[{"id":5606,"href":"https:\/\/www.pradel-france.com\/blog\/wp-json\/wp\/v2\/posts\/5379\/revisions\/5606"}],"wp:featuredmedia":[{"embeddable":true,"href":"https:\/\/www.pradel-france.com\/blog\/wp-json\/wp\/v2\/media\/5400"}],"wp:attachment":[{"href":"https:\/\/www.pradel-france.com\/blog\/wp-json\/wp\/v2\/media?parent=5379"}],"wp:term":[{"taxonomy":"category","embeddable":true,"href":"https:\/\/www.pradel-france.com\/blog\/wp-json\/wp\/v2\/categories?post=5379"},{"taxonomy":"post_tag","embeddable":true,"href":"https:\/\/www.pradel-france.com\/blog\/wp-json\/wp\/v2\/tags?post=5379"}],"curies":[{"name":"wp","href":"https:\/\/api.w.org\/{rel}","templated":true}]}}