{"id":5930,"date":"2026-03-16T11:56:17","date_gmt":"2026-03-16T10:56:17","guid":{"rendered":"https:\/\/www.pradel-france.com\/blog\/?p=5930"},"modified":"2026-03-20T16:08:12","modified_gmt":"2026-03-20T15:08:12","slug":"comment-bien-aiguiser-ses-couteaux","status":"publish","type":"post","link":"https:\/\/www.pradel-france.com\/blog\/comment-bien-aiguiser-ses-couteaux\/","title":{"rendered":"Comment bien aiguiser ses couteaux ?"},"content":{"rendered":"\n<p><\/p>\n\n\n\n<h2 class=\"wp-block-heading\"><\/h2>\n\n\n\n<h2 class=\"wp-block-heading\"><\/h2>\n\n\n\n\n    <div class=\"full-width bgcolor noprint\">\n      <section class=\"block-duo alt   boxed \">\n        <div class=\"container\">\n          <div class=\"row\">\n                          <div class=\"col-12 col-lg-4 col-img px-0 pl-lg-0 pr-lg-2\">\n                <div class=\"picture-wrapper h-100 w-100\">\n                  <div class=\"pic bcover h-100 w-100\" style=\"background-image:url(https:\/\/www.pradel-france.com\/blog\/wp-content\/uploads\/2026\/03\/Firefly_GeminiFlash_Ultra-realistic-professional-product-photography-using-reference-images.-The-knife-fr-562442-1024x682.png);min-height:450px;\"><\/div>\n                <\/div>\n              <\/div>\n                        <div class=\"col-12 col-lg-8 col-content d-flex my-auto px-0 pr-lg-4\" style=\"order:-1;\">\n              <div class=\"d-flex flex-column inner-content\">\n                                                  <div class=\"content nerf-last-p\">\n                    <p data-start=\"184\" data-end=\"649\">Un <strong data-start=\"187\" data-end=\"211\">couteau bien aiguis\u00e9<\/strong> est indispensable en cuisine : il garantit pr\u00e9cision, s\u00e9curit\u00e9 et confort d\u2019utilisation. Pourtant, beaucoup de personnes n\u00e9gligent <strong data-start=\"343\" data-end=\"371\">l\u2019entretien des couteaux<\/strong>. R\u00e9sultat ? Des <strong data-start=\"388\" data-end=\"409\">couteaux \u00e9mouss\u00e9s<\/strong> qui rendent la d\u00e9coupe difficile et dangereuse. Dans cet article, d\u00e9couvrez <strong data-start=\"486\" data-end=\"532\">comment aiguiser ses couteaux efficacement<\/strong>, avec les bonnes techniques et les bons outils, pour prolonger leur dur\u00e9e de vie et cuisiner comme un professionnel.<\/p>\n<h2 data-section-id=\"l9hkp9\" data-start=\"544\" data-end=\"612\"><\/h2>\n<h2 data-section-id=\"xpr2hn\" data-start=\"830\" data-end=\"884\"><\/h2>\n                  <\/div>\n                                                  <div>\n                    <a class=\"btn btn-primary\" href=\"https:\/\/www.pradel-france.com\/147-couteaux-de-cuisine\" title=\"D\u00e9couvrez nos couteaux de cuisine\" target=''>D\u00e9couvrez nos couteaux de cuisine<\/a>\n                  <\/div>\n                              <\/div>\n            <\/div>\n          <\/div>\n        <\/div>\n      <\/section>\n    <\/div>\n\n\n\n\n\n    <div class=\"full-width bgcolor noprint\">\n      <section class=\"block-duo   boxed \">\n        <div class=\"container\">\n          <div class=\"row\">\n                          <div class=\"col-12 col-lg-4 col-img px-0 pl-lg-0 pr-lg-2\">\n                <div class=\"picture-wrapper h-100 w-100\">\n                  <div class=\"pic bcover h-100 w-100\" style=\"background-image:url(https:\/\/www.pradel-france.com\/blog\/wp-content\/uploads\/2026\/03\/331905_ambi-1024x683.jpg);min-height:450px;\"><\/div>\n                <\/div>\n              <\/div>\n                        <div class=\"col-12 col-lg-8 col-content d-flex my-auto px-0 pl-lg-4\">\n              <div class=\"d-flex flex-column inner-content\">\n                          <h2 class=\"c-title-l\">Pourquoi aiguiser ses couteaux est essentiel<\/h2>\n                                      <div class=\"content nerf-last-p\">\n                    <p data-start=\"709\" data-end=\"937\"><strong data-start=\"709\" data-end=\"734\">Aiguiser ses couteaux<\/strong> ne sert pas uniquement \u00e0 am\u00e9liorer la coupe. Un <strong data-start=\"783\" data-end=\"804\">couteau tranchant<\/strong> demande moins d\u2019effort et limite les risques de blessure. \u00c0 l\u2019inverse, une <strong data-start=\"880\" data-end=\"897\">lame \u00e9mouss\u00e9e<\/strong> glisse et peut provoquer des accidents.<\/p>\n<p data-start=\"939\" data-end=\"1162\">Entretenir ses couteaux permet aussi de pr\u00e9server leur qualit\u00e9 dans le temps. Que vous utilisiez des <strong data-start=\"1040\" data-end=\"1072\">couteaux en acier inoxydable<\/strong> ou en acier carbone, un bon <strong data-start=\"1101\" data-end=\"1127\">aiguisage des couteaux<\/strong> garantit une performance optimale.<\/p>\n<h2 data-start=\"1302\" data-end=\"1361\"><\/h2>\n                  <\/div>\n                                              <\/div>\n            <\/div>\n          <\/div>\n        <\/div>\n      <\/section>\n    <\/div>\n\n\n\n\n\n    <div class=\"full-width bgcolor noprint\">\n      <section class=\"block-duo alt   boxed \">\n        <div class=\"container\">\n          <div class=\"row\">\n                          <div class=\"col-12 col-lg-4 col-img px-0 pl-lg-0 pr-lg-2\">\n                <div class=\"picture-wrapper h-100 w-100\">\n                  <div class=\"pic bcover h-100 w-100\" style=\"background-image:url(https:\/\/www.pradel-france.com\/blog\/wp-content\/uploads\/2026\/03\/331178_01-copie-2-1024x683.jpg);min-height:450px;\"><\/div>\n                <\/div>\n              <\/div>\n                        <div class=\"col-12 col-lg-8 col-content d-flex my-auto px-0 pr-lg-4\" style=\"order:-1;\">\n              <div class=\"d-flex flex-column inner-content\">\n                          <h2 class=\"c-title-l\">Les diff\u00e9rentes m\u00e9thodes pour aiguiser ses couteaux<\/h2>\n                                      <div class=\"content nerf-last-p\">\n                    <p data-start=\"1358\" data-end=\"1479\">Il existe plusieurs techniques pour <strong data-start=\"1394\" data-end=\"1428\">aiguiser un couteau de cuisine<\/strong>, chacune adapt\u00e9e \u00e0 votre niveau et \u00e0 vos besoins :<\/p>\n<ul data-start=\"1481\" data-end=\"1796\">\n<li data-section-id=\"enrvsu\" data-start=\"1481\" data-end=\"1591\">\n<p data-start=\"1483\" data-end=\"1591\"><strong data-start=\"1483\" data-end=\"1507\">La pierre \u00e0 aiguiser<\/strong> : m\u00e9thode traditionnelle et la plus efficace pour un <strong data-start=\"1561\" data-end=\"1588\">aiguisage professionnel<\/strong>.<\/p>\n<\/li>\n<li data-section-id=\"ws63nq\" data-start=\"1592\" data-end=\"1686\">\n<p data-start=\"1594\" data-end=\"1686\"><strong data-start=\"1594\" data-end=\"1617\">Le fusil \u00e0 aiguiser<\/strong> : id\u00e9al pour entretenir le <strong data-start=\"1645\" data-end=\"1669\">tranchant du couteau<\/strong> r\u00e9guli\u00e8rement.<\/p>\n<\/li>\n<li data-section-id=\"1qj49mr\" data-start=\"1687\" data-end=\"1796\">\n<p data-start=\"1689\" data-end=\"1796\"><strong data-start=\"1689\" data-end=\"1725\">L\u2019aiguiseur manuel ou \u00e9lectrique<\/strong> : simple et rapide, parfait pour un <strong data-start=\"1762\" data-end=\"1782\">aiguisage facile<\/strong> au quotidien.<\/p>\n<\/li>\n<\/ul>\n<p data-start=\"1798\" data-end=\"1965\">\n                  <\/div>\n                                              <\/div>\n            <\/div>\n          <\/div>\n        <\/div>\n      <\/section>\n    <\/div>\n\n\n\n\n\n    <div class=\"full-width bgcolor noprint\">\n      <section class=\"block-duo   boxed \">\n        <div class=\"container\">\n          <div class=\"row\">\n                        <div class=\"col-12 col-lg-8 col-content d-flex my-auto px-0 pl-lg-4\">\n              <div class=\"d-flex flex-column inner-content\">\n                          <h2 class=\"c-title-l\">Les \u00e9tapes pour bien aiguiser un couteau<\/h2>\n                                      <div class=\"content nerf-last-p\">\n                    <p data-start=\"2153\" data-end=\"2248\">Pour r\u00e9ussir <strong data-start=\"2166\" data-end=\"2197\">l\u2019aiguisage de vos couteaux<\/strong>, il est important de suivre quelques \u00e9tapes cl\u00e9s :<\/p>\n<ol data-start=\"2250\" data-end=\"2501\">\n<li data-section-id=\"lx16og\" data-start=\"2250\" data-end=\"2306\">\n<p data-start=\"2253\" data-end=\"2306\"><strong data-start=\"2253\" data-end=\"2288\">Humidifier la pierre \u00e0 aiguiser<\/strong> (si n\u00e9cessaire)<\/p>\n<\/li>\n<li data-section-id=\"f6so2d\" data-start=\"2307\" data-end=\"2356\">\n<p data-start=\"2310\" data-end=\"2356\">Respecter l\u2019<strong data-start=\"2322\" data-end=\"2354\">angle d\u2019aiguisage (15 \u00e0 20\u00b0)<\/strong><\/p>\n<\/li>\n<li data-section-id=\"1ljl5px\" data-start=\"2357\" data-end=\"2415\">\n<p data-start=\"2360\" data-end=\"2415\">Effectuer des <strong data-start=\"2374\" data-end=\"2398\">mouvements r\u00e9guliers<\/strong> de va-et-vient<\/p>\n<\/li>\n<li data-section-id=\"1hzkumn\" data-start=\"2416\" data-end=\"2465\">\n<p data-start=\"2419\" data-end=\"2465\">Alterner les c\u00f4t\u00e9s de la <strong data-start=\"2444\" data-end=\"2463\">lame du couteau<\/strong><\/p>\n<\/li>\n<li data-section-id=\"1dldlys\" data-start=\"2466\" data-end=\"2501\">\n<p data-start=\"2469\" data-end=\"2501\">Terminer par un <strong data-start=\"2485\" data-end=\"2501\">aff\u00fbtage fin<\/strong><\/p>\n<\/li>\n<\/ol>\n<p data-start=\"2503\" data-end=\"2701\">Prenez votre temps : un bon <strong data-start=\"2531\" data-end=\"2555\">aiguisage de couteau<\/strong> demande patience et pr\u00e9cision. Le r\u00e9sultat ? Une <strong data-start=\"2605\" data-end=\"2637\">lame parfaitement tranchante<\/strong>, id\u00e9ale pour d\u00e9couper viandes, l\u00e9gumes et poissons sans effort.<\/p>\n                  <\/div>\n                                              <\/div>\n            <\/div>\n          <\/div>\n        <\/div>\n      <\/section>\n    <\/div>\n\n\n\n\n\n    <div class=\"full-width bgcolor noprint\">\n      <section class=\"block-duo alt   boxed \">\n        <div class=\"container\">\n          <div class=\"row\">\n                          <div class=\"col-12 col-lg-4 col-img px-0 pl-lg-0 pr-lg-2\">\n                <div class=\"picture-wrapper h-100 w-100\">\n                  <div class=\"pic bcover h-100 w-100\" style=\"background-image:url(https:\/\/www.pradel-france.com\/blog\/wp-content\/uploads\/2026\/03\/range-couteaux-pour-tiroir.jpg);min-height:450px;\"><\/div>\n                <\/div>\n              <\/div>\n                        <div class=\"col-12 col-lg-8 col-content d-flex my-auto px-0 pr-lg-4\" style=\"order:-1;\">\n              <div class=\"d-flex flex-column inner-content\">\n                          <h2 class=\"c-title-l\">\u00c0 quelle fr\u00e9quence aiguiser ses couteaux ?<\/h2>\n                                      <div class=\"content nerf-last-p\">\n                    <p data-start=\"2878\" data-end=\"3102\">La fr\u00e9quence d\u00e9pend de votre utilisation. Pour un usage quotidien, il est conseill\u00e9 d\u2019<strong data-start=\"2964\" data-end=\"3015\">aiguiser ses couteaux toutes les 2 \u00e0 4 semaines<\/strong> et d\u2019utiliser un <strong data-start=\"3033\" data-end=\"3053\">fusil \u00e0 aiguiser<\/strong> r\u00e9guli\u00e8rement pour entretenir le fil de la lame.<\/p>\n<p data-start=\"3104\" data-end=\"3197\">Pensez \u00e9galement \u00e0 adopter de bonnes habitudes pour pr\u00e9server vos <strong data-start=\"3170\" data-end=\"3193\">couteaux de cuisine<\/strong> :<\/p>\n<ul data-start=\"3198\" data-end=\"3331\">\n<li data-section-id=\"f1r15v\" data-start=\"3198\" data-end=\"3265\">\n<p data-start=\"3200\" data-end=\"3265\">utiliser une <strong data-start=\"3213\" data-end=\"3243\">planche \u00e0 d\u00e9couper adapt\u00e9e<\/strong> (bois ou plastique)<\/p>\n<\/li>\n<li data-section-id=\"1jb9s8p\" data-start=\"3266\" data-end=\"3294\">\n<p data-start=\"3268\" data-end=\"3294\">\u00e9viter le lave-vaisselle<\/p>\n<\/li>\n<li data-section-id=\"e6p382\" data-start=\"3295\" data-end=\"3331\">\n<p data-start=\"3297\" data-end=\"3331\">ranger les couteaux correctement<\/p>\n<\/li>\n<\/ul>\n<p data-start=\"3333\" data-end=\"3416\">Ces gestes simples permettent de conserver un <strong data-start=\"3379\" data-end=\"3400\">tranchant optimal<\/strong> plus longtemps.<\/p>\n<p>&nbsp;<\/p>\n                  <\/div>\n                                              <\/div>\n            <\/div>\n          <\/div>\n        <\/div>\n      <\/section>\n    <\/div>\n\n\n\n\n<p><\/p>\n\n\n\n<p><\/p>\n\n\n\n<p><\/p>\n","protected":false},"excerpt":{"rendered":"","protected":false},"author":3,"featured_media":6070,"comment_status":"closed","ping_status":"closed","sticky":false,"template":"","format":"standard","meta":{"footnotes":""},"categories":[4,7],"tags":[],"class_list":["post-5930","post","type-post","status-publish","format-standard","has-post-thumbnail","hentry","category-conseils","category-la-decoupe","col-12","col-md-6 col-lg-4"],"acf":[],"yoast_head":"<!-- This site is optimized with the Yoast SEO plugin v26.7 - https:\/\/yoast.com\/wordpress\/plugins\/seo\/ -->\n<title>Comment bien aiguiser ses couteaux ?<\/title>\n<meta name=\"description\" content=\"Aiguiser ses couteaux facilement : d\u00e9couvrez nos conseils, techniques et outils pour un tranchant parfait et durable en cuisine.\" \/>\n<meta name=\"robots\" content=\"index, follow, max-snippet:-1, max-image-preview:large, max-video-preview:-1\" \/>\n<link rel=\"canonical\" href=\"https:\/\/www.pradel-france.com\/blog\/comment-bien-aiguiser-ses-couteaux\/\" \/>\n<meta property=\"og:locale\" content=\"fr_FR\" \/>\n<meta property=\"og:type\" content=\"article\" \/>\n<meta property=\"og:title\" content=\"Comment bien aiguiser ses couteaux ?\" \/>\n<meta property=\"og:description\" content=\"Aiguiser ses couteaux facilement : d\u00e9couvrez nos conseils, techniques et outils pour un tranchant parfait et durable en cuisine.\" \/>\n<meta property=\"og:url\" content=\"https:\/\/www.pradel-france.com\/blog\/comment-bien-aiguiser-ses-couteaux\/\" \/>\n<meta property=\"og:site_name\" content=\"Pradel France\" \/>\n<meta property=\"article:publisher\" content=\"https:\/\/www.facebook.com\/pradelfr\/\" \/>\n<meta property=\"article:published_time\" content=\"2026-03-16T10:56:17+00:00\" \/>\n<meta property=\"article:modified_time\" content=\"2026-03-20T15:08:12+00:00\" \/>\n<meta property=\"og:image\" content=\"https:\/\/www.pradel-france.com\/blog\/wp-content\/uploads\/2026\/03\/Firefly_GeminiFlash_Ultra-realistic-professional-product-photography-using-reference-images.-The-knife-fr-562442.png\" \/>\n\t<meta property=\"og:image:width\" content=\"1264\" \/>\n\t<meta property=\"og:image:height\" content=\"842\" \/>\n\t<meta property=\"og:image:type\" content=\"image\/png\" \/>\n<meta name=\"author\" content=\"Marine Leclercq\" \/>\n<meta name=\"twitter:card\" content=\"summary_large_image\" \/>\n<meta name=\"twitter:label1\" content=\"\u00c9crit par\" \/>\n\t<meta name=\"twitter:data1\" content=\"Marine Leclercq\" \/>\n\t<meta name=\"twitter:label2\" content=\"Dur\u00e9e de lecture estim\u00e9e\" \/>\n\t<meta name=\"twitter:data2\" content=\"1 minute\" \/>\n<script type=\"application\/ld+json\" class=\"yoast-schema-graph\">{\"@context\":\"https:\/\/schema.org\",\"@graph\":[{\"@type\":\"Article\",\"@id\":\"https:\/\/www.pradel-france.com\/blog\/comment-bien-aiguiser-ses-couteaux\/#article\",\"isPartOf\":{\"@id\":\"https:\/\/www.pradel-france.com\/blog\/comment-bien-aiguiser-ses-couteaux\/\"},\"author\":{\"name\":\"Marine Leclercq\",\"@id\":\"https:\/\/www.pradel-france.com\/blog\/#\/schema\/person\/9d4906139d09c23f84665eda0714d04d\"},\"headline\":\"Comment bien aiguiser ses couteaux ?\",\"datePublished\":\"2026-03-16T10:56:17+00:00\",\"dateModified\":\"2026-03-20T15:08:12+00:00\",\"mainEntityOfPage\":{\"@id\":\"https:\/\/www.pradel-france.com\/blog\/comment-bien-aiguiser-ses-couteaux\/\"},\"wordCount\":5,\"publisher\":{\"@id\":\"https:\/\/www.pradel-france.com\/blog\/#organization\"},\"image\":{\"@id\":\"https:\/\/www.pradel-france.com\/blog\/comment-bien-aiguiser-ses-couteaux\/#primaryimage\"},\"thumbnailUrl\":\"https:\/\/www.pradel-france.com\/blog\/wp-content\/uploads\/2026\/03\/Firefly_GeminiFlash_Ultra-realistic-professional-product-photography-using-reference-images.-The-knife-fr-562442.png\",\"articleSection\":[\"Conseils Pradel Fance\",\"La d\u00e9coupe\"],\"inLanguage\":\"fr-FR\"},{\"@type\":\"WebPage\",\"@id\":\"https:\/\/www.pradel-france.com\/blog\/comment-bien-aiguiser-ses-couteaux\/\",\"url\":\"https:\/\/www.pradel-france.com\/blog\/comment-bien-aiguiser-ses-couteaux\/\",\"name\":\"Comment bien aiguiser ses couteaux ?\",\"isPartOf\":{\"@id\":\"https:\/\/www.pradel-france.com\/blog\/#website\"},\"primaryImageOfPage\":{\"@id\":\"https:\/\/www.pradel-france.com\/blog\/comment-bien-aiguiser-ses-couteaux\/#primaryimage\"},\"image\":{\"@id\":\"https:\/\/www.pradel-france.com\/blog\/comment-bien-aiguiser-ses-couteaux\/#primaryimage\"},\"thumbnailUrl\":\"https:\/\/www.pradel-france.com\/blog\/wp-content\/uploads\/2026\/03\/Firefly_GeminiFlash_Ultra-realistic-professional-product-photography-using-reference-images.-The-knife-fr-562442.png\",\"datePublished\":\"2026-03-16T10:56:17+00:00\",\"dateModified\":\"2026-03-20T15:08:12+00:00\",\"description\":\"Aiguiser ses couteaux facilement : d\u00e9couvrez nos conseils, techniques et outils pour un tranchant parfait et durable en cuisine.\",\"breadcrumb\":{\"@id\":\"https:\/\/www.pradel-france.com\/blog\/comment-bien-aiguiser-ses-couteaux\/#breadcrumb\"},\"inLanguage\":\"fr-FR\",\"potentialAction\":[{\"@type\":\"ReadAction\",\"target\":[\"https:\/\/www.pradel-france.com\/blog\/comment-bien-aiguiser-ses-couteaux\/\"]}]},{\"@type\":\"ImageObject\",\"inLanguage\":\"fr-FR\",\"@id\":\"https:\/\/www.pradel-france.com\/blog\/comment-bien-aiguiser-ses-couteaux\/#primaryimage\",\"url\":\"https:\/\/www.pradel-france.com\/blog\/wp-content\/uploads\/2026\/03\/Firefly_GeminiFlash_Ultra-realistic-professional-product-photography-using-reference-images.-The-knife-fr-562442.png\",\"contentUrl\":\"https:\/\/www.pradel-france.com\/blog\/wp-content\/uploads\/2026\/03\/Firefly_GeminiFlash_Ultra-realistic-professional-product-photography-using-reference-images.-The-knife-fr-562442.png\",\"width\":1264,\"height\":842},{\"@type\":\"BreadcrumbList\",\"@id\":\"https:\/\/www.pradel-france.com\/blog\/comment-bien-aiguiser-ses-couteaux\/#breadcrumb\",\"itemListElement\":[{\"@type\":\"ListItem\",\"position\":1,\"name\":\"Accueil\",\"item\":\"https:\/\/www.pradel-france.com\/blog\/\"},{\"@type\":\"ListItem\",\"position\":2,\"name\":\"Conseils Pradel Fance\",\"item\":\"https:\/\/www.pradel-france.com\/blog\/category\/conseils\/\"},{\"@type\":\"ListItem\",\"position\":3,\"name\":\"Comment bien aiguiser ses couteaux ?\"}]},{\"@type\":\"WebSite\",\"@id\":\"https:\/\/www.pradel-france.com\/blog\/#website\",\"url\":\"https:\/\/www.pradel-france.com\/blog\/\",\"name\":\"Pradel France Blog\",\"description\":\"Les recettes et conseils Pradel France\",\"publisher\":{\"@id\":\"https:\/\/www.pradel-france.com\/blog\/#organization\"},\"alternateName\":\"Pradel blog\",\"potentialAction\":[{\"@type\":\"SearchAction\",\"target\":{\"@type\":\"EntryPoint\",\"urlTemplate\":\"https:\/\/www.pradel-france.com\/blog\/?s={search_term_string}\"},\"query-input\":{\"@type\":\"PropertyValueSpecification\",\"valueRequired\":true,\"valueName\":\"search_term_string\"}}],\"inLanguage\":\"fr-FR\"},{\"@type\":\"Organization\",\"@id\":\"https:\/\/www.pradel-france.com\/blog\/#organization\",\"name\":\"Pradel France Blog\",\"alternateName\":\"Pradel blog\",\"url\":\"https:\/\/www.pradel-france.com\/blog\/\",\"logo\":{\"@type\":\"ImageObject\",\"inLanguage\":\"fr-FR\",\"@id\":\"https:\/\/www.pradel-france.com\/blog\/#\/schema\/logo\/image\/\",\"url\":\"https:\/\/www.pradel-france.com\/blog\/wp-content\/uploads\/2023\/04\/pradel-200x200-1.jpg\",\"contentUrl\":\"https:\/\/www.pradel-france.com\/blog\/wp-content\/uploads\/2023\/04\/pradel-200x200-1.jpg\",\"width\":200,\"height\":200,\"caption\":\"Pradel France Blog\"},\"image\":{\"@id\":\"https:\/\/www.pradel-france.com\/blog\/#\/schema\/logo\/image\/\"},\"sameAs\":[\"https:\/\/www.facebook.com\/pradelfr\/\",\"https:\/\/www.instagram.com\/pradel_france\/\",\"https:\/\/www.youtube.com\/@Pradel-France-Homestyle\",\"https:\/\/www.linkedin.com\/company\/pradel-france-homestyle\/\",\"https:\/\/fr.pinterest.com\/pradelfrancehomestyle\/\"]},{\"@type\":\"Person\",\"@id\":\"https:\/\/www.pradel-france.com\/blog\/#\/schema\/person\/9d4906139d09c23f84665eda0714d04d\",\"name\":\"Marine Leclercq\",\"image\":{\"@type\":\"ImageObject\",\"inLanguage\":\"fr-FR\",\"@id\":\"https:\/\/www.pradel-france.com\/blog\/#\/schema\/person\/image\/\",\"url\":\"https:\/\/secure.gravatar.com\/avatar\/e9038faff8aa216af1edf85b0e1aca5abe197683108199ee783d6699f3a9d3fc?s=96&d=mm&r=g\",\"contentUrl\":\"https:\/\/secure.gravatar.com\/avatar\/e9038faff8aa216af1edf85b0e1aca5abe197683108199ee783d6699f3a9d3fc?s=96&d=mm&r=g\",\"caption\":\"Marine Leclercq\"}}]}<\/script>\n<!-- \/ Yoast SEO plugin. -->","yoast_head_json":{"title":"Comment bien aiguiser ses couteaux ?","description":"Aiguiser ses couteaux facilement : d\u00e9couvrez nos conseils, techniques et outils pour un tranchant parfait et durable en cuisine.","robots":{"index":"index","follow":"follow","max-snippet":"max-snippet:-1","max-image-preview":"max-image-preview:large","max-video-preview":"max-video-preview:-1"},"canonical":"https:\/\/www.pradel-france.com\/blog\/comment-bien-aiguiser-ses-couteaux\/","og_locale":"fr_FR","og_type":"article","og_title":"Comment bien aiguiser ses couteaux ?","og_description":"Aiguiser ses couteaux facilement : d\u00e9couvrez nos conseils, techniques et outils pour un tranchant parfait et durable en cuisine.","og_url":"https:\/\/www.pradel-france.com\/blog\/comment-bien-aiguiser-ses-couteaux\/","og_site_name":"Pradel France","article_publisher":"https:\/\/www.facebook.com\/pradelfr\/","article_published_time":"2026-03-16T10:56:17+00:00","article_modified_time":"2026-03-20T15:08:12+00:00","og_image":[{"width":1264,"height":842,"url":"https:\/\/www.pradel-france.com\/blog\/wp-content\/uploads\/2026\/03\/Firefly_GeminiFlash_Ultra-realistic-professional-product-photography-using-reference-images.-The-knife-fr-562442.png","type":"image\/png"}],"author":"Marine Leclercq","twitter_card":"summary_large_image","twitter_misc":{"\u00c9crit par":"Marine Leclercq","Dur\u00e9e de lecture estim\u00e9e":"1 minute"},"schema":{"@context":"https:\/\/schema.org","@graph":[{"@type":"Article","@id":"https:\/\/www.pradel-france.com\/blog\/comment-bien-aiguiser-ses-couteaux\/#article","isPartOf":{"@id":"https:\/\/www.pradel-france.com\/blog\/comment-bien-aiguiser-ses-couteaux\/"},"author":{"name":"Marine Leclercq","@id":"https:\/\/www.pradel-france.com\/blog\/#\/schema\/person\/9d4906139d09c23f84665eda0714d04d"},"headline":"Comment bien aiguiser ses couteaux ?","datePublished":"2026-03-16T10:56:17+00:00","dateModified":"2026-03-20T15:08:12+00:00","mainEntityOfPage":{"@id":"https:\/\/www.pradel-france.com\/blog\/comment-bien-aiguiser-ses-couteaux\/"},"wordCount":5,"publisher":{"@id":"https:\/\/www.pradel-france.com\/blog\/#organization"},"image":{"@id":"https:\/\/www.pradel-france.com\/blog\/comment-bien-aiguiser-ses-couteaux\/#primaryimage"},"thumbnailUrl":"https:\/\/www.pradel-france.com\/blog\/wp-content\/uploads\/2026\/03\/Firefly_GeminiFlash_Ultra-realistic-professional-product-photography-using-reference-images.-The-knife-fr-562442.png","articleSection":["Conseils Pradel Fance","La d\u00e9coupe"],"inLanguage":"fr-FR"},{"@type":"WebPage","@id":"https:\/\/www.pradel-france.com\/blog\/comment-bien-aiguiser-ses-couteaux\/","url":"https:\/\/www.pradel-france.com\/blog\/comment-bien-aiguiser-ses-couteaux\/","name":"Comment bien aiguiser ses couteaux ?","isPartOf":{"@id":"https:\/\/www.pradel-france.com\/blog\/#website"},"primaryImageOfPage":{"@id":"https:\/\/www.pradel-france.com\/blog\/comment-bien-aiguiser-ses-couteaux\/#primaryimage"},"image":{"@id":"https:\/\/www.pradel-france.com\/blog\/comment-bien-aiguiser-ses-couteaux\/#primaryimage"},"thumbnailUrl":"https:\/\/www.pradel-france.com\/blog\/wp-content\/uploads\/2026\/03\/Firefly_GeminiFlash_Ultra-realistic-professional-product-photography-using-reference-images.-The-knife-fr-562442.png","datePublished":"2026-03-16T10:56:17+00:00","dateModified":"2026-03-20T15:08:12+00:00","description":"Aiguiser ses couteaux facilement : d\u00e9couvrez nos conseils, techniques et outils pour un tranchant parfait et durable en cuisine.","breadcrumb":{"@id":"https:\/\/www.pradel-france.com\/blog\/comment-bien-aiguiser-ses-couteaux\/#breadcrumb"},"inLanguage":"fr-FR","potentialAction":[{"@type":"ReadAction","target":["https:\/\/www.pradel-france.com\/blog\/comment-bien-aiguiser-ses-couteaux\/"]}]},{"@type":"ImageObject","inLanguage":"fr-FR","@id":"https:\/\/www.pradel-france.com\/blog\/comment-bien-aiguiser-ses-couteaux\/#primaryimage","url":"https:\/\/www.pradel-france.com\/blog\/wp-content\/uploads\/2026\/03\/Firefly_GeminiFlash_Ultra-realistic-professional-product-photography-using-reference-images.-The-knife-fr-562442.png","contentUrl":"https:\/\/www.pradel-france.com\/blog\/wp-content\/uploads\/2026\/03\/Firefly_GeminiFlash_Ultra-realistic-professional-product-photography-using-reference-images.-The-knife-fr-562442.png","width":1264,"height":842},{"@type":"BreadcrumbList","@id":"https:\/\/www.pradel-france.com\/blog\/comment-bien-aiguiser-ses-couteaux\/#breadcrumb","itemListElement":[{"@type":"ListItem","position":1,"name":"Accueil","item":"https:\/\/www.pradel-france.com\/blog\/"},{"@type":"ListItem","position":2,"name":"Conseils Pradel Fance","item":"https:\/\/www.pradel-france.com\/blog\/category\/conseils\/"},{"@type":"ListItem","position":3,"name":"Comment bien aiguiser ses couteaux ?"}]},{"@type":"WebSite","@id":"https:\/\/www.pradel-france.com\/blog\/#website","url":"https:\/\/www.pradel-france.com\/blog\/","name":"Pradel France Blog","description":"Les recettes et conseils Pradel France","publisher":{"@id":"https:\/\/www.pradel-france.com\/blog\/#organization"},"alternateName":"Pradel blog","potentialAction":[{"@type":"SearchAction","target":{"@type":"EntryPoint","urlTemplate":"https:\/\/www.pradel-france.com\/blog\/?s={search_term_string}"},"query-input":{"@type":"PropertyValueSpecification","valueRequired":true,"valueName":"search_term_string"}}],"inLanguage":"fr-FR"},{"@type":"Organization","@id":"https:\/\/www.pradel-france.com\/blog\/#organization","name":"Pradel France Blog","alternateName":"Pradel blog","url":"https:\/\/www.pradel-france.com\/blog\/","logo":{"@type":"ImageObject","inLanguage":"fr-FR","@id":"https:\/\/www.pradel-france.com\/blog\/#\/schema\/logo\/image\/","url":"https:\/\/www.pradel-france.com\/blog\/wp-content\/uploads\/2023\/04\/pradel-200x200-1.jpg","contentUrl":"https:\/\/www.pradel-france.com\/blog\/wp-content\/uploads\/2023\/04\/pradel-200x200-1.jpg","width":200,"height":200,"caption":"Pradel France Blog"},"image":{"@id":"https:\/\/www.pradel-france.com\/blog\/#\/schema\/logo\/image\/"},"sameAs":["https:\/\/www.facebook.com\/pradelfr\/","https:\/\/www.instagram.com\/pradel_france\/","https:\/\/www.youtube.com\/@Pradel-France-Homestyle","https:\/\/www.linkedin.com\/company\/pradel-france-homestyle\/","https:\/\/fr.pinterest.com\/pradelfrancehomestyle\/"]},{"@type":"Person","@id":"https:\/\/www.pradel-france.com\/blog\/#\/schema\/person\/9d4906139d09c23f84665eda0714d04d","name":"Marine Leclercq","image":{"@type":"ImageObject","inLanguage":"fr-FR","@id":"https:\/\/www.pradel-france.com\/blog\/#\/schema\/person\/image\/","url":"https:\/\/secure.gravatar.com\/avatar\/e9038faff8aa216af1edf85b0e1aca5abe197683108199ee783d6699f3a9d3fc?s=96&d=mm&r=g","contentUrl":"https:\/\/secure.gravatar.com\/avatar\/e9038faff8aa216af1edf85b0e1aca5abe197683108199ee783d6699f3a9d3fc?s=96&d=mm&r=g","caption":"Marine Leclercq"}}]}},"thumb":"https:\/\/www.pradel-france.com\/blog\/wp-content\/uploads\/2026\/03\/Firefly_GeminiFlash_Ultra-realistic-professional-product-photography-using-reference-images.-The-knife-fr-562442-350x250.png","category":"Conseils Pradel Fance","description":"Un couteau bien aiguis\u00e9 est indispensable en cuisine : il garantit pr\u00e9cision, s\u00e9curit\u00e9 et confort d\u2019utilisation. Pourtant, beaucoup de personnes\u2026","_links":{"self":[{"href":"https:\/\/www.pradel-france.com\/blog\/wp-json\/wp\/v2\/posts\/5930","targetHints":{"allow":["GET"]}}],"collection":[{"href":"https:\/\/www.pradel-france.com\/blog\/wp-json\/wp\/v2\/posts"}],"about":[{"href":"https:\/\/www.pradel-france.com\/blog\/wp-json\/wp\/v2\/types\/post"}],"author":[{"embeddable":true,"href":"https:\/\/www.pradel-france.com\/blog\/wp-json\/wp\/v2\/users\/3"}],"replies":[{"embeddable":true,"href":"https:\/\/www.pradel-france.com\/blog\/wp-json\/wp\/v2\/comments?post=5930"}],"version-history":[{"count":30,"href":"https:\/\/www.pradel-france.com\/blog\/wp-json\/wp\/v2\/posts\/5930\/revisions"}],"predecessor-version":[{"id":6076,"href":"https:\/\/www.pradel-france.com\/blog\/wp-json\/wp\/v2\/posts\/5930\/revisions\/6076"}],"wp:featuredmedia":[{"embeddable":true,"href":"https:\/\/www.pradel-france.com\/blog\/wp-json\/wp\/v2\/media\/6070"}],"wp:attachment":[{"href":"https:\/\/www.pradel-france.com\/blog\/wp-json\/wp\/v2\/media?parent=5930"}],"wp:term":[{"taxonomy":"category","embeddable":true,"href":"https:\/\/www.pradel-france.com\/blog\/wp-json\/wp\/v2\/categories?post=5930"},{"taxonomy":"post_tag","embeddable":true,"href":"https:\/\/www.pradel-france.com\/blog\/wp-json\/wp\/v2\/tags?post=5930"}],"curies":[{"name":"wp","href":"https:\/\/api.w.org\/{rel}","templated":true}]}}