{"id":609,"date":"2023-01-04T14:37:00","date_gmt":"2023-01-04T13:37:00","guid":{"rendered":"https:\/\/www.pradel-france.com\/blog\/?p=609"},"modified":"2023-05-23T14:57:12","modified_gmt":"2023-05-23T12:57:12","slug":"astuces-pour-decouper-avec-des-couteaux-fruits-et-legumes","status":"publish","type":"post","link":"https:\/\/www.pradel-france.com\/blog\/astuces-pour-decouper-avec-des-couteaux-fruits-et-legumes\/","title":{"rendered":"Les couteaux fruits et l\u00e9gumes : astuces d\u2019utilisation pour une d\u00e9coupe parfaite"},"content":{"rendered":"\n\n    <div class=\"full-width bgcolor noprint\">\n      <section class=\"block-duo alt   boxed \">\n        <div class=\"container\">\n          <div class=\"row\">\n                          <div class=\"col-12 col-lg-6 col-img px-0 pl-lg-0 pr-lg-2\">\n                <div class=\"picture-wrapper h-100 w-100\">\n                  <div class=\"pic bcover h-100 w-100\" style=\"background-image:url(https:\/\/www.pradel-france.com\/blog\/wp-content\/uploads\/2023\/04\/astuces-decouper-avec-couteaux-fruits-et-legumes.jpg);min-height:450px;\"><\/div>\n                <\/div>\n              <\/div>\n                        <div class=\"col-12 col-lg-6 col-content d-flex my-auto px-0 pr-lg-4\" style=\"order:-1;\">\n              <div class=\"d-flex flex-column inner-content\">\n                                                  <div class=\"content nerf-last-p\">\n                    <p>La bonne d\u00e9coupe des fruits et l\u00e9gumes est un \u00e9l\u00e9ment essentiel \u00e0 la pr\u00e9paration d\u2019un d\u00e9licieux repas. Pour cela, il faut les bons outils et les astuces qui vont avec ! L\u2019utilisation des <a href=\"\/234-couteaux-fruits-et-legumes\">couteaux \u00e0 l\u00e9gumes<\/a> vous facilite la t\u00e2che et vous aide \u00e0 obtenir des r\u00e9sultats parfaits.<\/p>\n<p>Dans cet article, nous vous partagerons les meilleures <strong>astuces pour d\u00e9couper avec des couteaux fruits et l\u00e9gumes<\/strong>. Choix du couteau, les avantages et les erreurs \u00e0 \u00e9viter, vous saurez tout ce qu\u2019il faut savoir !<\/p>\n                  <\/div>\n                                                  <div>\n                    <a class=\"btn btn-primary\" href=\"\/234-couteaux-fruits-et-legumes\" title=\"D\u00e9couvrez nos couteaux fruits et l\u00e9gumes !\" target=''>D\u00e9couvrez nos couteaux fruits et l\u00e9gumes !<\/a>\n                  <\/div>\n                              <\/div>\n            <\/div>\n          <\/div>\n        <\/div>\n      <\/section>\n    <\/div>\n\n\n\n\n\n    <div class=\"full-width bgcolor noprint\">\n      <section class=\"block-duo   boxed \">\n        <div class=\"container\">\n          <div class=\"row\">\n                          <div class=\"col-12 col-lg-4 col-img px-0 pl-lg-0 pr-lg-2\">\n                <div class=\"picture-wrapper h-100 w-100\">\n                  <div class=\"pic bcover h-100 w-100\" style=\"background-image:url(https:\/\/www.pradel-france.com\/blog\/wp-content\/uploads\/2023\/04\/cuisinier-decoupe-legumes-709x1024.jpg);min-height:450px;\"><\/div>\n                <\/div>\n              <\/div>\n                        <div class=\"col-12 col-lg-8 col-content d-flex my-auto px-0 pl-lg-4\">\n              <div class=\"d-flex flex-column inner-content\">\n                          <h2 class=\"c-title-l\">Comment choisir le couteau parfait pour vos fruits et l\u00e9gumes ?<\/h2>\n                                      <div class=\"content nerf-last-p\">\n                    <p>Le <strong>choix du couteau parfait pour les fruits et l\u00e9gumes<\/strong> d\u00e9pend de l\u2019aliment que vous devez d\u00e9couper. Pour cela, il existe diff\u00e9rents types de couteaux de cuisine pour effectuer des t\u00e2ches pr\u00e9cises avec les fruits et l\u00e9gumes.<\/p>\n<ul>\n<li><strong>Le couteaux office<\/strong> : Id\u00e9al pour \u00e9plucher et d\u00e9couper des petits fruits, sa lame est courte, mince et semi-pointue. Cette lame polyvalente permet une d\u00e9coupe pr\u00e9cise. Le couteau office se r\u00e9v\u00e8le tr\u00e8s utile pour accomplir un large \u00e9ventail de t\u00e2ches comme la d\u00e9coupe des oignons et des fines herbes. Il peut aussi \u00eatre consid\u00e9r\u00e9 comme un couteau \u00e0 fruits.<\/li>\n<li><strong>Le couteau \u00e0 \u00e9mincer chef<\/strong> : Sa lame droite et large lui permet d\u2019\u00eatre tr\u00e8s polyvalent et maniable malgr\u00e9 sa taille. C\u2019est le couteau parfait pour \u00e9mincer, hacher et couper la viande, le poisson et tous les types de fruits et l\u00e9gumes facilement. Cela lui permet aussi de servir parfaitement de couteau pour sculpter les fruits et les l\u00e9gumes, votre tiroir ne demande que lui !<\/li>\n<li><strong>Le couteau \u00e0 tomates<\/strong> : Les couteaux d\u2019office et \u00e0 \u00e9mincer sont excellents pour couper les fruits et l\u00e9gumes, mais il existe des couteaux sp\u00e9cialis\u00e9s pour r\u00e9aliser encore mieux ces t\u00e2ches. La lame dentel\u00e9e et incurv\u00e9e du couteau \u00e0 tomates lui permet de trancher efficacement les tomates et les fruits avec de la pulpe molle, sans les \u00e9craser.<\/li>\n<li><strong>Le couteau \u00e9plucheur<\/strong> : Gr\u00e2ce \u00e0 sa forme incurv\u00e9e, la lame s&rsquo;adapte parfaitement aux contours des aliments arrondis, tels que les pommes de terre, facilitant ainsi la d\u00e9coupe et l&rsquo;\u00e9pluchage. De plus, cet outil est tr\u00e8s pratique pour tourner les fruits et les l\u00e9gumes, et permet de retirer les parties endommag\u00e9es des aliments tout en limitant les pertes.<\/li>\n<\/ul>\n                  <\/div>\n                                              <\/div>\n            <\/div>\n          <\/div>\n        <\/div>\n      <\/section>\n    <\/div>\n\n\n\n\n\n    <div class=\"full-width bgcolor noprint\">\n      <section class=\"block-duo alt   boxed \">\n        <div class=\"container\">\n          <div class=\"row\">\n                          <div class=\"col-12 col-lg-4 col-img px-0 pl-lg-0 pr-lg-2\">\n                <div class=\"picture-wrapper h-100 w-100\">\n                  <div class=\"pic bcover h-100 w-100\" style=\"background-image:url(https:\/\/www.pradel-france.com\/blog\/wp-content\/uploads\/2023\/04\/couteau-decoupe-legumes-verts-709x1024.jpg);min-height:450px;\"><\/div>\n                <\/div>\n              <\/div>\n                        <div class=\"col-12 col-lg-8 col-content d-flex my-auto px-0 pr-lg-4\" style=\"order:-1;\">\n              <div class=\"d-flex flex-column inner-content\">\n                          <h2 class=\"c-title-l\">Les avantages de l&rsquo;utilisation d&rsquo;un couteau \u00e0 fruits et l\u00e9gumes<\/h2>\n                                      <div class=\"content nerf-last-p\">\n                    <p>L&rsquo;<strong>utilisation d&rsquo;un couteau \u00e0 fruits et l\u00e9gumes<\/strong> pr\u00e9sente de nombreux avantages. Tout d&rsquo;abord, un couteau \u00e0 fruits et l\u00e9gumes est sp\u00e9cialement con\u00e7u pour les d\u00e9coupes pr\u00e9cises et fines, ce qui le rend plus adapt\u00e9 aux fruits et l\u00e9gumes qu&rsquo;un couteau de cuisine traditionnel. De plus, un couteau \u00e0 fruits et l\u00e9gumes est plus l\u00e9ger et plus facile \u00e0 manier avec un manche ergonomique, ce qui peut r\u00e9duire la fatigue des mains et des poignets.<\/p>\n<p>Un <strong>couteau \u00e0 fruits et l\u00e9gumes peut \u00e9galement \u00eatre plus s\u00fbr \u00e0 utiliser<\/strong>. La lame plus courte peut r\u00e9duire le risque de blessures accidentelles, et une lame bien aiguis\u00e9e peut \u00eatre plus pr\u00e9visible dans sa d\u00e9coupe et r\u00e9duit le risque de d\u00e9rapage.<\/p>\n                  <\/div>\n                                              <\/div>\n            <\/div>\n          <\/div>\n        <\/div>\n      <\/section>\n    <\/div>\n\n\n\n\n\n    <div class=\"full-width bgcolor noprint\">\n      <section class=\"block-duo   boxed \">\n        <div class=\"container\">\n          <div class=\"row\">\n                          <div class=\"col-12 col-lg-4 col-img px-0 pl-lg-0 pr-lg-2\">\n                <div class=\"picture-wrapper h-100 w-100\">\n                  <div class=\"pic bcover h-100 w-100\" style=\"background-image:url(https:\/\/www.pradel-france.com\/blog\/wp-content\/uploads\/2023\/04\/astuces-pour-decouper-avec-des-couteaux-fruits-et-legumes-709x1024.jpg);min-height:450px;\"><\/div>\n                <\/div>\n              <\/div>\n                        <div class=\"col-12 col-lg-8 col-content d-flex my-auto px-0 pl-lg-4\">\n              <div class=\"d-flex flex-column inner-content\">\n                          <h2 class=\"c-title-l\">Les erreurs courantes \u00e0 \u00e9viter lors de l&rsquo;utilisation d&rsquo;un couteau \u00e0 fruits et l\u00e9gumes<\/h2>\n                                      <div class=\"content nerf-last-p\">\n                    <p>L&rsquo;utilisation d&rsquo;un couteau \u00e0 fruits et l\u00e9gumes est plut\u00f4t simple, mais il y a quelques petites erreurs \u00e0 \u00e9viter pour garantir une d\u00e9coupe pr\u00e9cise et s\u00fbre.<\/p>\n<p>Tout d&rsquo;abord, il ne faut pas forcer la lame \u00e0 travers les fruits et l\u00e9gumes car une pression excessive peut entra\u00eener une coupe in\u00e9gale voir endommager la lame du couteau. De la m\u00eame mani\u00e8re, ne coupez pas trop rapidement. Prenez votre temps pour ne pas vous blesser et ab\u00eemer votre couteau.<\/p>\n<p>Une autre erreur courante est de ne pas utiliser la bonne technique de coupe. Par exemple, pour les fruits et l\u00e9gumes ronds, utilisez une technique de coupe en biais pour cr\u00e9er des tranches uniformes. Pour les fruits et l\u00e9gumes plus longs, utilisez une technique de coupe en julienne ou en d\u00e9s pour cr\u00e9er des morceaux uniformes.<\/p>\n<p>Enfin, l\u2019entretien du couteau est primordial. N&rsquo;oubliez pas d&rsquo;utiliser un couteau bien aiguis\u00e9 ! Une lame \u00e9mouss\u00e9e peut \u00eatre plus difficile \u00e0 manier et peut endommager la texture des fruits et l\u00e9gumes.<\/p>\n                  <\/div>\n                                              <\/div>\n            <\/div>\n          <\/div>\n        <\/div>\n      <\/section>\n    <\/div>\n\n\n\n\n\n    <div class=\"full-width bgcolor noprint\">\n      <section class=\"block-duo alt   boxed \">\n        <div class=\"container\">\n          <div class=\"row\">\n                          <div class=\"col-12 col-lg-4 col-img px-0 pl-lg-0 pr-lg-2\">\n                <div class=\"picture-wrapper h-100 w-100\">\n                  <div class=\"pic bcover h-100 w-100\" style=\"background-image:url(https:\/\/www.pradel-france.com\/blog\/wp-content\/uploads\/2023\/04\/homme-decoupe-legume-couteau-japonais-709x1024.jpg);min-height:450px;\"><\/div>\n                <\/div>\n              <\/div>\n                        <div class=\"col-12 col-lg-8 col-content d-flex my-auto px-0 pr-lg-4\" style=\"order:-1;\">\n              <div class=\"d-flex flex-column inner-content\">\n                          <h2 class=\"c-title-l\">Comment entretenir et aff\u00fbter votre couteau \u00e0 fruits et l\u00e9gumes ?<\/h2>\n                                      <div class=\"content nerf-last-p\">\n                    <p>L\u2019entretien du couteau \u00e0 fruits et l\u00e9gumes est tr\u00e8s important pour qu\u2019il reste en bon \u00e9tat et puisse garder un tranchant efficace. Apr\u00e8s chaque utilisation, lavez le couteau \u00e0 la main avec de l&rsquo;eau chaude et du savon doux, puis s\u00e9chez-le soigneusement. Nous vous d\u00e9conseillons de mettre votre couteau \u00e0 fruits et l\u00e9gumes dans le lave-vaisselle, car cela peut endommager la lame et le manche.<\/p>\n<p>Pour maintenir une lame bien aiguis\u00e9e, nous vous conseillons d&rsquo;utiliser un fusil \u00e0 aiguiser ou un aiguiseur. Un fusil est un outil en acier que vous pouvez utiliser pour redresser les bords de la lame entre les aiguisages. Votre lame en acier inoxydable en a besoin !<\/p>\n                  <\/div>\n                                              <\/div>\n            <\/div>\n          <\/div>\n        <\/div>\n      <\/section>\n    <\/div>\n\n","protected":false},"excerpt":{"rendered":"","protected":false},"author":1,"featured_media":613,"comment_status":"closed","ping_status":"closed","sticky":false,"template":"","format":"standard","meta":{"footnotes":""},"categories":[4,8,7],"tags":[],"class_list":["post-609","post","type-post","status-publish","format-standard","has-post-thumbnail","hentry","category-conseils","category-les-astuces","category-la-decoupe","col-12","col-md-6 col-lg-4"],"acf":[],"yoast_head":"<!-- This site is optimized with the Yoast SEO plugin v26.7 - https:\/\/yoast.com\/wordpress\/plugins\/seo\/ -->\n<title>Astuces pour d\u00e9couper avec des couteaux \u00e0 l\u00e9gumes | Pradel<\/title>\n<meta name=\"description\" content=\"Tout ce que vous devez savoir sur l&#039;utilisation des couteaux fruits et l\u00e9gumes pour des d\u00e9coupes impeccables est \u00e0 retrouver dans cet article. D\u00e9couvrez nos astuces !\" \/>\n<meta name=\"robots\" content=\"index, follow, max-snippet:-1, max-image-preview:large, max-video-preview:-1\" \/>\n<link rel=\"canonical\" href=\"https:\/\/www.pradel-france.com\/blog\/astuces-pour-decouper-avec-des-couteaux-fruits-et-legumes\/\" \/>\n<meta property=\"og:locale\" content=\"fr_FR\" \/>\n<meta property=\"og:type\" content=\"article\" \/>\n<meta property=\"og:title\" content=\"Astuces pour d\u00e9couper avec des couteaux \u00e0 l\u00e9gumes | Pradel\" \/>\n<meta property=\"og:description\" content=\"Tout ce que vous devez savoir sur l&#039;utilisation des couteaux fruits et l\u00e9gumes pour des d\u00e9coupes impeccables est \u00e0 retrouver dans cet article. D\u00e9couvrez nos astuces !\" \/>\n<meta property=\"og:url\" content=\"https:\/\/www.pradel-france.com\/blog\/astuces-pour-decouper-avec-des-couteaux-fruits-et-legumes\/\" \/>\n<meta property=\"og:site_name\" content=\"Pradel France\" \/>\n<meta property=\"article:publisher\" content=\"https:\/\/www.facebook.com\/pradelfr\/\" \/>\n<meta property=\"article:published_time\" content=\"2023-01-04T13:37:00+00:00\" \/>\n<meta property=\"article:modified_time\" content=\"2023-05-23T12:57:12+00:00\" \/>\n<meta property=\"og:image\" content=\"https:\/\/www.pradel-france.com\/blog\/wp-content\/uploads\/2023\/04\/couteau-decoupe-legumes-verts.jpg\" \/>\n\t<meta property=\"og:image:width\" content=\"843\" \/>\n\t<meta property=\"og:image:height\" content=\"1217\" \/>\n\t<meta property=\"og:image:type\" content=\"image\/jpeg\" \/>\n<meta name=\"author\" content=\"pranblog\" \/>\n<meta name=\"twitter:card\" content=\"summary_large_image\" \/>\n<meta name=\"twitter:label1\" content=\"\u00c9crit par\" \/>\n\t<meta name=\"twitter:data1\" content=\"pranblog\" \/>\n<script type=\"application\/ld+json\" class=\"yoast-schema-graph\">{\"@context\":\"https:\/\/schema.org\",\"@graph\":[{\"@type\":\"Article\",\"@id\":\"https:\/\/www.pradel-france.com\/blog\/astuces-pour-decouper-avec-des-couteaux-fruits-et-legumes\/#article\",\"isPartOf\":{\"@id\":\"https:\/\/www.pradel-france.com\/blog\/astuces-pour-decouper-avec-des-couteaux-fruits-et-legumes\/\"},\"author\":{\"name\":\"pranblog\",\"@id\":\"https:\/\/www.pradel-france.com\/blog\/#\/schema\/person\/544b7ac9710af9ff69288171ac4deeb1\"},\"headline\":\"Les couteaux fruits et l\u00e9gumes : astuces d\u2019utilisation pour une d\u00e9coupe parfaite\",\"datePublished\":\"2023-01-04T13:37:00+00:00\",\"dateModified\":\"2023-05-23T12:57:12+00:00\",\"mainEntityOfPage\":{\"@id\":\"https:\/\/www.pradel-france.com\/blog\/astuces-pour-decouper-avec-des-couteaux-fruits-et-legumes\/\"},\"wordCount\":14,\"publisher\":{\"@id\":\"https:\/\/www.pradel-france.com\/blog\/#organization\"},\"image\":{\"@id\":\"https:\/\/www.pradel-france.com\/blog\/astuces-pour-decouper-avec-des-couteaux-fruits-et-legumes\/#primaryimage\"},\"thumbnailUrl\":\"https:\/\/www.pradel-france.com\/blog\/wp-content\/uploads\/2023\/04\/couteau-decoupe-legumes-verts.jpg\",\"articleSection\":[\"Conseils Pradel Fance\",\"Les astuces\",\"La d\u00e9coupe\"],\"inLanguage\":\"fr-FR\"},{\"@type\":\"WebPage\",\"@id\":\"https:\/\/www.pradel-france.com\/blog\/astuces-pour-decouper-avec-des-couteaux-fruits-et-legumes\/\",\"url\":\"https:\/\/www.pradel-france.com\/blog\/astuces-pour-decouper-avec-des-couteaux-fruits-et-legumes\/\",\"name\":\"Astuces pour d\u00e9couper avec des couteaux \u00e0 l\u00e9gumes | Pradel\",\"isPartOf\":{\"@id\":\"https:\/\/www.pradel-france.com\/blog\/#website\"},\"primaryImageOfPage\":{\"@id\":\"https:\/\/www.pradel-france.com\/blog\/astuces-pour-decouper-avec-des-couteaux-fruits-et-legumes\/#primaryimage\"},\"image\":{\"@id\":\"https:\/\/www.pradel-france.com\/blog\/astuces-pour-decouper-avec-des-couteaux-fruits-et-legumes\/#primaryimage\"},\"thumbnailUrl\":\"https:\/\/www.pradel-france.com\/blog\/wp-content\/uploads\/2023\/04\/couteau-decoupe-legumes-verts.jpg\",\"datePublished\":\"2023-01-04T13:37:00+00:00\",\"dateModified\":\"2023-05-23T12:57:12+00:00\",\"description\":\"Tout ce que vous devez savoir sur l'utilisation des couteaux fruits et l\u00e9gumes pour des d\u00e9coupes impeccables est \u00e0 retrouver dans cet article. D\u00e9couvrez nos astuces !\",\"breadcrumb\":{\"@id\":\"https:\/\/www.pradel-france.com\/blog\/astuces-pour-decouper-avec-des-couteaux-fruits-et-legumes\/#breadcrumb\"},\"inLanguage\":\"fr-FR\",\"potentialAction\":[{\"@type\":\"ReadAction\",\"target\":[\"https:\/\/www.pradel-france.com\/blog\/astuces-pour-decouper-avec-des-couteaux-fruits-et-legumes\/\"]}]},{\"@type\":\"ImageObject\",\"inLanguage\":\"fr-FR\",\"@id\":\"https:\/\/www.pradel-france.com\/blog\/astuces-pour-decouper-avec-des-couteaux-fruits-et-legumes\/#primaryimage\",\"url\":\"https:\/\/www.pradel-france.com\/blog\/wp-content\/uploads\/2023\/04\/couteau-decoupe-legumes-verts.jpg\",\"contentUrl\":\"https:\/\/www.pradel-france.com\/blog\/wp-content\/uploads\/2023\/04\/couteau-decoupe-legumes-verts.jpg\",\"width\":843,\"height\":1217,\"caption\":\"Les couteaux fruits et l\u00e9gumes : astuces et conseils d'utilisation\"},{\"@type\":\"BreadcrumbList\",\"@id\":\"https:\/\/www.pradel-france.com\/blog\/astuces-pour-decouper-avec-des-couteaux-fruits-et-legumes\/#breadcrumb\",\"itemListElement\":[{\"@type\":\"ListItem\",\"position\":1,\"name\":\"Accueil\",\"item\":\"https:\/\/www.pradel-france.com\/blog\/\"},{\"@type\":\"ListItem\",\"position\":2,\"name\":\"Conseils Pradel Fance\",\"item\":\"https:\/\/www.pradel-france.com\/blog\/category\/conseils\/\"},{\"@type\":\"ListItem\",\"position\":3,\"name\":\"La d\u00e9coupe\",\"item\":\"https:\/\/www.pradel-france.com\/blog\/category\/conseils\/la-decoupe\/\"},{\"@type\":\"ListItem\",\"position\":4,\"name\":\"Les couteaux fruits et l\u00e9gumes : astuces d\u2019utilisation pour une d\u00e9coupe parfaite\"}]},{\"@type\":\"WebSite\",\"@id\":\"https:\/\/www.pradel-france.com\/blog\/#website\",\"url\":\"https:\/\/www.pradel-france.com\/blog\/\",\"name\":\"Pradel France Blog\",\"description\":\"Les recettes et conseils Pradel France\",\"publisher\":{\"@id\":\"https:\/\/www.pradel-france.com\/blog\/#organization\"},\"alternateName\":\"Pradel blog\",\"potentialAction\":[{\"@type\":\"SearchAction\",\"target\":{\"@type\":\"EntryPoint\",\"urlTemplate\":\"https:\/\/www.pradel-france.com\/blog\/?s={search_term_string}\"},\"query-input\":{\"@type\":\"PropertyValueSpecification\",\"valueRequired\":true,\"valueName\":\"search_term_string\"}}],\"inLanguage\":\"fr-FR\"},{\"@type\":\"Organization\",\"@id\":\"https:\/\/www.pradel-france.com\/blog\/#organization\",\"name\":\"Pradel France Blog\",\"alternateName\":\"Pradel blog\",\"url\":\"https:\/\/www.pradel-france.com\/blog\/\",\"logo\":{\"@type\":\"ImageObject\",\"inLanguage\":\"fr-FR\",\"@id\":\"https:\/\/www.pradel-france.com\/blog\/#\/schema\/logo\/image\/\",\"url\":\"https:\/\/www.pradel-france.com\/blog\/wp-content\/uploads\/2023\/04\/pradel-200x200-1.jpg\",\"contentUrl\":\"https:\/\/www.pradel-france.com\/blog\/wp-content\/uploads\/2023\/04\/pradel-200x200-1.jpg\",\"width\":200,\"height\":200,\"caption\":\"Pradel France Blog\"},\"image\":{\"@id\":\"https:\/\/www.pradel-france.com\/blog\/#\/schema\/logo\/image\/\"},\"sameAs\":[\"https:\/\/www.facebook.com\/pradelfr\/\",\"https:\/\/www.instagram.com\/pradel_france\/\",\"https:\/\/www.youtube.com\/@Pradel-France-Homestyle\",\"https:\/\/www.linkedin.com\/company\/pradel-france-homestyle\/\",\"https:\/\/fr.pinterest.com\/pradelfrancehomestyle\/\"]},{\"@type\":\"Person\",\"@id\":\"https:\/\/www.pradel-france.com\/blog\/#\/schema\/person\/544b7ac9710af9ff69288171ac4deeb1\",\"name\":\"pranblog\",\"image\":{\"@type\":\"ImageObject\",\"inLanguage\":\"fr-FR\",\"@id\":\"https:\/\/www.pradel-france.com\/blog\/#\/schema\/person\/image\/\",\"url\":\"https:\/\/secure.gravatar.com\/avatar\/b9f4ad324c09b427710fb5cea05f4c625774b7a4295393a50dce733009db3350?s=96&d=mm&r=g\",\"contentUrl\":\"https:\/\/secure.gravatar.com\/avatar\/b9f4ad324c09b427710fb5cea05f4c625774b7a4295393a50dce733009db3350?s=96&d=mm&r=g\",\"caption\":\"pranblog\"},\"sameAs\":[\"http:\/\/www.pradel-france.com\/blog\"]}]}<\/script>\n<!-- \/ Yoast SEO plugin. -->","yoast_head_json":{"title":"Astuces pour d\u00e9couper avec des couteaux \u00e0 l\u00e9gumes | Pradel","description":"Tout ce que vous devez savoir sur l'utilisation des couteaux fruits et l\u00e9gumes pour des d\u00e9coupes impeccables est \u00e0 retrouver dans cet article. D\u00e9couvrez nos astuces !","robots":{"index":"index","follow":"follow","max-snippet":"max-snippet:-1","max-image-preview":"max-image-preview:large","max-video-preview":"max-video-preview:-1"},"canonical":"https:\/\/www.pradel-france.com\/blog\/astuces-pour-decouper-avec-des-couteaux-fruits-et-legumes\/","og_locale":"fr_FR","og_type":"article","og_title":"Astuces pour d\u00e9couper avec des couteaux \u00e0 l\u00e9gumes | Pradel","og_description":"Tout ce que vous devez savoir sur l'utilisation des couteaux fruits et l\u00e9gumes pour des d\u00e9coupes impeccables est \u00e0 retrouver dans cet article. D\u00e9couvrez nos astuces !","og_url":"https:\/\/www.pradel-france.com\/blog\/astuces-pour-decouper-avec-des-couteaux-fruits-et-legumes\/","og_site_name":"Pradel France","article_publisher":"https:\/\/www.facebook.com\/pradelfr\/","article_published_time":"2023-01-04T13:37:00+00:00","article_modified_time":"2023-05-23T12:57:12+00:00","og_image":[{"width":843,"height":1217,"url":"https:\/\/www.pradel-france.com\/blog\/wp-content\/uploads\/2023\/04\/couteau-decoupe-legumes-verts.jpg","type":"image\/jpeg"}],"author":"pranblog","twitter_card":"summary_large_image","twitter_misc":{"\u00c9crit par":"pranblog"},"schema":{"@context":"https:\/\/schema.org","@graph":[{"@type":"Article","@id":"https:\/\/www.pradel-france.com\/blog\/astuces-pour-decouper-avec-des-couteaux-fruits-et-legumes\/#article","isPartOf":{"@id":"https:\/\/www.pradel-france.com\/blog\/astuces-pour-decouper-avec-des-couteaux-fruits-et-legumes\/"},"author":{"name":"pranblog","@id":"https:\/\/www.pradel-france.com\/blog\/#\/schema\/person\/544b7ac9710af9ff69288171ac4deeb1"},"headline":"Les couteaux fruits et l\u00e9gumes : astuces d\u2019utilisation pour une d\u00e9coupe parfaite","datePublished":"2023-01-04T13:37:00+00:00","dateModified":"2023-05-23T12:57:12+00:00","mainEntityOfPage":{"@id":"https:\/\/www.pradel-france.com\/blog\/astuces-pour-decouper-avec-des-couteaux-fruits-et-legumes\/"},"wordCount":14,"publisher":{"@id":"https:\/\/www.pradel-france.com\/blog\/#organization"},"image":{"@id":"https:\/\/www.pradel-france.com\/blog\/astuces-pour-decouper-avec-des-couteaux-fruits-et-legumes\/#primaryimage"},"thumbnailUrl":"https:\/\/www.pradel-france.com\/blog\/wp-content\/uploads\/2023\/04\/couteau-decoupe-legumes-verts.jpg","articleSection":["Conseils Pradel Fance","Les astuces","La d\u00e9coupe"],"inLanguage":"fr-FR"},{"@type":"WebPage","@id":"https:\/\/www.pradel-france.com\/blog\/astuces-pour-decouper-avec-des-couteaux-fruits-et-legumes\/","url":"https:\/\/www.pradel-france.com\/blog\/astuces-pour-decouper-avec-des-couteaux-fruits-et-legumes\/","name":"Astuces pour d\u00e9couper avec des couteaux \u00e0 l\u00e9gumes | Pradel","isPartOf":{"@id":"https:\/\/www.pradel-france.com\/blog\/#website"},"primaryImageOfPage":{"@id":"https:\/\/www.pradel-france.com\/blog\/astuces-pour-decouper-avec-des-couteaux-fruits-et-legumes\/#primaryimage"},"image":{"@id":"https:\/\/www.pradel-france.com\/blog\/astuces-pour-decouper-avec-des-couteaux-fruits-et-legumes\/#primaryimage"},"thumbnailUrl":"https:\/\/www.pradel-france.com\/blog\/wp-content\/uploads\/2023\/04\/couteau-decoupe-legumes-verts.jpg","datePublished":"2023-01-04T13:37:00+00:00","dateModified":"2023-05-23T12:57:12+00:00","description":"Tout ce que vous devez savoir sur l'utilisation des couteaux fruits et l\u00e9gumes pour des d\u00e9coupes impeccables est \u00e0 retrouver dans cet article. D\u00e9couvrez nos astuces !","breadcrumb":{"@id":"https:\/\/www.pradel-france.com\/blog\/astuces-pour-decouper-avec-des-couteaux-fruits-et-legumes\/#breadcrumb"},"inLanguage":"fr-FR","potentialAction":[{"@type":"ReadAction","target":["https:\/\/www.pradel-france.com\/blog\/astuces-pour-decouper-avec-des-couteaux-fruits-et-legumes\/"]}]},{"@type":"ImageObject","inLanguage":"fr-FR","@id":"https:\/\/www.pradel-france.com\/blog\/astuces-pour-decouper-avec-des-couteaux-fruits-et-legumes\/#primaryimage","url":"https:\/\/www.pradel-france.com\/blog\/wp-content\/uploads\/2023\/04\/couteau-decoupe-legumes-verts.jpg","contentUrl":"https:\/\/www.pradel-france.com\/blog\/wp-content\/uploads\/2023\/04\/couteau-decoupe-legumes-verts.jpg","width":843,"height":1217,"caption":"Les couteaux fruits et l\u00e9gumes : astuces et conseils d'utilisation"},{"@type":"BreadcrumbList","@id":"https:\/\/www.pradel-france.com\/blog\/astuces-pour-decouper-avec-des-couteaux-fruits-et-legumes\/#breadcrumb","itemListElement":[{"@type":"ListItem","position":1,"name":"Accueil","item":"https:\/\/www.pradel-france.com\/blog\/"},{"@type":"ListItem","position":2,"name":"Conseils Pradel Fance","item":"https:\/\/www.pradel-france.com\/blog\/category\/conseils\/"},{"@type":"ListItem","position":3,"name":"La d\u00e9coupe","item":"https:\/\/www.pradel-france.com\/blog\/category\/conseils\/la-decoupe\/"},{"@type":"ListItem","position":4,"name":"Les couteaux fruits et l\u00e9gumes : astuces d\u2019utilisation pour une d\u00e9coupe parfaite"}]},{"@type":"WebSite","@id":"https:\/\/www.pradel-france.com\/blog\/#website","url":"https:\/\/www.pradel-france.com\/blog\/","name":"Pradel France Blog","description":"Les recettes et conseils Pradel France","publisher":{"@id":"https:\/\/www.pradel-france.com\/blog\/#organization"},"alternateName":"Pradel blog","potentialAction":[{"@type":"SearchAction","target":{"@type":"EntryPoint","urlTemplate":"https:\/\/www.pradel-france.com\/blog\/?s={search_term_string}"},"query-input":{"@type":"PropertyValueSpecification","valueRequired":true,"valueName":"search_term_string"}}],"inLanguage":"fr-FR"},{"@type":"Organization","@id":"https:\/\/www.pradel-france.com\/blog\/#organization","name":"Pradel France Blog","alternateName":"Pradel blog","url":"https:\/\/www.pradel-france.com\/blog\/","logo":{"@type":"ImageObject","inLanguage":"fr-FR","@id":"https:\/\/www.pradel-france.com\/blog\/#\/schema\/logo\/image\/","url":"https:\/\/www.pradel-france.com\/blog\/wp-content\/uploads\/2023\/04\/pradel-200x200-1.jpg","contentUrl":"https:\/\/www.pradel-france.com\/blog\/wp-content\/uploads\/2023\/04\/pradel-200x200-1.jpg","width":200,"height":200,"caption":"Pradel France Blog"},"image":{"@id":"https:\/\/www.pradel-france.com\/blog\/#\/schema\/logo\/image\/"},"sameAs":["https:\/\/www.facebook.com\/pradelfr\/","https:\/\/www.instagram.com\/pradel_france\/","https:\/\/www.youtube.com\/@Pradel-France-Homestyle","https:\/\/www.linkedin.com\/company\/pradel-france-homestyle\/","https:\/\/fr.pinterest.com\/pradelfrancehomestyle\/"]},{"@type":"Person","@id":"https:\/\/www.pradel-france.com\/blog\/#\/schema\/person\/544b7ac9710af9ff69288171ac4deeb1","name":"pranblog","image":{"@type":"ImageObject","inLanguage":"fr-FR","@id":"https:\/\/www.pradel-france.com\/blog\/#\/schema\/person\/image\/","url":"https:\/\/secure.gravatar.com\/avatar\/b9f4ad324c09b427710fb5cea05f4c625774b7a4295393a50dce733009db3350?s=96&d=mm&r=g","contentUrl":"https:\/\/secure.gravatar.com\/avatar\/b9f4ad324c09b427710fb5cea05f4c625774b7a4295393a50dce733009db3350?s=96&d=mm&r=g","caption":"pranblog"},"sameAs":["http:\/\/www.pradel-france.com\/blog"]}]}},"thumb":"https:\/\/www.pradel-france.com\/blog\/wp-content\/uploads\/2023\/04\/couteau-decoupe-legumes-verts-350x250.jpg","category":"Conseils Pradel Fance","description":"La bonne d\u00e9coupe des fruits et l\u00e9gumes est un \u00e9l\u00e9ment essentiel \u00e0 la pr\u00e9paration d\u2019un d\u00e9licieux repas. Pour cela, il\u2026","_links":{"self":[{"href":"https:\/\/www.pradel-france.com\/blog\/wp-json\/wp\/v2\/posts\/609","targetHints":{"allow":["GET"]}}],"collection":[{"href":"https:\/\/www.pradel-france.com\/blog\/wp-json\/wp\/v2\/posts"}],"about":[{"href":"https:\/\/www.pradel-france.com\/blog\/wp-json\/wp\/v2\/types\/post"}],"author":[{"embeddable":true,"href":"https:\/\/www.pradel-france.com\/blog\/wp-json\/wp\/v2\/users\/1"}],"replies":[{"embeddable":true,"href":"https:\/\/www.pradel-france.com\/blog\/wp-json\/wp\/v2\/comments?post=609"}],"version-history":[{"count":3,"href":"https:\/\/www.pradel-france.com\/blog\/wp-json\/wp\/v2\/posts\/609\/revisions"}],"predecessor-version":[{"id":893,"href":"https:\/\/www.pradel-france.com\/blog\/wp-json\/wp\/v2\/posts\/609\/revisions\/893"}],"wp:featuredmedia":[{"embeddable":true,"href":"https:\/\/www.pradel-france.com\/blog\/wp-json\/wp\/v2\/media\/613"}],"wp:attachment":[{"href":"https:\/\/www.pradel-france.com\/blog\/wp-json\/wp\/v2\/media?parent=609"}],"wp:term":[{"taxonomy":"category","embeddable":true,"href":"https:\/\/www.pradel-france.com\/blog\/wp-json\/wp\/v2\/categories?post=609"},{"taxonomy":"post_tag","embeddable":true,"href":"https:\/\/www.pradel-france.com\/blog\/wp-json\/wp\/v2\/tags?post=609"}],"curies":[{"name":"wp","href":"https:\/\/api.w.org\/{rel}","templated":true}]}}