{"id":6114,"date":"2026-03-12T14:43:58","date_gmt":"2026-03-12T13:43:58","guid":{"rendered":"https:\/\/www.pradel-france.com\/blog\/?p=6114"},"modified":"2026-04-08T14:45:40","modified_gmt":"2026-04-08T12:45:40","slug":"quiche-aux-tomates-cerises-fromage-et-herbes-fraiches","status":"publish","type":"post","link":"https:\/\/www.pradel-france.com\/blog\/quiche-aux-tomates-cerises-fromage-et-herbes-fraiches\/","title":{"rendered":"Quiche aux tomates cerises, fromage et herbes fra\u00eeches"},"content":{"rendered":"\n\n  <div class=\"full-width bgcolor noprint\">\n    <section class=\"block-duo alt   boxed  container\">\n      <div class=\"text-center\">\n        \n      \n            <div class=\"d-flex flex-column inner-content\">\n                                            <div class=\"content nerf-last-p\">\n                  <div class=\"flex flex-col text-sm pb-25\">\n<section class=\"text-token-text-primary w-full focus:outline-none [--shadow-height:45px] has-data-writing-block:pointer-events-none has-data-writing-block:-mt-(--shadow-height) has-data-writing-block:pt-(--shadow-height) [&amp;:has([data-writing-block])&gt;*]:pointer-events-auto scroll-mt-[calc(var(--header-height)+min(200px,max(70px,20svh)))]\" dir=\"auto\" data-turn-id=\"request-WEB:5cbc8672-6c95-4a68-865e-506ea444d03b-8\" data-testid=\"conversation-turn-4\" data-scroll-anchor=\"true\" data-turn=\"assistant\">\n<div class=\"text-base my-auto mx-auto pb-10 [--thread-content-margin:var(--thread-content-margin-xs,calc(var(--spacing)*4))] @w-sm\/main:[--thread-content-margin:var(--thread-content-margin-sm,calc(var(--spacing)*6))] @w-lg\/main:[--thread-content-margin:var(--thread-content-margin-lg,calc(var(--spacing)*16))] px-(--thread-content-margin)\">\n<div class=\"[--thread-content-max-width:40rem] @w-lg\/main:[--thread-content-max-width:48rem] mx-auto max-w-(--thread-content-max-width) flex-1 group\/turn-messages focus-visible:outline-hidden relative flex w-full min-w-0 flex-col agent-turn\">\n<div class=\"flex max-w-full flex-col gap-4 grow\">\n<div class=\"min-h-8 text-message relative flex w-full flex-col items-end gap-2 text-start break-words whitespace-normal outline-none keyboard-focused:focus-ring [.text-message+&amp;]:mt-1\" dir=\"auto\" tabindex=\"0\" data-message-author-role=\"assistant\" data-message-id=\"30bca2a9-301c-4ca4-acc9-bb110a5d484c\" data-message-model-slug=\"gpt-5-3\" data-turn-start-message=\"true\">\n<div class=\"flex w-full flex-col gap-1 empty:hidden\">\n<div class=\"markdown prose dark:prose-invert w-full wrap-break-word light markdown-new-styling\">\n<p data-start=\"164\" data-end=\"571\">Envie d\u2019une <strong>recette simple, gourmande et rapide \u00e0 pr\u00e9parer<\/strong> ? Cette <strong data-start=\"223\" data-end=\"264\">quiche aux tomates cerises et fromage<\/strong> est un incontournable de la cuisine maison. Facile \u00e0 pr\u00e9parer, \u00e9conomique et d\u00e9licieuse, elle s\u00e9duit autant pour un repas du quotidien que pour recevoir. Avec sa p\u00e2te dor\u00e9e et croustillante et sa garniture fondante aux herbes fra\u00eeches, cette quiche est la promesse d\u2019un moment convivial autour de la table.<\/p>\n<\/div>\n<\/div>\n<\/div>\n<div class=\"puik-root not-prose not-markdown\" data-theme=\"light\">\n<div class=\"general-agent-cot-root\"><\/div>\n<\/div>\n<\/div>\n<div class=\"z-0 flex min-h-[46px] justify-start\"><\/div>\n<div class=\"mt-3 w-full empty:hidden\">\n<div class=\"text-center\"><\/div>\n<\/div>\n<\/div>\n<\/div>\n<\/section>\n<\/div>\n<div class=\"pointer-events-none h-px w-px absolute bottom-0\" aria-hidden=\"true\" data-edge=\"true\"><\/div>\n<h2 data-start=\"764\" data-end=\"827\"><\/h2>\n<h3 data-start=\"1233\" data-end=\"1264\"><\/h3>\n                <\/div>\n                                      <\/div>\n      <\/div>\n    <\/section>\n  <\/div>\n\n\n\n<!--<script src=\"https:\/\/cdnjs.cloudflare.com\/ajax\/libs\/html2pdf.js\/0.10.1\/html2pdf.bundle.min.js\"\n  integrity=\"sha512-GsLlZN\/3F2ErC5ifS5QtgpiJtWd43JWSuIgh7mbzZ8zBps+dvLusV+eNQATqgA\/HdeKFVgA5v3S\/cIrLF7QnIg==\"\n  crossorigin=\"anonymous\" referrerpolicy=\"no-referrer\"><\/script>-->\n     \n \n<section id=\"block_bfc00100f06ffcca60884f4a4d337329\" class=\"full-width block-ingredients block-ba position-relative overflow-hidden\">\n\n\n   \n        <div id=\"order-links\" class=\"container d-flex gap-1 align-items-center justify-content-end\">\n          <!--\n          <a onclick=\"previewRecette();\" class=\"cursor-pointer d-flex gap-1 align-items-center justify-content-center\" >\n            <img decoding=\"async\" src=\"https:\/\/pradel-new.alban\/themes\/pradel\/assets\/img\/icons\/print.svg\" alt=\"Aper\u00e7u\" width=\"50px\" height=\"50px\"><div class=\"button-blog2\">Aper\u00e7u PDF<\/div><\/a>\n      -->\n          <a onclick=\"genRecette();\" class=\"cursor-pointer \">\n            <img decoding=\"async\" src=\"\/themes\/pradel\/assets\/img\/icons\/print.svg\" alt=\"Imprimer\" width=\"50px\" height=\"50px\">\n            <div class=\"button-blog2\">Imprimer la recette<\/div>\n          <\/a>\n        <\/div>\n\n\n\n\n\n        <script>\n\n            function genRecette() {\n            var body = document.querySelector('body');\n            var article = document.querySelector('article');\n\n            \/\/ Synchroniser la classe 'selected' sur les .list en fonction de la liste visible\n            \/\/ (onRecette dans content-single.php utilise style.display, pas la classe selected)\n            var selectedKey = null;\n            var selectedBtn = article.querySelector('.numbers .selector a.selected');\n            if (selectedBtn) selectedKey = selectedBtn.getAttribute('data-key');\n            article.querySelectorAll('.lists .list').forEach(function(list) {\n              list.classList.remove('selected');\n              if (selectedKey) {\n                if (list.classList.contains('liste-' + selectedKey)) {\n                  list.classList.add('selected');\n                  list.style.display = '';\n                } else {\n                  list.style.display = '';\n                }\n              }\n            });\n\n            \/\/ Mettre \u00e0 jour le texte \"Pour X personnes\"\n            if (selectedKey) {\n              var countEl = article.querySelector('.print-servings-count');\n              if (countEl) countEl.textContent = selectedKey;\n              var servingsEl = article.querySelector('.print-servings');\n              if (servingsEl) servingsEl.textContent = 'Pour ' + selectedKey + ' personne' + (parseInt(selectedKey) > 1 ? 's' : '');\n            }\n\n            \/\/ Ajouter la classe pour le style PDF\n            body.classList.add('recette-pdf');\n         \n\n\n              \/\/ Forcer le chargement des images lazy avant d'imprimer\n              var lazyImgs = document.querySelectorAll('.wp-more-products img[data-src]');\n              console.log('[print] images lazy trouv\u00e9es:', lazyImgs.length);\n              var loadPromises = Array.from(lazyImgs).map(function(img) {\n                var dataSrc = img.getAttribute('data-src');\n                if (!dataSrc) return Promise.resolve();\n                if (img.src === dataSrc && img.complete && img.naturalWidth > 0) return Promise.resolve();\n                return new Promise(function(resolve) {\n                  img.onload = function() { console.log('[print] charg\u00e9e:', img.src); resolve(); };\n                  img.onerror = function() { console.warn('[print] erreur:', dataSrc); resolve(); };\n                  img.removeAttribute('class'); \/\/ \u00e9vite que lazysizes interf\u00e8re\n                  img.src = dataSrc;\n                });\n              });\n\n              Promise.all(loadPromises).then(function() {\n                \/\/ Laisser le navigateur rendre les images avant d'ouvrir la bo\u00eete print\n                setTimeout(function() {\n                  window.print();\n                  setTimeout(function() {\n                    body.classList.remove('recette-pdf');\n                  }, 1000);\n                }, 300);\n              });\n\n   }\n\n      \n\n          \/\/ Regrouper tous les blocs ingredients dans le premier bloc (a cote de la photo)\n          document.addEventListener('DOMContentLoaded', function() {\n            var allSections = document.querySelectorAll('section.block-ingredients');\n            if (allSections.length < 2) return;\n\n            var firstSection = allSections[0];\n            var firstGrid = firstSection.querySelector('.ingredients.with-photo');\n            if (!firstGrid) return;\n            var rightCol = firstGrid.querySelector('.ingredients-right');\n            if (!rightCol) return;\n\n            \/\/ Deplacer les .ingredient-group des blocs suivants dans la colonne droite du premier\n            for (var i = 1; i < allSections.length; i++) {\n              var groups = allSections[i].querySelectorAll('.ingredient-group');\n              groups.forEach(function(group) {\n                rightCol.appendChild(group);\n              });\n              \/\/ Masquer la section vide\n              allSections[i].style.display = 'none';\n            }\n          });\n        <\/script>\n\n\n   \n  <div class=\"container ingredients with-photo\">\n        <div class=\"ingredients-left\">\n      <img decoding=\"async\" src=\"https:\/\/www.pradel-france.com\/blog\/wp-content\/uploads\/2026\/04\/ChatGPT-Image-3-avr.-2026-12_53_34.png\" alt=\"Les ingr\u00e9dients\"  class=\"border-radius-0\">\n    <\/div>\n        <div class=\"ingredients-right\">\n      <div class=\"ingredient-group\">\n              <div class=\"w-100 title-container\">\n          <div class=\"pb-4\">\n                      <div class=\"c-title-l\">Les ingr\u00e9dients<\/div>\n              <\/div>\n        <\/div>\n                                        <div class=\"print-servings\">Pour <span class=\"print-servings-count\">4<\/span> personnes<\/div>\n        <div class=\"numbers d-flex flex-row gap-0 align-items-center\">\n          <div>Nombre de personnes&nbsp;:<\/div>\n          <div class=\"selector bis\">\n                          <a href=\"#liste-2\" data-key=\"2\" class=\"first \"><span>2<\/span><\/a>\n                          <a href=\"#liste-4\" data-key=\"4\" class=\"selected\"><span>4<\/span><\/a>\n                          <a href=\"#liste-6\" data-key=\"6\" class=\"\"><span>6<\/span><\/a>\n                          <a href=\"#liste-8\" data-key=\"8\" class=\"\"><span>8<\/span><\/a>\n                          <a href=\"#liste-10\" data-key=\"10\" class=\"\"><span>10<\/span><\/a>\n                        <span class=\"last\"><\/span>\n          <\/div>\n        <\/div>\n                <div class=\"lists \">\n                      <div class=\"list liste-2 \">\n              <ul>\n                                                                                                            <li>\n                                              <span class=\"nb\">\n                                                    1                        <\/span>\n                                                                    <span class=\"unit\"><\/span>\n                                                                  <span class=\"ingredient\">p\u00e2te bris\u00e9e<\/span>\n                    <\/li>\n                                                                                                                              <li>\n                                              <span class=\"nb\">\n                                                    2                        <\/span>\n                                                                    <span class=\"unit\"><\/span>\n                                                                  <span class=\"ingredient\">oeufs<\/span>\n                    <\/li>\n                                                                                                                              <li>\n                                              <span class=\"nb\">\n                                                    10                        <\/span>\n                                                                    <span class=\"unit\">cl<\/span>\n                                                                  <span class=\"ingredient\">de cr\u00e8me fra\u00eeche<\/span>\n                    <\/li>\n                                                                                                                              <li>\n                                              <span class=\"nb\">\n                                                    50                        <\/span>\n                                                                    <span class=\"unit\">g<\/span>\n                                                                  <span class=\"ingredient\">de fromage r\u00e2p\u00e9<\/span>\n                    <\/li>\n                                                                                                                              <li>\n                                              <span class=\"nb\">\n                                                    100                        <\/span>\n                                                                    <span class=\"unit\">g<\/span>\n                                                                  <span class=\"ingredient\">de tomates cerises<\/span>\n                    <\/li>\n                                                                                                                              <li>\n                                              <span class=\"nb\">\n                                                    0.5                        <\/span>\n                                                                    <span class=\"unit\">c. \u00e0 s.<\/span>\n                                                                  <span class=\"ingredient\">d'huile d'olive<\/span>\n                    <\/li>\n                                                                                                                              <li>\n                                                                    <span class=\"unit\"><\/span>\n                                                                  <span class=\"ingredient\">sel & poivre<\/span>\n                    <\/li>\n                                                                                                                              <li>\n                                                                    <span class=\"unit\"><\/span>\n                                                                  <span class=\"ingredient\">Herbes de Provence<\/span>\n                    <\/li>\n                                                <\/ul>\n            <\/div>\n                      <div class=\"list liste-4 selected\">\n              <ul>\n                                                                                                            <li>\n                                              <span class=\"nb\">\n                                                    1                        <\/span>\n                                                                    <span class=\"unit\"><\/span>\n                                                                  <span class=\"ingredient\">p\u00e2te bris\u00e9e<\/span>\n                    <\/li>\n                                                                                                                              <li>\n                                              <span class=\"nb\">\n                                                    3                        <\/span>\n                                                                    <span class=\"unit\"><\/span>\n                                                                  <span class=\"ingredient\">oeufs<\/span>\n                    <\/li>\n                                                                                                                              <li>\n                                              <span class=\"nb\">\n                                                    20                        <\/span>\n                                                                    <span class=\"unit\">cl<\/span>\n                                                                  <span class=\"ingredient\">de cr\u00e8me fra\u00eeche<\/span>\n                    <\/li>\n                                                                                                                              <li>\n                                              <span class=\"nb\">\n                                                    100                        <\/span>\n                                                                    <span class=\"unit\">g<\/span>\n                                                                  <span class=\"ingredient\">de fromage r\u00e2p\u00e9<\/span>\n                    <\/li>\n                                                                                                                              <li>\n                                              <span class=\"nb\">\n                                                    200                        <\/span>\n                                                                    <span class=\"unit\">g<\/span>\n                                                                  <span class=\"ingredient\">de tomates cerises<\/span>\n                    <\/li>\n                                                                                                                              <li>\n                                              <span class=\"nb\">\n                                                    1                        <\/span>\n                                                                    <span class=\"unit\">c. \u00e0 s.<\/span>\n                                                                  <span class=\"ingredient\">d'huile d'olive<\/span>\n                    <\/li>\n                                                                                                                              <li>\n                                                                    <span class=\"unit\"><\/span>\n                                                                  <span class=\"ingredient\">sel & poivre<\/span>\n                    <\/li>\n                                                                                                                              <li>\n                                                                    <span class=\"unit\"><\/span>\n                                                                  <span class=\"ingredient\">Herbes de Provence<\/span>\n                    <\/li>\n                                                <\/ul>\n            <\/div>\n                      <div class=\"list liste-6 \">\n              <ul>\n                                                                                                            <li>\n                                              <span class=\"nb\">\n                                                    2                        <\/span>\n                                                                    <span class=\"unit\"><\/span>\n                                                                  <span class=\"ingredient\">p\u00e2te bris\u00e9e<\/span>\n                    <\/li>\n                                                                                                                              <li>\n                                              <span class=\"nb\">\n                                                    5                        <\/span>\n                                                                    <span class=\"unit\"><\/span>\n                                                                  <span class=\"ingredient\">oeufs<\/span>\n                    <\/li>\n                                                                                                                              <li>\n                                              <span class=\"nb\">\n                                                    30                        <\/span>\n                                                                    <span class=\"unit\">cl<\/span>\n                                                                  <span class=\"ingredient\">de cr\u00e8me fra\u00eeche<\/span>\n                    <\/li>\n                                                                                                                              <li>\n                                              <span class=\"nb\">\n                                                    150                        <\/span>\n                                                                    <span class=\"unit\">g<\/span>\n                                                                  <span class=\"ingredient\">de fromage r\u00e2p\u00e9<\/span>\n                    <\/li>\n                                                                                                                              <li>\n                                              <span class=\"nb\">\n                                                    300                        <\/span>\n                                                                    <span class=\"unit\">g<\/span>\n                                                                  <span class=\"ingredient\">de tomates cerises<\/span>\n                    <\/li>\n                                                                                                                              <li>\n                                              <span class=\"nb\">\n                                                    1.5                        <\/span>\n                                                                    <span class=\"unit\">c. \u00e0 s.<\/span>\n                                                                  <span class=\"ingredient\">d'huile d'olive<\/span>\n                    <\/li>\n                                                                                                                              <li>\n                                                                    <span class=\"unit\"><\/span>\n                                                                  <span class=\"ingredient\">sel & poivre<\/span>\n                    <\/li>\n                                                                                                                              <li>\n                                                                    <span class=\"unit\"><\/span>\n                                                                  <span class=\"ingredient\">Herbes de Provence<\/span>\n                    <\/li>\n                                                <\/ul>\n            <\/div>\n                      <div class=\"list liste-8 \">\n              <ul>\n                                                                                                            <li>\n                                              <span class=\"nb\">\n                                                    2                        <\/span>\n                                                                    <span class=\"unit\"><\/span>\n                                                                  <span class=\"ingredient\">p\u00e2te bris\u00e9e<\/span>\n                    <\/li>\n                                                                                                                              <li>\n                                              <span class=\"nb\">\n                                                    6                        <\/span>\n                                                                    <span class=\"unit\"><\/span>\n                                                                  <span class=\"ingredient\">oeufs<\/span>\n                    <\/li>\n                                                                                                                              <li>\n                                              <span class=\"nb\">\n                                                    40                        <\/span>\n                                                                    <span class=\"unit\">cl<\/span>\n                                                                  <span class=\"ingredient\">de cr\u00e8me fra\u00eeche<\/span>\n                    <\/li>\n                                                                                                                              <li>\n                                              <span class=\"nb\">\n                                                    200                        <\/span>\n                                                                    <span class=\"unit\">g<\/span>\n                                                                  <span class=\"ingredient\">de fromage r\u00e2p\u00e9<\/span>\n                    <\/li>\n                                                                                                                              <li>\n                                              <span class=\"nb\">\n                                                    400                        <\/span>\n                                                                    <span class=\"unit\">g<\/span>\n                                                                  <span class=\"ingredient\">de tomates cerises<\/span>\n                    <\/li>\n                                                                                                                              <li>\n                                              <span class=\"nb\">\n                                                    2                        <\/span>\n                                                                    <span class=\"unit\">c. \u00e0 s.<\/span>\n                                                                  <span class=\"ingredient\">d'huile d'olive<\/span>\n                    <\/li>\n                                                                                                                              <li>\n                                                                    <span class=\"unit\"><\/span>\n                                                                  <span class=\"ingredient\">sel & poivre<\/span>\n                    <\/li>\n                                                                                                                              <li>\n                                                                    <span class=\"unit\"><\/span>\n                                                                  <span class=\"ingredient\">Herbes de Provence<\/span>\n                    <\/li>\n                                                <\/ul>\n            <\/div>\n                      <div class=\"list liste-10 \">\n              <ul>\n                                                                                                            <li>\n                                              <span class=\"nb\">\n                                                    3                        <\/span>\n                                                                    <span class=\"unit\"><\/span>\n                                                                  <span class=\"ingredient\">p\u00e2te bris\u00e9e<\/span>\n                    <\/li>\n                                                                                                                              <li>\n                                              <span class=\"nb\">\n                                                    8                        <\/span>\n                                                                    <span class=\"unit\"><\/span>\n                                                                  <span class=\"ingredient\">oeufs<\/span>\n                    <\/li>\n                                                                                                                              <li>\n                                              <span class=\"nb\">\n                                                    50                        <\/span>\n                                                                    <span class=\"unit\">cl<\/span>\n                                                                  <span class=\"ingredient\">de cr\u00e8me fra\u00eeche<\/span>\n                    <\/li>\n                                                                                                                              <li>\n                                              <span class=\"nb\">\n                                                    250                        <\/span>\n                                                                    <span class=\"unit\">g<\/span>\n                                                                  <span class=\"ingredient\">de fromage r\u00e2p\u00e9<\/span>\n                    <\/li>\n                                                                                                                              <li>\n                                              <span class=\"nb\">\n                                                    500                        <\/span>\n                                                                    <span class=\"unit\">g<\/span>\n                                                                  <span class=\"ingredient\">de tomates cerises<\/span>\n                    <\/li>\n                                                                                                                              <li>\n                                              <span class=\"nb\">\n                                                    2.5                        <\/span>\n                                                                    <span class=\"unit\">c. \u00e0 s.<\/span>\n                                                                  <span class=\"ingredient\">d'huile d'olive<\/span>\n                    <\/li>\n                                                                                                                              <li>\n                                                                    <span class=\"unit\"><\/span>\n                                                                  <span class=\"ingredient\">sel & poivre<\/span>\n                    <\/li>\n                                                                                                                              <li>\n                                                                    <span class=\"unit\"><\/span>\n                                                                  <span class=\"ingredient\">Herbes de Provence<\/span>\n                    <\/li>\n                                                <\/ul>\n            <\/div>\n                  <\/div>\n            <\/div><!-- \/.ingredient-group -->\n    <\/div>\n  <\/div>\n<\/section>\n\n\n\n\n\n<section id=\"block_66c4acdcca05be53541ba2282ad36223\" class=\"block-preparation block-ba position-relative overflow-hidden full-width alignwide\">\n  <div class=\"container\">\n          <div class=\"w-100 title-container pb-4\">\n\n                  <div class=\"c-title-l\">Pr\u00e9paration <\/div>\n    \n      <\/div>\n              <ul class=\"steps\">\n                                        <li class=\"d-flex flex-column\">\n              <span>&Eacute;TAPE 1<\/span>\n              <p data-section-id=\"mcztp7\" data-start=\"1114\" data-end=\"1146\">Pr\u00e9parer le fond de tarte : \u00c9talez votre p\u00e2te bris\u00e9e puis foncez-la dans un <a href=\"https:\/\/www.pradel-france.com\/cercle-a-tarte-perfore-p1681.html\"><strong data-start=\"1195\" data-end=\"1213\">cercle perfor\u00e9<\/strong><\/a> pr\u00e9alablement pos\u00e9 sur une plaque recouverte de papier cuisson. Piquez le fond avec une fourchette.<\/p>\n            <\/li>\n                                                  <li class=\"d-flex flex-column\">\n              <span>&Eacute;TAPE 2<\/span>\n              <p data-section-id=\"7siuev\" data-start=\"1454\" data-end=\"1477\">Pr\u00e9cuire la p\u00e2te : Pr\u00e9chauffez votre four \u00e0 180\u00b0C. Faites pr\u00e9cuire le fond de tarte \u00e0 blanc pendant <strong data-start=\"1559\" data-end=\"1573\">10 minutes<\/strong>.<\/p>\n            <\/li>\n                                                  <li class=\"d-flex flex-column\">\n              <span>&Eacute;TAPE 3<\/span>\n              <p data-start=\"1617\" data-end=\"1635\">Dans un <a href=\"https:\/\/www.pradel-france.com\/lot-de-3-saladiers-avec-couvercles-p722.html\">saladier<\/a> : Battez les \u0153ufs, ajoutez la cr\u00e8me fra\u00eeche, salez et poivrez. M\u00e9langez jusqu\u2019\u00e0 obtenir une pr\u00e9paration homog\u00e8ne.<\/p>\n            <\/li>\n                                                  <li class=\"d-flex flex-column\">\n              <span>&Eacute;TAPE 4<\/span>\n              <p>Garnir la quiche : Versez la pr\u00e9paration de la quiche ainsi que le fromage r\u00e2p\u00e9. Ajoutez les tomates cerises. Parsemez d\u2019herbes et ajoutez un filet d\u2019huile d\u2019olive.<\/p>\n            <\/li>\n                                                  <li class=\"d-flex flex-column\">\n              <span>&Eacute;TAPE 5<\/span>\n              <p data-section-id=\"1emw99f\" data-start=\"1995\" data-end=\"2009\">Cuisson : Enfournez pendant <strong data-start=\"2028\" data-end=\"2055\">30 \u00e0 35 minutes \u00e0 180\u00b0C<\/strong>, jusqu\u2019\u00e0 obtenir une quiche bien dor\u00e9e.<\/p>\n            <\/li>\n                        <\/ul>\n      <\/div>\n<\/section>\n\n","protected":false},"excerpt":{"rendered":"","protected":false},"author":3,"featured_media":6115,"comment_status":"closed","ping_status":"closed","sticky":false,"template":"","format":"standard","meta":{"footnotes":""},"categories":[13,3],"tags":[],"class_list":["post-6114","post","type-post","status-publish","format-standard","has-post-thumbnail","hentry","category-plat","category-recettes","col-12","col-md-6 col-lg-4"],"acf":[],"yoast_head":"<!-- This site is optimized with the Yoast SEO plugin v26.7 - https:\/\/yoast.com\/wordpress\/plugins\/seo\/ -->\n<title>Quiche aux tomates cerises et herbes fra\u00eeches | Recette Pradel France<\/title>\n<meta name=\"description\" content=\"Recette de quiche facile aux tomates cerises et fromage. Obtenez une p\u00e2te croustillante et une cuisson parfaite.\" \/>\n<meta name=\"robots\" content=\"index, follow, max-snippet:-1, max-image-preview:large, max-video-preview:-1\" \/>\n<link rel=\"canonical\" href=\"https:\/\/www.pradel-france.com\/blog\/quiche-aux-tomates-cerises-fromage-et-herbes-fraiches\/\" \/>\n<meta property=\"og:locale\" content=\"fr_FR\" \/>\n<meta property=\"og:type\" content=\"article\" \/>\n<meta property=\"og:title\" content=\"Quiche aux tomates cerises et herbes fra\u00eeches | Recette Pradel France\" \/>\n<meta property=\"og:description\" content=\"Recette de quiche facile aux tomates cerises et fromage. Obtenez une p\u00e2te croustillante et une cuisson parfaite.\" \/>\n<meta property=\"og:url\" content=\"https:\/\/www.pradel-france.com\/blog\/quiche-aux-tomates-cerises-fromage-et-herbes-fraiches\/\" \/>\n<meta property=\"og:site_name\" content=\"Pradel France\" \/>\n<meta property=\"article:publisher\" content=\"https:\/\/www.facebook.com\/pradelfr\/\" \/>\n<meta property=\"article:published_time\" content=\"2026-03-12T13:43:58+00:00\" \/>\n<meta property=\"article:modified_time\" content=\"2026-04-08T12:45:40+00:00\" \/>\n<meta property=\"og:image\" content=\"https:\/\/www.pradel-france.com\/blog\/wp-content\/uploads\/2026\/04\/ChatGPT-Image-3-avr.-2026-12_53_34.png\" \/>\n\t<meta property=\"og:image:width\" content=\"1024\" \/>\n\t<meta property=\"og:image:height\" content=\"1024\" \/>\n\t<meta property=\"og:image:type\" content=\"image\/png\" \/>\n<meta name=\"author\" content=\"Marine Leclercq\" \/>\n<meta name=\"twitter:card\" content=\"summary_large_image\" \/>\n<meta name=\"twitter:label1\" content=\"\u00c9crit par\" \/>\n\t<meta name=\"twitter:data1\" content=\"Marine Leclercq\" \/>\n\t<meta name=\"twitter:label2\" content=\"Dur\u00e9e de lecture estim\u00e9e\" \/>\n\t<meta name=\"twitter:data2\" content=\"1 minute\" \/>\n<script type=\"application\/ld+json\" class=\"yoast-schema-graph\">{\"@context\":\"https:\/\/schema.org\",\"@graph\":[{\"@type\":\"Article\",\"@id\":\"https:\/\/www.pradel-france.com\/blog\/quiche-aux-tomates-cerises-fromage-et-herbes-fraiches\/#article\",\"isPartOf\":{\"@id\":\"https:\/\/www.pradel-france.com\/blog\/quiche-aux-tomates-cerises-fromage-et-herbes-fraiches\/\"},\"author\":{\"name\":\"Marine Leclercq\",\"@id\":\"https:\/\/www.pradel-france.com\/blog\/#\/schema\/person\/9d4906139d09c23f84665eda0714d04d\"},\"headline\":\"Quiche aux tomates cerises, fromage et herbes fra\u00eeches\",\"datePublished\":\"2026-03-12T13:43:58+00:00\",\"dateModified\":\"2026-04-08T12:45:40+00:00\",\"mainEntityOfPage\":{\"@id\":\"https:\/\/www.pradel-france.com\/blog\/quiche-aux-tomates-cerises-fromage-et-herbes-fraiches\/\"},\"wordCount\":9,\"publisher\":{\"@id\":\"https:\/\/www.pradel-france.com\/blog\/#organization\"},\"image\":{\"@id\":\"https:\/\/www.pradel-france.com\/blog\/quiche-aux-tomates-cerises-fromage-et-herbes-fraiches\/#primaryimage\"},\"thumbnailUrl\":\"https:\/\/www.pradel-france.com\/blog\/wp-content\/uploads\/2026\/04\/ChatGPT-Image-3-avr.-2026-12_53_34.png\",\"articleSection\":[\"Plat\",\"Recettes Pradel France\"],\"inLanguage\":\"fr-FR\"},{\"@type\":\"WebPage\",\"@id\":\"https:\/\/www.pradel-france.com\/blog\/quiche-aux-tomates-cerises-fromage-et-herbes-fraiches\/\",\"url\":\"https:\/\/www.pradel-france.com\/blog\/quiche-aux-tomates-cerises-fromage-et-herbes-fraiches\/\",\"name\":\"Quiche aux tomates cerises et herbes fra\u00eeches | Recette Pradel France\",\"isPartOf\":{\"@id\":\"https:\/\/www.pradel-france.com\/blog\/#website\"},\"primaryImageOfPage\":{\"@id\":\"https:\/\/www.pradel-france.com\/blog\/quiche-aux-tomates-cerises-fromage-et-herbes-fraiches\/#primaryimage\"},\"image\":{\"@id\":\"https:\/\/www.pradel-france.com\/blog\/quiche-aux-tomates-cerises-fromage-et-herbes-fraiches\/#primaryimage\"},\"thumbnailUrl\":\"https:\/\/www.pradel-france.com\/blog\/wp-content\/uploads\/2026\/04\/ChatGPT-Image-3-avr.-2026-12_53_34.png\",\"datePublished\":\"2026-03-12T13:43:58+00:00\",\"dateModified\":\"2026-04-08T12:45:40+00:00\",\"description\":\"Recette de quiche facile aux tomates cerises et fromage. Obtenez une p\u00e2te croustillante et une cuisson parfaite.\",\"breadcrumb\":{\"@id\":\"https:\/\/www.pradel-france.com\/blog\/quiche-aux-tomates-cerises-fromage-et-herbes-fraiches\/#breadcrumb\"},\"inLanguage\":\"fr-FR\",\"potentialAction\":[{\"@type\":\"ReadAction\",\"target\":[\"https:\/\/www.pradel-france.com\/blog\/quiche-aux-tomates-cerises-fromage-et-herbes-fraiches\/\"]}]},{\"@type\":\"ImageObject\",\"inLanguage\":\"fr-FR\",\"@id\":\"https:\/\/www.pradel-france.com\/blog\/quiche-aux-tomates-cerises-fromage-et-herbes-fraiches\/#primaryimage\",\"url\":\"https:\/\/www.pradel-france.com\/blog\/wp-content\/uploads\/2026\/04\/ChatGPT-Image-3-avr.-2026-12_53_34.png\",\"contentUrl\":\"https:\/\/www.pradel-france.com\/blog\/wp-content\/uploads\/2026\/04\/ChatGPT-Image-3-avr.-2026-12_53_34.png\",\"width\":1024,\"height\":1024},{\"@type\":\"BreadcrumbList\",\"@id\":\"https:\/\/www.pradel-france.com\/blog\/quiche-aux-tomates-cerises-fromage-et-herbes-fraiches\/#breadcrumb\",\"itemListElement\":[{\"@type\":\"ListItem\",\"position\":1,\"name\":\"Accueil\",\"item\":\"https:\/\/www.pradel-france.com\/blog\/\"},{\"@type\":\"ListItem\",\"position\":2,\"name\":\"Recettes Pradel France\",\"item\":\"https:\/\/www.pradel-france.com\/blog\/category\/recettes\/\"},{\"@type\":\"ListItem\",\"position\":3,\"name\":\"Quiche aux tomates cerises, fromage et herbes fra\u00eeches\"}]},{\"@type\":\"WebSite\",\"@id\":\"https:\/\/www.pradel-france.com\/blog\/#website\",\"url\":\"https:\/\/www.pradel-france.com\/blog\/\",\"name\":\"Pradel France Blog\",\"description\":\"Les recettes et conseils Pradel France\",\"publisher\":{\"@id\":\"https:\/\/www.pradel-france.com\/blog\/#organization\"},\"alternateName\":\"Pradel blog\",\"potentialAction\":[{\"@type\":\"SearchAction\",\"target\":{\"@type\":\"EntryPoint\",\"urlTemplate\":\"https:\/\/www.pradel-france.com\/blog\/?s={search_term_string}\"},\"query-input\":{\"@type\":\"PropertyValueSpecification\",\"valueRequired\":true,\"valueName\":\"search_term_string\"}}],\"inLanguage\":\"fr-FR\"},{\"@type\":\"Organization\",\"@id\":\"https:\/\/www.pradel-france.com\/blog\/#organization\",\"name\":\"Pradel France Blog\",\"alternateName\":\"Pradel blog\",\"url\":\"https:\/\/www.pradel-france.com\/blog\/\",\"logo\":{\"@type\":\"ImageObject\",\"inLanguage\":\"fr-FR\",\"@id\":\"https:\/\/www.pradel-france.com\/blog\/#\/schema\/logo\/image\/\",\"url\":\"https:\/\/www.pradel-france.com\/blog\/wp-content\/uploads\/2023\/04\/pradel-200x200-1.jpg\",\"contentUrl\":\"https:\/\/www.pradel-france.com\/blog\/wp-content\/uploads\/2023\/04\/pradel-200x200-1.jpg\",\"width\":200,\"height\":200,\"caption\":\"Pradel France Blog\"},\"image\":{\"@id\":\"https:\/\/www.pradel-france.com\/blog\/#\/schema\/logo\/image\/\"},\"sameAs\":[\"https:\/\/www.facebook.com\/pradelfr\/\",\"https:\/\/www.instagram.com\/pradel_france\/\",\"https:\/\/www.youtube.com\/@Pradel-France-Homestyle\",\"https:\/\/www.linkedin.com\/company\/pradel-france-homestyle\/\",\"https:\/\/fr.pinterest.com\/pradelfrancehomestyle\/\"]},{\"@type\":\"Person\",\"@id\":\"https:\/\/www.pradel-france.com\/blog\/#\/schema\/person\/9d4906139d09c23f84665eda0714d04d\",\"name\":\"Marine Leclercq\",\"image\":{\"@type\":\"ImageObject\",\"inLanguage\":\"fr-FR\",\"@id\":\"https:\/\/www.pradel-france.com\/blog\/#\/schema\/person\/image\/\",\"url\":\"https:\/\/secure.gravatar.com\/avatar\/e9038faff8aa216af1edf85b0e1aca5abe197683108199ee783d6699f3a9d3fc?s=96&d=mm&r=g\",\"contentUrl\":\"https:\/\/secure.gravatar.com\/avatar\/e9038faff8aa216af1edf85b0e1aca5abe197683108199ee783d6699f3a9d3fc?s=96&d=mm&r=g\",\"caption\":\"Marine Leclercq\"}}]}<\/script>\n<!-- \/ Yoast SEO plugin. -->","yoast_head_json":{"title":"Quiche aux tomates cerises et herbes fra\u00eeches | Recette Pradel France","description":"Recette de quiche facile aux tomates cerises et fromage. Obtenez une p\u00e2te croustillante et une cuisson parfaite.","robots":{"index":"index","follow":"follow","max-snippet":"max-snippet:-1","max-image-preview":"max-image-preview:large","max-video-preview":"max-video-preview:-1"},"canonical":"https:\/\/www.pradel-france.com\/blog\/quiche-aux-tomates-cerises-fromage-et-herbes-fraiches\/","og_locale":"fr_FR","og_type":"article","og_title":"Quiche aux tomates cerises et herbes fra\u00eeches | Recette Pradel France","og_description":"Recette de quiche facile aux tomates cerises et fromage. Obtenez une p\u00e2te croustillante et une cuisson parfaite.","og_url":"https:\/\/www.pradel-france.com\/blog\/quiche-aux-tomates-cerises-fromage-et-herbes-fraiches\/","og_site_name":"Pradel France","article_publisher":"https:\/\/www.facebook.com\/pradelfr\/","article_published_time":"2026-03-12T13:43:58+00:00","article_modified_time":"2026-04-08T12:45:40+00:00","og_image":[{"width":1024,"height":1024,"url":"https:\/\/www.pradel-france.com\/blog\/wp-content\/uploads\/2026\/04\/ChatGPT-Image-3-avr.-2026-12_53_34.png","type":"image\/png"}],"author":"Marine Leclercq","twitter_card":"summary_large_image","twitter_misc":{"\u00c9crit par":"Marine Leclercq","Dur\u00e9e de lecture estim\u00e9e":"1 minute"},"schema":{"@context":"https:\/\/schema.org","@graph":[{"@type":"Article","@id":"https:\/\/www.pradel-france.com\/blog\/quiche-aux-tomates-cerises-fromage-et-herbes-fraiches\/#article","isPartOf":{"@id":"https:\/\/www.pradel-france.com\/blog\/quiche-aux-tomates-cerises-fromage-et-herbes-fraiches\/"},"author":{"name":"Marine Leclercq","@id":"https:\/\/www.pradel-france.com\/blog\/#\/schema\/person\/9d4906139d09c23f84665eda0714d04d"},"headline":"Quiche aux tomates cerises, fromage et herbes fra\u00eeches","datePublished":"2026-03-12T13:43:58+00:00","dateModified":"2026-04-08T12:45:40+00:00","mainEntityOfPage":{"@id":"https:\/\/www.pradel-france.com\/blog\/quiche-aux-tomates-cerises-fromage-et-herbes-fraiches\/"},"wordCount":9,"publisher":{"@id":"https:\/\/www.pradel-france.com\/blog\/#organization"},"image":{"@id":"https:\/\/www.pradel-france.com\/blog\/quiche-aux-tomates-cerises-fromage-et-herbes-fraiches\/#primaryimage"},"thumbnailUrl":"https:\/\/www.pradel-france.com\/blog\/wp-content\/uploads\/2026\/04\/ChatGPT-Image-3-avr.-2026-12_53_34.png","articleSection":["Plat","Recettes Pradel France"],"inLanguage":"fr-FR"},{"@type":"WebPage","@id":"https:\/\/www.pradel-france.com\/blog\/quiche-aux-tomates-cerises-fromage-et-herbes-fraiches\/","url":"https:\/\/www.pradel-france.com\/blog\/quiche-aux-tomates-cerises-fromage-et-herbes-fraiches\/","name":"Quiche aux tomates cerises et herbes fra\u00eeches | Recette Pradel France","isPartOf":{"@id":"https:\/\/www.pradel-france.com\/blog\/#website"},"primaryImageOfPage":{"@id":"https:\/\/www.pradel-france.com\/blog\/quiche-aux-tomates-cerises-fromage-et-herbes-fraiches\/#primaryimage"},"image":{"@id":"https:\/\/www.pradel-france.com\/blog\/quiche-aux-tomates-cerises-fromage-et-herbes-fraiches\/#primaryimage"},"thumbnailUrl":"https:\/\/www.pradel-france.com\/blog\/wp-content\/uploads\/2026\/04\/ChatGPT-Image-3-avr.-2026-12_53_34.png","datePublished":"2026-03-12T13:43:58+00:00","dateModified":"2026-04-08T12:45:40+00:00","description":"Recette de quiche facile aux tomates cerises et fromage. Obtenez une p\u00e2te croustillante et une cuisson parfaite.","breadcrumb":{"@id":"https:\/\/www.pradel-france.com\/blog\/quiche-aux-tomates-cerises-fromage-et-herbes-fraiches\/#breadcrumb"},"inLanguage":"fr-FR","potentialAction":[{"@type":"ReadAction","target":["https:\/\/www.pradel-france.com\/blog\/quiche-aux-tomates-cerises-fromage-et-herbes-fraiches\/"]}]},{"@type":"ImageObject","inLanguage":"fr-FR","@id":"https:\/\/www.pradel-france.com\/blog\/quiche-aux-tomates-cerises-fromage-et-herbes-fraiches\/#primaryimage","url":"https:\/\/www.pradel-france.com\/blog\/wp-content\/uploads\/2026\/04\/ChatGPT-Image-3-avr.-2026-12_53_34.png","contentUrl":"https:\/\/www.pradel-france.com\/blog\/wp-content\/uploads\/2026\/04\/ChatGPT-Image-3-avr.-2026-12_53_34.png","width":1024,"height":1024},{"@type":"BreadcrumbList","@id":"https:\/\/www.pradel-france.com\/blog\/quiche-aux-tomates-cerises-fromage-et-herbes-fraiches\/#breadcrumb","itemListElement":[{"@type":"ListItem","position":1,"name":"Accueil","item":"https:\/\/www.pradel-france.com\/blog\/"},{"@type":"ListItem","position":2,"name":"Recettes Pradel France","item":"https:\/\/www.pradel-france.com\/blog\/category\/recettes\/"},{"@type":"ListItem","position":3,"name":"Quiche aux tomates cerises, fromage et herbes fra\u00eeches"}]},{"@type":"WebSite","@id":"https:\/\/www.pradel-france.com\/blog\/#website","url":"https:\/\/www.pradel-france.com\/blog\/","name":"Pradel France Blog","description":"Les recettes et conseils Pradel France","publisher":{"@id":"https:\/\/www.pradel-france.com\/blog\/#organization"},"alternateName":"Pradel blog","potentialAction":[{"@type":"SearchAction","target":{"@type":"EntryPoint","urlTemplate":"https:\/\/www.pradel-france.com\/blog\/?s={search_term_string}"},"query-input":{"@type":"PropertyValueSpecification","valueRequired":true,"valueName":"search_term_string"}}],"inLanguage":"fr-FR"},{"@type":"Organization","@id":"https:\/\/www.pradel-france.com\/blog\/#organization","name":"Pradel France Blog","alternateName":"Pradel blog","url":"https:\/\/www.pradel-france.com\/blog\/","logo":{"@type":"ImageObject","inLanguage":"fr-FR","@id":"https:\/\/www.pradel-france.com\/blog\/#\/schema\/logo\/image\/","url":"https:\/\/www.pradel-france.com\/blog\/wp-content\/uploads\/2023\/04\/pradel-200x200-1.jpg","contentUrl":"https:\/\/www.pradel-france.com\/blog\/wp-content\/uploads\/2023\/04\/pradel-200x200-1.jpg","width":200,"height":200,"caption":"Pradel France Blog"},"image":{"@id":"https:\/\/www.pradel-france.com\/blog\/#\/schema\/logo\/image\/"},"sameAs":["https:\/\/www.facebook.com\/pradelfr\/","https:\/\/www.instagram.com\/pradel_france\/","https:\/\/www.youtube.com\/@Pradel-France-Homestyle","https:\/\/www.linkedin.com\/company\/pradel-france-homestyle\/","https:\/\/fr.pinterest.com\/pradelfrancehomestyle\/"]},{"@type":"Person","@id":"https:\/\/www.pradel-france.com\/blog\/#\/schema\/person\/9d4906139d09c23f84665eda0714d04d","name":"Marine Leclercq","image":{"@type":"ImageObject","inLanguage":"fr-FR","@id":"https:\/\/www.pradel-france.com\/blog\/#\/schema\/person\/image\/","url":"https:\/\/secure.gravatar.com\/avatar\/e9038faff8aa216af1edf85b0e1aca5abe197683108199ee783d6699f3a9d3fc?s=96&d=mm&r=g","contentUrl":"https:\/\/secure.gravatar.com\/avatar\/e9038faff8aa216af1edf85b0e1aca5abe197683108199ee783d6699f3a9d3fc?s=96&d=mm&r=g","caption":"Marine Leclercq"}}]}},"thumb":"https:\/\/www.pradel-france.com\/blog\/wp-content\/uploads\/2026\/04\/ChatGPT-Image-3-avr.-2026-12_53_34-350x250.png","category":"Plat","description":"Envie d\u2019une recette simple, gourmande et rapide \u00e0 pr\u00e9parer ? Cette quiche aux tomates cerises et fromage est un incontournable\u2026","_links":{"self":[{"href":"https:\/\/www.pradel-france.com\/blog\/wp-json\/wp\/v2\/posts\/6114","targetHints":{"allow":["GET"]}}],"collection":[{"href":"https:\/\/www.pradel-france.com\/blog\/wp-json\/wp\/v2\/posts"}],"about":[{"href":"https:\/\/www.pradel-france.com\/blog\/wp-json\/wp\/v2\/types\/post"}],"author":[{"embeddable":true,"href":"https:\/\/www.pradel-france.com\/blog\/wp-json\/wp\/v2\/users\/3"}],"replies":[{"embeddable":true,"href":"https:\/\/www.pradel-france.com\/blog\/wp-json\/wp\/v2\/comments?post=6114"}],"version-history":[{"count":4,"href":"https:\/\/www.pradel-france.com\/blog\/wp-json\/wp\/v2\/posts\/6114\/revisions"}],"predecessor-version":[{"id":6119,"href":"https:\/\/www.pradel-france.com\/blog\/wp-json\/wp\/v2\/posts\/6114\/revisions\/6119"}],"wp:featuredmedia":[{"embeddable":true,"href":"https:\/\/www.pradel-france.com\/blog\/wp-json\/wp\/v2\/media\/6115"}],"wp:attachment":[{"href":"https:\/\/www.pradel-france.com\/blog\/wp-json\/wp\/v2\/media?parent=6114"}],"wp:term":[{"taxonomy":"category","embeddable":true,"href":"https:\/\/www.pradel-france.com\/blog\/wp-json\/wp\/v2\/categories?post=6114"},{"taxonomy":"post_tag","embeddable":true,"href":"https:\/\/www.pradel-france.com\/blog\/wp-json\/wp\/v2\/tags?post=6114"}],"curies":[{"name":"wp","href":"https:\/\/api.w.org\/{rel}","templated":true}]}}