{"id":6164,"date":"2026-04-27T08:00:00","date_gmt":"2026-04-27T06:00:00","guid":{"rendered":"https:\/\/www.pradel-france.com\/blog\/?p=6164"},"modified":"2026-04-23T17:33:18","modified_gmt":"2026-04-23T15:33:18","slug":"cadeaux-cuisine-pour-la-fete-des-meres-et-la-fete-des-peres","status":"publish","type":"post","link":"https:\/\/www.pradel-france.com\/blog\/cadeaux-cuisine-pour-la-fete-des-meres-et-la-fete-des-peres\/","title":{"rendered":"Cadeaux cuisine pour la f\u00eate des m\u00e8res et la f\u00eate des p\u00e8res"},"content":{"rendered":"\n<p><\/p>\n\n\n\n<h2 class=\"wp-block-heading\"><\/h2>\n\n\n\n<h2 class=\"wp-block-heading\"><\/h2>\n\n\n\n\n    <div class=\"full-width bgcolor noprint\">\n      <section class=\"block-duo alt   boxed \">\n        <div class=\"container\">\n          <div class=\"row\">\n                          <div class=\"col-12 col-lg-4 col-img px-0 pl-lg-0 pr-lg-2\">\n                <div class=\"picture-wrapper h-100 w-100\">\n                  <div class=\"pic bcover h-100 w-100\" style=\"background-image:url(https:\/\/www.pradel-france.com\/blog\/wp-content\/uploads\/2026\/04\/ChatGPT-Image-23-avr.-2026-16_57_14-1024x568.png);min-height:450px;\"><\/div>\n                <\/div>\n              <\/div>\n                        <div class=\"col-12 col-lg-8 col-content d-flex my-auto px-0 pr-lg-4\" style=\"order:-1;\">\n              <div class=\"d-flex flex-column inner-content\">\n                                                  <div class=\"content nerf-last-p\">\n                    <p data-start=\"256\" data-end=\"882\">La <strong data-start=\"214\" data-end=\"232\">F\u00eate des M\u00e8res<\/strong> et la <strong data-start=\"239\" data-end=\"257\">F\u00eate des P\u00e8res<\/strong> sont des moments privil\u00e9gi\u00e9s pour t\u00e9moigner son affection avec une attention particuli\u00e8re. Chaque ann\u00e9e, la m\u00eame question revient : quel cadeau choisir pour faire vraiment plaisir ? Les <strong data-start=\"477\" data-end=\"509\">cadeaux autour de la cuisine<\/strong> s\u2019imposent comme une solution id\u00e9ale. \u00c0 la fois utiles, durables et porteurs d\u2019\u00e9motions, ils accompagnent les instants du quotidien et renforcent les moments de partage. Offrir un produit de cuisine, c\u2019est offrir bien plus qu\u2019un objet : c\u2019est proposer une exp\u00e9rience, une passion et de futurs souvenirs gourmands.<\/p>\n<h2 data-section-id=\"xpr2hn\" data-start=\"830\" data-end=\"884\"><\/h2>\n                  <\/div>\n                                              <\/div>\n            <\/div>\n          <\/div>\n        <\/div>\n      <\/section>\n    <\/div>\n\n\n\n\n\n    <div class=\"full-width bgcolor noprint\">\n      <section class=\"block-duo   boxed \">\n        <div class=\"container\">\n          <div class=\"row\">\n                          <div class=\"col-12 col-lg-4 col-img px-0 pl-lg-0 pr-lg-2\">\n                <div class=\"picture-wrapper h-100 w-100\">\n                  <div class=\"pic bcover h-100 w-100\" style=\"background-image:url(https:\/\/www.pradel-france.com\/blog\/wp-content\/uploads\/2026\/04\/Firefly_Gemini-Flash_Photo-lifestyle-tres-naturelle-dans-une-cuisine-moderne-et-lumineuse-style-reportage-540734-1024x506.png);min-height:450px;\"><\/div>\n                <\/div>\n              <\/div>\n                        <div class=\"col-12 col-lg-8 col-content d-flex my-auto px-0 pl-lg-4\">\n              <div class=\"d-flex flex-column inner-content\">\n                          <h2 class=\"c-title-l\">Pourquoi choisir un cadeau cuisine pour la F\u00eate des M\u00e8res et des P\u00e8res ?<\/h2>\n                                      <div class=\"content nerf-last-p\">\n                    <p data-start=\"912\" data-end=\"1333\">Opter pour un <strong data-start=\"926\" data-end=\"959\">cadeau cuisine F\u00eate des M\u00e8res<\/strong> ou un <strong data-start=\"966\" data-end=\"1000\">cadeau F\u00eate des P\u00e8res original<\/strong> est une excellente mani\u00e8re de combiner plaisir et utilit\u00e9. Contrairement aux cadeaux \u00e9ph\u00e9m\u00e8res, les accessoires de cuisine s\u2019inscrivent dans la dur\u00e9e et deviennent rapidement indispensables au quotidien. Ils permettent de cr\u00e9er, de tester de nouvelles recettes et surtout de partager des moments conviviaux en famille ou entre amis.<\/p>\n<p data-start=\"1335\" data-end=\"1825\">Aujourd\u2019hui, la cuisine occupe une place centrale dans nos vies. Elle est synonyme de cr\u00e9ativit\u00e9, de bien-\u00eatre et de transmission. Offrir un <strong data-start=\"1476\" data-end=\"1511\">ustensile de cuisine de qualit\u00e9<\/strong> revient donc \u00e0 encourager cette passion. Que votre proche soit amateur ou fin gourmet, il appr\u00e9ciera un cadeau qui lui permettra de gagner en confort et en pr\u00e9cision dans ses pr\u00e9parations. C\u2019est aussi une mani\u00e8re de valoriser son savoir-faire et de lui donner envie de se lancer dans de nouveaux d\u00e9fis culinaires.<\/p>\n                  <\/div>\n                                              <\/div>\n            <\/div>\n          <\/div>\n        <\/div>\n      <\/section>\n    <\/div>\n\n\n\n\n\n    <div class=\"full-width bgcolor noprint\">\n      <section class=\"block-duo alt   boxed \">\n        <div class=\"container\">\n          <div class=\"row\">\n                          <div class=\"col-12 col-lg-4 col-img px-0 pl-lg-0 pr-lg-2\">\n                <div class=\"picture-wrapper h-100 w-100\">\n                  <div class=\"pic bcover h-100 w-100\" style=\"background-image:url(https:\/\/www.pradel-france.com\/blog\/wp-content\/uploads\/2025\/04\/AdobeStock_1110292480-1024x447.jpeg);min-height:450px;\"><\/div>\n                <\/div>\n              <\/div>\n                        <div class=\"col-12 col-lg-8 col-content d-flex my-auto px-0 pr-lg-4\" style=\"order:-1;\">\n              <div class=\"d-flex flex-column inner-content\">\n                          <h2 class=\"c-title-l\">Des id\u00e9es cadeaux adapt\u00e9es \u00e0 tous les profils de cuisiniers<\/h2>\n                                      <div class=\"content nerf-last-p\">\n                    <p data-start=\"1901\" data-end=\"2351\">Pour r\u00e9ussir son choix, il est important de prendre en compte les habitudes et les envies de la personne \u00e0 qui vous souhaitez offrir un cadeau. Les amateurs de cuisine rapide privil\u00e9gieront des produits pratiques, tandis que les passionn\u00e9s de gastronomie seront sensibles \u00e0 des produits plus techniques et performants. Miser sur une <strong data-start=\"2256\" data-end=\"2289\">id\u00e9e cadeau cuisine originale<\/strong> permet de surprendre tout en r\u00e9pondant \u00e0 un v\u00e9ritable besoin.<\/p>\n<p data-start=\"2353\" data-end=\"2828\">Les adeptes de p\u00e2tisserie, par exemple, appr\u00e9cieront des <a href=\"https:\/\/www.pradel-france.com\/241-moules\">moules de qualit\u00e9<\/a> ou des ustensiles d\u00e9di\u00e9s \u00e0 la pr\u00e9cision. Les amateurs de cuisine du quotidien, quant \u00e0 eux, seront ravis de recevoir des produits facilitant la pr\u00e9paration des repas. L\u2019objectif est de trouver un \u00e9quilibre entre esth\u00e9tique, ergonomie et durabilit\u00e9. Un <strong data-start=\"2680\" data-end=\"2704\">cadeau utile cuisine<\/strong> est un cadeau qui sera utilis\u00e9 r\u00e9guli\u00e8rement et qui rappellera, \u00e0 chaque utilisation, l\u2019attention port\u00e9e lors de son choix.<\/p>\n                  <\/div>\n                                              <\/div>\n            <\/div>\n          <\/div>\n        <\/div>\n      <\/section>\n    <\/div>\n\n\n\n\n\n    <div class=\"full-width bgcolor noprint\">\n      <section class=\"block-duo   boxed \">\n        <div class=\"container\">\n          <div class=\"row\">\n                          <div class=\"col-12 col-lg-4 col-img px-0 pl-lg-0 pr-lg-2\">\n                <div class=\"picture-wrapper h-100 w-100\">\n                  <div class=\"pic bcover h-100 w-100\" style=\"background-image:url(https:\/\/www.pradel-france.com\/blog\/wp-content\/uploads\/2026\/04\/Firefly_Gemini-Flash_Scene-realiste-dans-une-cuisine-moderne-et-haut-de-gamme.-_Un-homme-denviron-35-50-a-540734-1-1024x765.png);min-height:450px;\"><\/div>\n                <\/div>\n              <\/div>\n                        <div class=\"col-12 col-lg-8 col-content d-flex my-auto px-0 pl-lg-4\">\n              <div class=\"d-flex flex-column inner-content\">\n                          <h2 class=\"c-title-l\">Les couteaux de cuisine : un incontournable \u00e0 offrir<\/h2>\n                                      <div class=\"content nerf-last-p\">\n                    <p data-start=\"2897\" data-end=\"3316\">Parmi les valeurs s\u00fbres, les <strong data-start=\"2926\" data-end=\"2949\">couteaux de cuisine<\/strong> occupent une place de choix. Indispensables dans toutes les cuisines, ils repr\u00e9sentent un excellent <strong data-start=\"3050\" data-end=\"3083\">cadeau F\u00eate des P\u00e8res cuisine<\/strong> mais aussi une tr\u00e8s belle id\u00e9e pour la <strong data-start=\"3123\" data-end=\"3141\">F\u00eate des M\u00e8res<\/strong>. Un bon couteau permet de d\u00e9couper avec pr\u00e9cision, de gagner du temps et d\u2019am\u00e9liorer la qualit\u00e9 des pr\u00e9parations. C\u2019est un outil essentiel pour tous ceux qui aiment cuisiner.<\/p>\n<p data-start=\"3318\" data-end=\"3823\">Offrir un <strong data-start=\"3328\" data-end=\"3366\">couteau de qualit\u00e9 professionnelle<\/strong> ou un coffret complet est un choix judicieux et durable. Ce type de cadeau allie \u00e9l\u00e9gance, performance et long\u00e9vit\u00e9. Il s\u2019adresse aussi bien aux d\u00e9butants qu\u2019aux cuisiniers exp\u00e9riment\u00e9s. En choisissant des mat\u00e9riaux r\u00e9sistants et un design soign\u00e9, vous \u00eates certain de faire plaisir avec un objet qui traversera les ann\u00e9es. Les couteaux incarnent parfaitement l\u2019id\u00e9e d\u2019un <strong data-start=\"3739\" data-end=\"3766\">cadeau utile et durable<\/strong>, tout en valorisant le plaisir de cuisiner au quotidien.<\/p>\n                  <\/div>\n                                              <\/div>\n            <\/div>\n          <\/div>\n        <\/div>\n      <\/section>\n    <\/div>\n\n\n\n\n\n    <div class=\"full-width bgcolor noprint\">\n      <section class=\"block-duo alt   boxed \">\n        <div class=\"container\">\n          <div class=\"row\">\n                          <div class=\"col-12 col-lg-4 col-img px-0 pl-lg-0 pr-lg-2\">\n                <div class=\"picture-wrapper h-100 w-100\">\n                  <div class=\"pic bcover h-100 w-100\" style=\"background-image:url(https:\/\/www.pradel-france.com\/blog\/wp-content\/uploads\/2026\/04\/Firefly_Photographie-culinaire-realiste-dun-waterzoi-de-poisson-cabillaud-ou-saumon-avec-l-579026-1024x687.png);min-height:450px;\"><\/div>\n                <\/div>\n              <\/div>\n                        <div class=\"col-12 col-lg-8 col-content d-flex my-auto px-0 pr-lg-4\" style=\"order:-1;\">\n              <div class=\"d-flex flex-column inner-content\">\n                          <h2 class=\"c-title-l\">Des id\u00e9es de recettes pour sublimer la f\u00eate des M\u00e8res et des P\u00e8res<\/h2>\n                                      <div class=\"content nerf-last-p\">\n                    <p data-start=\"57\" data-end=\"531\">Pour la f\u00eate des M\u00e8res comme pour la f\u00eate des P\u00e8res, rien de tel que de partager un moment gourmand en famille autour de recettes faites maison. Que ce soit un dessert simple et r\u00e9confortant, un plat convivial ou une pr\u00e9paration plus cr\u00e9ative, cuisiner pour ses proches est une belle fa\u00e7on de c\u00e9l\u00e9brer ces occasions sp\u00e9ciales. Pour vous inspirer, nous vous invitons \u00e0 d\u00e9couvrir toutes nos recettes et \u00e0 trouver l\u2019id\u00e9e parfaite pour surprendre et faire plaisir \u00e0 vos parents.<\/p>\n<p data-start=\"533\" data-end=\"597\">\u00a0<a href=\"https:\/\/www.pradel-france.com\/blog\/category\/recettes\/\">D\u00e9couvrez toutes nos recettes ici : Je d\u00e9couvre<\/a><\/p>\n                  <\/div>\n                                              <\/div>\n            <\/div>\n          <\/div>\n        <\/div>\n      <\/section>\n    <\/div>\n\n\n\n\n<p><\/p>\n\n\n\n<p><\/p>\n\n\n\n<p><\/p>\n","protected":false},"excerpt":{"rendered":"","protected":false},"author":3,"featured_media":6264,"comment_status":"closed","ping_status":"closed","sticky":false,"template":"","format":"standard","meta":{"footnotes":""},"categories":[21,4],"tags":[],"class_list":["post-6164","post","type-post","status-publish","format-standard","has-post-thumbnail","hentry","category-actualite","category-conseils","col-12","col-md-6 col-lg-4"],"acf":[],"yoast_head":"<!-- This site is optimized with the Yoast SEO plugin v26.7 - https:\/\/yoast.com\/wordpress\/plugins\/seo\/ -->\n<title>Cadeaux cuisine pour la F\u00eate des M\u00e8res et la F\u00eate des P\u00e8res<\/title>\n<meta name=\"description\" content=\"Trouvez le cadeau id\u00e9al pour la F\u00eate des M\u00e8res et la F\u00eate des P\u00e8res avec Pradel France : couteaux, ustensiles et id\u00e9es cuisine originales.\" \/>\n<meta name=\"robots\" content=\"index, follow, max-snippet:-1, max-image-preview:large, max-video-preview:-1\" \/>\n<link rel=\"canonical\" href=\"https:\/\/www.pradel-france.com\/blog\/cadeaux-cuisine-pour-la-fete-des-meres-et-la-fete-des-peres\/\" \/>\n<meta property=\"og:locale\" content=\"fr_FR\" \/>\n<meta property=\"og:type\" content=\"article\" \/>\n<meta property=\"og:title\" content=\"Cadeaux cuisine pour la F\u00eate des M\u00e8res et la F\u00eate des P\u00e8res\" \/>\n<meta property=\"og:description\" content=\"Trouvez le cadeau id\u00e9al pour la F\u00eate des M\u00e8res et la F\u00eate des P\u00e8res avec Pradel France : couteaux, ustensiles et id\u00e9es cuisine originales.\" \/>\n<meta property=\"og:url\" content=\"https:\/\/www.pradel-france.com\/blog\/cadeaux-cuisine-pour-la-fete-des-meres-et-la-fete-des-peres\/\" \/>\n<meta property=\"og:site_name\" content=\"Pradel France\" \/>\n<meta property=\"article:publisher\" content=\"https:\/\/www.facebook.com\/pradelfr\/\" \/>\n<meta property=\"article:published_time\" content=\"2026-04-27T06:00:00+00:00\" \/>\n<meta property=\"og:image\" content=\"https:\/\/www.pradel-france.com\/blog\/wp-content\/uploads\/2026\/04\/Firefly_Gemini-Flash_Scene-chaleureuse-et-lumineuse-dans-une-cuisine-moderne-et-conviviale.-_Un-parent-me-530485-2-1-933x1024.png\" \/>\n\t<meta property=\"og:image:width\" content=\"933\" \/>\n\t<meta property=\"og:image:height\" content=\"1024\" \/>\n\t<meta property=\"og:image:type\" content=\"image\/png\" \/>\n<meta name=\"author\" content=\"Marine Leclercq\" \/>\n<meta name=\"twitter:card\" content=\"summary_large_image\" \/>\n<meta name=\"twitter:label1\" content=\"\u00c9crit par\" \/>\n\t<meta name=\"twitter:data1\" content=\"Marine Leclercq\" \/>\n\t<meta name=\"twitter:label2\" content=\"Dur\u00e9e de lecture estim\u00e9e\" \/>\n\t<meta name=\"twitter:data2\" content=\"1 minute\" \/>\n<script type=\"application\/ld+json\" class=\"yoast-schema-graph\">{\"@context\":\"https:\/\/schema.org\",\"@graph\":[{\"@type\":\"Article\",\"@id\":\"https:\/\/www.pradel-france.com\/blog\/cadeaux-cuisine-pour-la-fete-des-meres-et-la-fete-des-peres\/#article\",\"isPartOf\":{\"@id\":\"https:\/\/www.pradel-france.com\/blog\/cadeaux-cuisine-pour-la-fete-des-meres-et-la-fete-des-peres\/\"},\"author\":{\"name\":\"Marine Leclercq\",\"@id\":\"https:\/\/www.pradel-france.com\/blog\/#\/schema\/person\/9d4906139d09c23f84665eda0714d04d\"},\"headline\":\"Cadeaux cuisine pour la f\u00eate des m\u00e8res et la f\u00eate des p\u00e8res\",\"datePublished\":\"2026-04-27T06:00:00+00:00\",\"mainEntityOfPage\":{\"@id\":\"https:\/\/www.pradel-france.com\/blog\/cadeaux-cuisine-pour-la-fete-des-meres-et-la-fete-des-peres\/\"},\"wordCount\":16,\"publisher\":{\"@id\":\"https:\/\/www.pradel-france.com\/blog\/#organization\"},\"image\":{\"@id\":\"https:\/\/www.pradel-france.com\/blog\/cadeaux-cuisine-pour-la-fete-des-meres-et-la-fete-des-peres\/#primaryimage\"},\"thumbnailUrl\":\"https:\/\/www.pradel-france.com\/blog\/wp-content\/uploads\/2026\/04\/Firefly_Gemini-Flash_Scene-chaleureuse-et-lumineuse-dans-une-cuisine-moderne-et-conviviale.-_Un-parent-me-530485-2-1.png\",\"articleSection\":[\"Actualit\u00e9\",\"Conseils Pradel Fance\"],\"inLanguage\":\"fr-FR\"},{\"@type\":\"WebPage\",\"@id\":\"https:\/\/www.pradel-france.com\/blog\/cadeaux-cuisine-pour-la-fete-des-meres-et-la-fete-des-peres\/\",\"url\":\"https:\/\/www.pradel-france.com\/blog\/cadeaux-cuisine-pour-la-fete-des-meres-et-la-fete-des-peres\/\",\"name\":\"Cadeaux cuisine pour la F\u00eate des M\u00e8res et la F\u00eate des P\u00e8res\",\"isPartOf\":{\"@id\":\"https:\/\/www.pradel-france.com\/blog\/#website\"},\"primaryImageOfPage\":{\"@id\":\"https:\/\/www.pradel-france.com\/blog\/cadeaux-cuisine-pour-la-fete-des-meres-et-la-fete-des-peres\/#primaryimage\"},\"image\":{\"@id\":\"https:\/\/www.pradel-france.com\/blog\/cadeaux-cuisine-pour-la-fete-des-meres-et-la-fete-des-peres\/#primaryimage\"},\"thumbnailUrl\":\"https:\/\/www.pradel-france.com\/blog\/wp-content\/uploads\/2026\/04\/Firefly_Gemini-Flash_Scene-chaleureuse-et-lumineuse-dans-une-cuisine-moderne-et-conviviale.-_Un-parent-me-530485-2-1.png\",\"datePublished\":\"2026-04-27T06:00:00+00:00\",\"description\":\"Trouvez le cadeau id\u00e9al pour la F\u00eate des M\u00e8res et la F\u00eate des P\u00e8res avec Pradel France : couteaux, ustensiles et id\u00e9es cuisine originales.\",\"breadcrumb\":{\"@id\":\"https:\/\/www.pradel-france.com\/blog\/cadeaux-cuisine-pour-la-fete-des-meres-et-la-fete-des-peres\/#breadcrumb\"},\"inLanguage\":\"fr-FR\",\"potentialAction\":[{\"@type\":\"ReadAction\",\"target\":[\"https:\/\/www.pradel-france.com\/blog\/cadeaux-cuisine-pour-la-fete-des-meres-et-la-fete-des-peres\/\"]}]},{\"@type\":\"ImageObject\",\"inLanguage\":\"fr-FR\",\"@id\":\"https:\/\/www.pradel-france.com\/blog\/cadeaux-cuisine-pour-la-fete-des-meres-et-la-fete-des-peres\/#primaryimage\",\"url\":\"https:\/\/www.pradel-france.com\/blog\/wp-content\/uploads\/2026\/04\/Firefly_Gemini-Flash_Scene-chaleureuse-et-lumineuse-dans-une-cuisine-moderne-et-conviviale.-_Un-parent-me-530485-2-1.png\",\"contentUrl\":\"https:\/\/www.pradel-france.com\/blog\/wp-content\/uploads\/2026\/04\/Firefly_Gemini-Flash_Scene-chaleureuse-et-lumineuse-dans-une-cuisine-moderne-et-conviviale.-_Un-parent-me-530485-2-1.png\",\"width\":1792,\"height\":1967},{\"@type\":\"BreadcrumbList\",\"@id\":\"https:\/\/www.pradel-france.com\/blog\/cadeaux-cuisine-pour-la-fete-des-meres-et-la-fete-des-peres\/#breadcrumb\",\"itemListElement\":[{\"@type\":\"ListItem\",\"position\":1,\"name\":\"Accueil\",\"item\":\"https:\/\/www.pradel-france.com\/blog\/\"},{\"@type\":\"ListItem\",\"position\":2,\"name\":\"Conseils Pradel Fance\",\"item\":\"https:\/\/www.pradel-france.com\/blog\/category\/conseils\/\"},{\"@type\":\"ListItem\",\"position\":3,\"name\":\"Cadeaux cuisine pour la f\u00eate des m\u00e8res et la f\u00eate des p\u00e8res\"}]},{\"@type\":\"WebSite\",\"@id\":\"https:\/\/www.pradel-france.com\/blog\/#website\",\"url\":\"https:\/\/www.pradel-france.com\/blog\/\",\"name\":\"Pradel France Blog\",\"description\":\"Les recettes et conseils Pradel France\",\"publisher\":{\"@id\":\"https:\/\/www.pradel-france.com\/blog\/#organization\"},\"alternateName\":\"Pradel blog\",\"potentialAction\":[{\"@type\":\"SearchAction\",\"target\":{\"@type\":\"EntryPoint\",\"urlTemplate\":\"https:\/\/www.pradel-france.com\/blog\/?s={search_term_string}\"},\"query-input\":{\"@type\":\"PropertyValueSpecification\",\"valueRequired\":true,\"valueName\":\"search_term_string\"}}],\"inLanguage\":\"fr-FR\"},{\"@type\":\"Organization\",\"@id\":\"https:\/\/www.pradel-france.com\/blog\/#organization\",\"name\":\"Pradel France Blog\",\"alternateName\":\"Pradel blog\",\"url\":\"https:\/\/www.pradel-france.com\/blog\/\",\"logo\":{\"@type\":\"ImageObject\",\"inLanguage\":\"fr-FR\",\"@id\":\"https:\/\/www.pradel-france.com\/blog\/#\/schema\/logo\/image\/\",\"url\":\"https:\/\/www.pradel-france.com\/blog\/wp-content\/uploads\/2023\/04\/pradel-200x200-1.jpg\",\"contentUrl\":\"https:\/\/www.pradel-france.com\/blog\/wp-content\/uploads\/2023\/04\/pradel-200x200-1.jpg\",\"width\":200,\"height\":200,\"caption\":\"Pradel France Blog\"},\"image\":{\"@id\":\"https:\/\/www.pradel-france.com\/blog\/#\/schema\/logo\/image\/\"},\"sameAs\":[\"https:\/\/www.facebook.com\/pradelfr\/\",\"https:\/\/www.instagram.com\/pradel_france\/\",\"https:\/\/www.youtube.com\/@Pradel-France-Homestyle\",\"https:\/\/www.linkedin.com\/company\/pradel-france-homestyle\/\",\"https:\/\/fr.pinterest.com\/pradelfrancehomestyle\/\"]},{\"@type\":\"Person\",\"@id\":\"https:\/\/www.pradel-france.com\/blog\/#\/schema\/person\/9d4906139d09c23f84665eda0714d04d\",\"name\":\"Marine Leclercq\",\"image\":{\"@type\":\"ImageObject\",\"inLanguage\":\"fr-FR\",\"@id\":\"https:\/\/www.pradel-france.com\/blog\/#\/schema\/person\/image\/\",\"url\":\"https:\/\/secure.gravatar.com\/avatar\/e9038faff8aa216af1edf85b0e1aca5abe197683108199ee783d6699f3a9d3fc?s=96&d=mm&r=g\",\"contentUrl\":\"https:\/\/secure.gravatar.com\/avatar\/e9038faff8aa216af1edf85b0e1aca5abe197683108199ee783d6699f3a9d3fc?s=96&d=mm&r=g\",\"caption\":\"Marine Leclercq\"}}]}<\/script>\n<!-- \/ Yoast SEO plugin. -->","yoast_head_json":{"title":"Cadeaux cuisine pour la F\u00eate des M\u00e8res et la F\u00eate des P\u00e8res","description":"Trouvez le cadeau id\u00e9al pour la F\u00eate des M\u00e8res et la F\u00eate des P\u00e8res avec Pradel France : couteaux, ustensiles et id\u00e9es cuisine originales.","robots":{"index":"index","follow":"follow","max-snippet":"max-snippet:-1","max-image-preview":"max-image-preview:large","max-video-preview":"max-video-preview:-1"},"canonical":"https:\/\/www.pradel-france.com\/blog\/cadeaux-cuisine-pour-la-fete-des-meres-et-la-fete-des-peres\/","og_locale":"fr_FR","og_type":"article","og_title":"Cadeaux cuisine pour la F\u00eate des M\u00e8res et la F\u00eate des P\u00e8res","og_description":"Trouvez le cadeau id\u00e9al pour la F\u00eate des M\u00e8res et la F\u00eate des P\u00e8res avec Pradel France : couteaux, ustensiles et id\u00e9es cuisine originales.","og_url":"https:\/\/www.pradel-france.com\/blog\/cadeaux-cuisine-pour-la-fete-des-meres-et-la-fete-des-peres\/","og_site_name":"Pradel France","article_publisher":"https:\/\/www.facebook.com\/pradelfr\/","article_published_time":"2026-04-27T06:00:00+00:00","og_image":[{"width":933,"height":1024,"url":"https:\/\/www.pradel-france.com\/blog\/wp-content\/uploads\/2026\/04\/Firefly_Gemini-Flash_Scene-chaleureuse-et-lumineuse-dans-une-cuisine-moderne-et-conviviale.-_Un-parent-me-530485-2-1-933x1024.png","type":"image\/png"}],"author":"Marine Leclercq","twitter_card":"summary_large_image","twitter_misc":{"\u00c9crit par":"Marine Leclercq","Dur\u00e9e de lecture estim\u00e9e":"1 minute"},"schema":{"@context":"https:\/\/schema.org","@graph":[{"@type":"Article","@id":"https:\/\/www.pradel-france.com\/blog\/cadeaux-cuisine-pour-la-fete-des-meres-et-la-fete-des-peres\/#article","isPartOf":{"@id":"https:\/\/www.pradel-france.com\/blog\/cadeaux-cuisine-pour-la-fete-des-meres-et-la-fete-des-peres\/"},"author":{"name":"Marine Leclercq","@id":"https:\/\/www.pradel-france.com\/blog\/#\/schema\/person\/9d4906139d09c23f84665eda0714d04d"},"headline":"Cadeaux cuisine pour la f\u00eate des m\u00e8res et la f\u00eate des p\u00e8res","datePublished":"2026-04-27T06:00:00+00:00","mainEntityOfPage":{"@id":"https:\/\/www.pradel-france.com\/blog\/cadeaux-cuisine-pour-la-fete-des-meres-et-la-fete-des-peres\/"},"wordCount":16,"publisher":{"@id":"https:\/\/www.pradel-france.com\/blog\/#organization"},"image":{"@id":"https:\/\/www.pradel-france.com\/blog\/cadeaux-cuisine-pour-la-fete-des-meres-et-la-fete-des-peres\/#primaryimage"},"thumbnailUrl":"https:\/\/www.pradel-france.com\/blog\/wp-content\/uploads\/2026\/04\/Firefly_Gemini-Flash_Scene-chaleureuse-et-lumineuse-dans-une-cuisine-moderne-et-conviviale.-_Un-parent-me-530485-2-1.png","articleSection":["Actualit\u00e9","Conseils Pradel Fance"],"inLanguage":"fr-FR"},{"@type":"WebPage","@id":"https:\/\/www.pradel-france.com\/blog\/cadeaux-cuisine-pour-la-fete-des-meres-et-la-fete-des-peres\/","url":"https:\/\/www.pradel-france.com\/blog\/cadeaux-cuisine-pour-la-fete-des-meres-et-la-fete-des-peres\/","name":"Cadeaux cuisine pour la F\u00eate des M\u00e8res et la F\u00eate des P\u00e8res","isPartOf":{"@id":"https:\/\/www.pradel-france.com\/blog\/#website"},"primaryImageOfPage":{"@id":"https:\/\/www.pradel-france.com\/blog\/cadeaux-cuisine-pour-la-fete-des-meres-et-la-fete-des-peres\/#primaryimage"},"image":{"@id":"https:\/\/www.pradel-france.com\/blog\/cadeaux-cuisine-pour-la-fete-des-meres-et-la-fete-des-peres\/#primaryimage"},"thumbnailUrl":"https:\/\/www.pradel-france.com\/blog\/wp-content\/uploads\/2026\/04\/Firefly_Gemini-Flash_Scene-chaleureuse-et-lumineuse-dans-une-cuisine-moderne-et-conviviale.-_Un-parent-me-530485-2-1.png","datePublished":"2026-04-27T06:00:00+00:00","description":"Trouvez le cadeau id\u00e9al pour la F\u00eate des M\u00e8res et la F\u00eate des P\u00e8res avec Pradel France : couteaux, ustensiles et id\u00e9es cuisine originales.","breadcrumb":{"@id":"https:\/\/www.pradel-france.com\/blog\/cadeaux-cuisine-pour-la-fete-des-meres-et-la-fete-des-peres\/#breadcrumb"},"inLanguage":"fr-FR","potentialAction":[{"@type":"ReadAction","target":["https:\/\/www.pradel-france.com\/blog\/cadeaux-cuisine-pour-la-fete-des-meres-et-la-fete-des-peres\/"]}]},{"@type":"ImageObject","inLanguage":"fr-FR","@id":"https:\/\/www.pradel-france.com\/blog\/cadeaux-cuisine-pour-la-fete-des-meres-et-la-fete-des-peres\/#primaryimage","url":"https:\/\/www.pradel-france.com\/blog\/wp-content\/uploads\/2026\/04\/Firefly_Gemini-Flash_Scene-chaleureuse-et-lumineuse-dans-une-cuisine-moderne-et-conviviale.-_Un-parent-me-530485-2-1.png","contentUrl":"https:\/\/www.pradel-france.com\/blog\/wp-content\/uploads\/2026\/04\/Firefly_Gemini-Flash_Scene-chaleureuse-et-lumineuse-dans-une-cuisine-moderne-et-conviviale.-_Un-parent-me-530485-2-1.png","width":1792,"height":1967},{"@type":"BreadcrumbList","@id":"https:\/\/www.pradel-france.com\/blog\/cadeaux-cuisine-pour-la-fete-des-meres-et-la-fete-des-peres\/#breadcrumb","itemListElement":[{"@type":"ListItem","position":1,"name":"Accueil","item":"https:\/\/www.pradel-france.com\/blog\/"},{"@type":"ListItem","position":2,"name":"Conseils Pradel Fance","item":"https:\/\/www.pradel-france.com\/blog\/category\/conseils\/"},{"@type":"ListItem","position":3,"name":"Cadeaux cuisine pour la f\u00eate des m\u00e8res et la f\u00eate des p\u00e8res"}]},{"@type":"WebSite","@id":"https:\/\/www.pradel-france.com\/blog\/#website","url":"https:\/\/www.pradel-france.com\/blog\/","name":"Pradel France Blog","description":"Les recettes et conseils Pradel France","publisher":{"@id":"https:\/\/www.pradel-france.com\/blog\/#organization"},"alternateName":"Pradel blog","potentialAction":[{"@type":"SearchAction","target":{"@type":"EntryPoint","urlTemplate":"https:\/\/www.pradel-france.com\/blog\/?s={search_term_string}"},"query-input":{"@type":"PropertyValueSpecification","valueRequired":true,"valueName":"search_term_string"}}],"inLanguage":"fr-FR"},{"@type":"Organization","@id":"https:\/\/www.pradel-france.com\/blog\/#organization","name":"Pradel France Blog","alternateName":"Pradel blog","url":"https:\/\/www.pradel-france.com\/blog\/","logo":{"@type":"ImageObject","inLanguage":"fr-FR","@id":"https:\/\/www.pradel-france.com\/blog\/#\/schema\/logo\/image\/","url":"https:\/\/www.pradel-france.com\/blog\/wp-content\/uploads\/2023\/04\/pradel-200x200-1.jpg","contentUrl":"https:\/\/www.pradel-france.com\/blog\/wp-content\/uploads\/2023\/04\/pradel-200x200-1.jpg","width":200,"height":200,"caption":"Pradel France Blog"},"image":{"@id":"https:\/\/www.pradel-france.com\/blog\/#\/schema\/logo\/image\/"},"sameAs":["https:\/\/www.facebook.com\/pradelfr\/","https:\/\/www.instagram.com\/pradel_france\/","https:\/\/www.youtube.com\/@Pradel-France-Homestyle","https:\/\/www.linkedin.com\/company\/pradel-france-homestyle\/","https:\/\/fr.pinterest.com\/pradelfrancehomestyle\/"]},{"@type":"Person","@id":"https:\/\/www.pradel-france.com\/blog\/#\/schema\/person\/9d4906139d09c23f84665eda0714d04d","name":"Marine Leclercq","image":{"@type":"ImageObject","inLanguage":"fr-FR","@id":"https:\/\/www.pradel-france.com\/blog\/#\/schema\/person\/image\/","url":"https:\/\/secure.gravatar.com\/avatar\/e9038faff8aa216af1edf85b0e1aca5abe197683108199ee783d6699f3a9d3fc?s=96&d=mm&r=g","contentUrl":"https:\/\/secure.gravatar.com\/avatar\/e9038faff8aa216af1edf85b0e1aca5abe197683108199ee783d6699f3a9d3fc?s=96&d=mm&r=g","caption":"Marine Leclercq"}}]}},"thumb":"https:\/\/www.pradel-france.com\/blog\/wp-content\/uploads\/2026\/04\/Firefly_Gemini-Flash_Scene-chaleureuse-et-lumineuse-dans-une-cuisine-moderne-et-conviviale.-_Un-parent-me-530485-2-1-350x250.png","category":"Actualit\u00e9","description":"La F\u00eate des M\u00e8res et la F\u00eate des P\u00e8res sont des moments privil\u00e9gi\u00e9s pour t\u00e9moigner son affection avec une attention\u2026","_links":{"self":[{"href":"https:\/\/www.pradel-france.com\/blog\/wp-json\/wp\/v2\/posts\/6164","targetHints":{"allow":["GET"]}}],"collection":[{"href":"https:\/\/www.pradel-france.com\/blog\/wp-json\/wp\/v2\/posts"}],"about":[{"href":"https:\/\/www.pradel-france.com\/blog\/wp-json\/wp\/v2\/types\/post"}],"author":[{"embeddable":true,"href":"https:\/\/www.pradel-france.com\/blog\/wp-json\/wp\/v2\/users\/3"}],"replies":[{"embeddable":true,"href":"https:\/\/www.pradel-france.com\/blog\/wp-json\/wp\/v2\/comments?post=6164"}],"version-history":[{"count":46,"href":"https:\/\/www.pradel-france.com\/blog\/wp-json\/wp\/v2\/posts\/6164\/revisions"}],"predecessor-version":[{"id":6315,"href":"https:\/\/www.pradel-france.com\/blog\/wp-json\/wp\/v2\/posts\/6164\/revisions\/6315"}],"wp:featuredmedia":[{"embeddable":true,"href":"https:\/\/www.pradel-france.com\/blog\/wp-json\/wp\/v2\/media\/6264"}],"wp:attachment":[{"href":"https:\/\/www.pradel-france.com\/blog\/wp-json\/wp\/v2\/media?parent=6164"}],"wp:term":[{"taxonomy":"category","embeddable":true,"href":"https:\/\/www.pradel-france.com\/blog\/wp-json\/wp\/v2\/categories?post=6164"},{"taxonomy":"post_tag","embeddable":true,"href":"https:\/\/www.pradel-france.com\/blog\/wp-json\/wp\/v2\/tags?post=6164"}],"curies":[{"name":"wp","href":"https:\/\/api.w.org\/{rel}","templated":true}]}}