{"id":868,"date":"2023-05-30T11:57:26","date_gmt":"2023-05-30T09:57:26","guid":{"rendered":"https:\/\/www.pradel-france.com\/blog\/?p=868"},"modified":"2023-05-30T11:57:26","modified_gmt":"2023-05-30T09:57:26","slug":"comment-entretenir-et-prolonger-la-duree-de-vie-de-vos-tasses","status":"publish","type":"post","link":"https:\/\/www.pradel-france.com\/blog\/comment-entretenir-et-prolonger-la-duree-de-vie-de-vos-tasses\/","title":{"rendered":"Comment entretenir et prolonger la dur\u00e9e de vie de vos tasses ?"},"content":{"rendered":"\n\n    <div class=\"full-width bgcolor noprint\">\n      <section class=\"block-duo alt   boxed \">\n        <div class=\"container\">\n          <div class=\"row\">\n                          <div class=\"col-12 col-lg-6 col-img px-0 pl-lg-0 pr-lg-2\">\n                <div class=\"picture-wrapper h-100 w-100\">\n                  <div class=\"pic bcover h-100 w-100\" style=\"background-image:url(https:\/\/www.pradel-france.com\/blog\/wp-content\/uploads\/2023\/05\/comment-entretenir-tasse.jpg);min-height:450px;\"><\/div>\n                <\/div>\n              <\/div>\n                        <div class=\"col-12 col-lg-6 col-content d-flex my-auto px-0 pr-lg-4\" style=\"order:-1;\">\n              <div class=\"d-flex flex-column inner-content\">\n                                                  <div class=\"content nerf-last-p\">\n                    <p>Les tasses font partie de ces ustensiles qu\u2019on utilise au quotidien, souvent associ\u00e9es au plaisir d\u2019un bon caf\u00e9. Et comme tout ustensile, il faut en prendre soin ! Que ce soit une <a href=\"https:\/\/www.pradel-france.com\/184-tasses-et-mugs\">tasse ou un mug<\/a>, il y a quelques conseils et astuces \u00e0 conna\u00eetre pour les garder en bon \u00e9tat longtemps.<\/p>\n<p>\u00c0 travers cet article, vous saurez <strong>comment entretenir et prolonger la dur\u00e9e de vie de vos tasses <\/strong>pour les garder encore longtemps.<\/p>\n                  <\/div>\n                                                  <div>\n                    <a class=\"btn btn-primary\" href=\"https:\/\/www.pradel-france.com\/184-tasses-et-mugs\" title=\"D\u00e9couvrez nos tasses \u00e0 caf\u00e9 et mugs !\" target=''>D\u00e9couvrez nos tasses \u00e0 caf\u00e9 et mugs !<\/a>\n                  <\/div>\n                              <\/div>\n            <\/div>\n          <\/div>\n        <\/div>\n      <\/section>\n    <\/div>\n\n\n\n\n\n    <div class=\"full-width bgcolor noprint\">\n      <section class=\"block-duo   boxed \">\n        <div class=\"container\">\n          <div class=\"row\">\n                          <div class=\"col-12 col-lg-4 col-img px-0 pl-lg-0 pr-lg-2\">\n                <div class=\"picture-wrapper h-100 w-100\">\n                  <div class=\"pic bcover h-100 w-100\" style=\"background-image:url(https:\/\/www.pradel-france.com\/blog\/wp-content\/uploads\/2023\/05\/entretien-parfait-tasse-709x1024.jpg);min-height:450px;\"><\/div>\n                <\/div>\n              <\/div>\n                        <div class=\"col-12 col-lg-8 col-content d-flex my-auto px-0 pl-lg-4\">\n              <div class=\"d-flex flex-column inner-content\">\n                          <h2 class=\"c-title-l\">Les astuces pour prolonger la dur\u00e9e de vie de vos tasses pr\u00e9f\u00e9r\u00e9es<\/h2>\n                                      <div class=\"content nerf-last-p\">\n                    <p>Lorsque vous achetez des tasses, c\u2019est pour qu\u2019elles durent dans le temps. Pour cela, nous avons quelques conseils qui vous aideront \u00e0 <strong>prolonger la dur\u00e9e de vie de vos tasses. <\/strong><\/p>\n<p>Tout d&rsquo;abord, il faut savoir qu\u2019il est important de choisir des<strong> tasses de qualit\u00e9<\/strong>. Au niveau de la mati\u00e8re, les meilleurs<strong> mat\u00e9riaux pour les tasses <\/strong>sont la porcelaine, la c\u00e9ramique ou le verre de haute qualit\u00e9. Ils sont plus r\u00e9sistants et sont susceptibles de durer plus longtemps que les tasses bon march\u00e9 en plastique ou en m\u00e9tal.<\/p>\n<p>Aussi, il est crucial de choisir les tasses qui conviennent le mieux \u00e0 vos habitudes de consommation. Si vous \u00eates un amateur de boissons chaudes, les tasses en porcelaine sont id\u00e9ales, tandis que les boissons froides se marient parfaitement avec les tasses en verre. Si vous pr\u00e9f\u00e9rez les tasses \u00e0 double paroi, nous vous conseillons de vous assurer qu&rsquo;elles sont con\u00e7ues \u00e0 partir de mat\u00e9riaux de qualit\u00e9 sup\u00e9rieure pour \u00e9viter toute fissure ou casse.<\/p>\n                  <\/div>\n                                              <\/div>\n            <\/div>\n          <\/div>\n        <\/div>\n      <\/section>\n    <\/div>\n\n\n\n\n\n    <div class=\"full-width bgcolor noprint\">\n      <section class=\"block-duo alt   boxed \">\n        <div class=\"container\">\n          <div class=\"row\">\n                          <div class=\"col-12 col-lg-4 col-img px-0 pl-lg-0 pr-lg-2\">\n                <div class=\"picture-wrapper h-100 w-100\">\n                  <div class=\"pic bcover h-100 w-100\" style=\"background-image:url(https:\/\/www.pradel-france.com\/blog\/wp-content\/uploads\/2023\/05\/astuce-entretien-tasse-709x1024.jpg);min-height:450px;\"><\/div>\n                <\/div>\n              <\/div>\n                        <div class=\"col-12 col-lg-8 col-content d-flex my-auto px-0 pr-lg-4\" style=\"order:-1;\">\n              <div class=\"d-flex flex-column inner-content\">\n                          <h2 class=\"c-title-l\">Comment prendre soin de vos tasses pour \u00e9viter qu&rsquo;elles ne s&rsquo;ab\u00eement ?<\/h2>\n                                      <div class=\"content nerf-last-p\">\n                    <p>L\u2019<strong>entretien de vos tasses <\/strong>est un facteur clef dans la prolongation de leur dur\u00e9e de vie.<\/p>\n<p>Lorsque vous utilisez vos tasses, \u00e9vitez au maximum les chocs thermiques. Dans la limite du possible, ne versez pas une boisson trop chaude dans une tasse trop froide ou vice-versa. Le r\u00e9sultat peut se traduire par des fissures voire m\u00eame casser compl\u00e8tement la tasse.<\/p>\n<p>Lors du <strong>nettoyage de vos tasses<\/strong>, ne les laissez pas tremper trop longtemps dans de l\u2019eau chaude ou froide au risque de les endommager en les fragilisant.<\/p>\n<p>Pour \u00e9viter les rayures, nous vous recommandons de ranger vos tasses avec attention. \u00c9vitez de les empiler les unes sur les autres, cela peut les ab\u00eemer voire les faire toutes tomber ! Il est pr\u00e9f\u00e9rable de ranger chaque tasse individuellement dans un placard, sur une \u00e9tag\u00e8re ou en les accrochant. Pour \u00e9viter d&rsquo;endommager la surface de votre tasse, il est recommand\u00e9 d&rsquo;utiliser des porte-tasses en silicone ou en feutre pour les prot\u00e9ger.<\/p>\n                  <\/div>\n                                              <\/div>\n            <\/div>\n          <\/div>\n        <\/div>\n      <\/section>\n    <\/div>\n\n\n\n\n\n    <div class=\"full-width bgcolor noprint\">\n      <section class=\"block-duo   boxed \">\n        <div class=\"container\">\n          <div class=\"row\">\n                          <div class=\"col-12 col-lg-4 col-img px-0 pl-lg-0 pr-lg-2\">\n                <div class=\"picture-wrapper h-100 w-100\">\n                  <div class=\"pic bcover h-100 w-100\" style=\"background-image:url(https:\/\/www.pradel-france.com\/blog\/wp-content\/uploads\/2023\/05\/conseil-entretien-tasse-709x1024.jpg);min-height:450px;\"><\/div>\n                <\/div>\n              <\/div>\n                        <div class=\"col-12 col-lg-8 col-content d-flex my-auto px-0 pl-lg-4\">\n              <div class=\"d-flex flex-column inner-content\">\n                          <h2 class=\"c-title-l\">Les erreurs \u00e0 \u00e9viter pour pr\u00e9server vos tasses<\/h2>\n                                      <div class=\"content nerf-last-p\">\n                    <p>Lorsque vous \u00eates attach\u00e9 \u00e0 une tasse, vous vous devez de l&rsquo;entretenir et de la prot\u00e9ger correctement pour qu&rsquo;elle dure longtemps. Voici quelques erreurs courantes \u00e0 \u00e9viter :<\/p>\n<ul>\n<li>Au niveau du <strong>lavage des tasses<\/strong>, \u00e9viter de laver celles en porcelaine et en verre dans un lave-vaisselle. M\u00eame si cela est bien plus pratique, la chaleur et les d\u00e9tergents agressifs peuvent endommager les tasses et causer des rayures ou des fissures.<\/li>\n<li>Pour<strong> \u00e9viter la casse des tasses<\/strong>, il ne faut pas les mettre en contact avec des objets durs ou pointus. C\u2019est l\u2019un des meilleurs moyens de cr\u00e9er des fissures ou des \u00e9br\u00e9chures sur vos tasses pr\u00e9f\u00e9r\u00e9es.<\/li>\n<li>L\u2019exposition \u00e0 des temp\u00e9ratures extr\u00eames comme le gel ou la chaleur excessive. Les chocs thermiques peuvent aussi \u00eatre la source de fissures ou de la casse des tasses.<\/li>\n<\/ul>\n                  <\/div>\n                                              <\/div>\n            <\/div>\n          <\/div>\n        <\/div>\n      <\/section>\n    <\/div>\n\n\n\n\n\n    <div class=\"full-width bgcolor noprint\">\n      <section class=\"block-duo alt   boxed \">\n        <div class=\"container\">\n          <div class=\"row\">\n                          <div class=\"col-12 col-lg-4 col-img px-0 pl-lg-0 pr-lg-2\">\n                <div class=\"picture-wrapper h-100 w-100\">\n                  <div class=\"pic bcover h-100 w-100\" style=\"background-image:url(https:\/\/www.pradel-france.com\/blog\/wp-content\/uploads\/2023\/05\/tasse-entretien-astuce-709x1024.jpg);min-height:450px;\"><\/div>\n                <\/div>\n              <\/div>\n                        <div class=\"col-12 col-lg-8 col-content d-flex my-auto px-0 pr-lg-4\" style=\"order:-1;\">\n              <div class=\"d-flex flex-column inner-content\">\n                          <h2 class=\"c-title-l\">Comment nettoyer et entretenir vos tasses pour un usage quotidien ?<\/h2>\n                                      <div class=\"content nerf-last-p\">\n                    <p>Pour <strong>prolonger la dur\u00e9e de vie de vos tasses<\/strong>, il faut leur offrir un bon entretien r\u00e9gulier.<\/p>\n<p>Pour le<strong> nettoyage de vos tasses<\/strong>, nous vous conseillons d&rsquo;utiliser un savon doux avec de l&rsquo;eau ti\u00e8de, surtout pas d\u2019eau de javel ! Si des taches tenaces persistent, vous pouvez adopter la solution bicarbonate de soude, elle est tr\u00e8s efficace et naturelle. L\u2019important est d&rsquo;\u00e9viter les produits chimiques agressifs et les \u00e9ponges abrasives, pouvant endommager la <strong>qualit\u00e9 de votre tasse<\/strong>.<\/p>\n<p>Des taches plus difficiles ? On a aussi la solution ! Diluez du vinaigre blanc dans de l&rsquo;eau chaude, c\u2019est un m\u00e9lange tr\u00e8s efficace pour \u00e9liminer les taches sans causer de dommages \u00e0 votre tasse.<\/p>\n<p>Enfin, l\u2019<strong>utilisation de vos tasses<\/strong> doit \u00eatre exclusivement pour des usages pour lesquels elles sont pr\u00e9vues. Auquel cas, vous risquez de les endommager avec des fissures ou des taches permanentes.<\/p>\n                  <\/div>\n                                              <\/div>\n            <\/div>\n          <\/div>\n        <\/div>\n      <\/section>\n    <\/div>\n\n","protected":false},"excerpt":{"rendered":"","protected":false},"author":1,"featured_media":871,"comment_status":"closed","ping_status":"closed","sticky":false,"template":"","format":"standard","meta":{"footnotes":""},"categories":[4,10],"tags":[],"class_list":["post-868","post","type-post","status-publish","format-standard","has-post-thumbnail","hentry","category-conseils","category-l-art-de-la-table","col-12","col-md-6 col-lg-4"],"acf":[],"yoast_head":"<!-- This site is optimized with the Yoast SEO plugin v26.7 - https:\/\/yoast.com\/wordpress\/plugins\/seo\/ -->\n<title>Comment prolonger la dur\u00e9e de vie de vos tasses ? Pradel France<\/title>\n<meta name=\"description\" content=\"Prenez soin de vos tasses pr\u00e9f\u00e9r\u00e9es gr\u00e2ce \u00e0 nos astuces pratiques et efficaces. Pr\u00e9servez leur beaut\u00e9 et leur qualit\u00e9 pour les utiliser pendant des ann\u00e9es.\" \/>\n<meta name=\"robots\" content=\"index, follow, max-snippet:-1, max-image-preview:large, max-video-preview:-1\" \/>\n<link rel=\"canonical\" href=\"https:\/\/www.pradel-france.com\/blog\/comment-entretenir-et-prolonger-la-duree-de-vie-de-vos-tasses\/\" \/>\n<meta property=\"og:locale\" content=\"fr_FR\" \/>\n<meta property=\"og:type\" content=\"article\" \/>\n<meta property=\"og:title\" content=\"Comment prolonger la dur\u00e9e de vie de vos tasses ? Pradel France\" \/>\n<meta property=\"og:description\" content=\"Prenez soin de vos tasses pr\u00e9f\u00e9r\u00e9es gr\u00e2ce \u00e0 nos astuces pratiques et efficaces. Pr\u00e9servez leur beaut\u00e9 et leur qualit\u00e9 pour les utiliser pendant des ann\u00e9es.\" \/>\n<meta property=\"og:url\" content=\"https:\/\/www.pradel-france.com\/blog\/comment-entretenir-et-prolonger-la-duree-de-vie-de-vos-tasses\/\" \/>\n<meta property=\"og:site_name\" content=\"Pradel France\" \/>\n<meta property=\"article:publisher\" content=\"https:\/\/www.facebook.com\/pradelfr\/\" \/>\n<meta property=\"article:published_time\" content=\"2023-05-30T09:57:26+00:00\" \/>\n<meta property=\"og:image\" content=\"https:\/\/www.pradel-france.com\/blog\/wp-content\/uploads\/2023\/05\/comment-entretenir-tasse.jpg\" \/>\n\t<meta property=\"og:image:width\" content=\"900\" \/>\n\t<meta property=\"og:image:height\" content=\"600\" \/>\n\t<meta property=\"og:image:type\" content=\"image\/jpeg\" \/>\n<meta name=\"author\" content=\"pranblog\" \/>\n<meta name=\"twitter:card\" content=\"summary_large_image\" \/>\n<meta name=\"twitter:label1\" content=\"\u00c9crit par\" \/>\n\t<meta name=\"twitter:data1\" content=\"pranblog\" \/>\n<script type=\"application\/ld+json\" class=\"yoast-schema-graph\">{\"@context\":\"https:\/\/schema.org\",\"@graph\":[{\"@type\":\"Article\",\"@id\":\"https:\/\/www.pradel-france.com\/blog\/comment-entretenir-et-prolonger-la-duree-de-vie-de-vos-tasses\/#article\",\"isPartOf\":{\"@id\":\"https:\/\/www.pradel-france.com\/blog\/comment-entretenir-et-prolonger-la-duree-de-vie-de-vos-tasses\/\"},\"author\":{\"name\":\"pranblog\",\"@id\":\"https:\/\/www.pradel-france.com\/blog\/#\/schema\/person\/544b7ac9710af9ff69288171ac4deeb1\"},\"headline\":\"Comment entretenir et prolonger la dur\u00e9e de vie de vos tasses ?\",\"datePublished\":\"2023-05-30T09:57:26+00:00\",\"mainEntityOfPage\":{\"@id\":\"https:\/\/www.pradel-france.com\/blog\/comment-entretenir-et-prolonger-la-duree-de-vie-de-vos-tasses\/\"},\"wordCount\":12,\"publisher\":{\"@id\":\"https:\/\/www.pradel-france.com\/blog\/#organization\"},\"image\":{\"@id\":\"https:\/\/www.pradel-france.com\/blog\/comment-entretenir-et-prolonger-la-duree-de-vie-de-vos-tasses\/#primaryimage\"},\"thumbnailUrl\":\"https:\/\/www.pradel-france.com\/blog\/wp-content\/uploads\/2023\/05\/comment-entretenir-tasse.jpg\",\"articleSection\":[\"Conseils Pradel Fance\",\"L'art de la table\"],\"inLanguage\":\"fr-FR\"},{\"@type\":\"WebPage\",\"@id\":\"https:\/\/www.pradel-france.com\/blog\/comment-entretenir-et-prolonger-la-duree-de-vie-de-vos-tasses\/\",\"url\":\"https:\/\/www.pradel-france.com\/blog\/comment-entretenir-et-prolonger-la-duree-de-vie-de-vos-tasses\/\",\"name\":\"Comment prolonger la dur\u00e9e de vie de vos tasses ? Pradel France\",\"isPartOf\":{\"@id\":\"https:\/\/www.pradel-france.com\/blog\/#website\"},\"primaryImageOfPage\":{\"@id\":\"https:\/\/www.pradel-france.com\/blog\/comment-entretenir-et-prolonger-la-duree-de-vie-de-vos-tasses\/#primaryimage\"},\"image\":{\"@id\":\"https:\/\/www.pradel-france.com\/blog\/comment-entretenir-et-prolonger-la-duree-de-vie-de-vos-tasses\/#primaryimage\"},\"thumbnailUrl\":\"https:\/\/www.pradel-france.com\/blog\/wp-content\/uploads\/2023\/05\/comment-entretenir-tasse.jpg\",\"datePublished\":\"2023-05-30T09:57:26+00:00\",\"description\":\"Prenez soin de vos tasses pr\u00e9f\u00e9r\u00e9es gr\u00e2ce \u00e0 nos astuces pratiques et efficaces. Pr\u00e9servez leur beaut\u00e9 et leur qualit\u00e9 pour les utiliser pendant des ann\u00e9es.\",\"breadcrumb\":{\"@id\":\"https:\/\/www.pradel-france.com\/blog\/comment-entretenir-et-prolonger-la-duree-de-vie-de-vos-tasses\/#breadcrumb\"},\"inLanguage\":\"fr-FR\",\"potentialAction\":[{\"@type\":\"ReadAction\",\"target\":[\"https:\/\/www.pradel-france.com\/blog\/comment-entretenir-et-prolonger-la-duree-de-vie-de-vos-tasses\/\"]}]},{\"@type\":\"ImageObject\",\"inLanguage\":\"fr-FR\",\"@id\":\"https:\/\/www.pradel-france.com\/blog\/comment-entretenir-et-prolonger-la-duree-de-vie-de-vos-tasses\/#primaryimage\",\"url\":\"https:\/\/www.pradel-france.com\/blog\/wp-content\/uploads\/2023\/05\/comment-entretenir-tasse.jpg\",\"contentUrl\":\"https:\/\/www.pradel-france.com\/blog\/wp-content\/uploads\/2023\/05\/comment-entretenir-tasse.jpg\",\"width\":900,\"height\":600,\"caption\":\"Prolongez la dur\u00e9e de vie de vos tasses pr\u00e9f\u00e9r\u00e9es gr\u00e2ce \u00e0 nos conseils d'entretien pratiques\"},{\"@type\":\"BreadcrumbList\",\"@id\":\"https:\/\/www.pradel-france.com\/blog\/comment-entretenir-et-prolonger-la-duree-de-vie-de-vos-tasses\/#breadcrumb\",\"itemListElement\":[{\"@type\":\"ListItem\",\"position\":1,\"name\":\"Accueil\",\"item\":\"https:\/\/www.pradel-france.com\/blog\/\"},{\"@type\":\"ListItem\",\"position\":2,\"name\":\"Conseils Pradel Fance\",\"item\":\"https:\/\/www.pradel-france.com\/blog\/category\/conseils\/\"},{\"@type\":\"ListItem\",\"position\":3,\"name\":\"L'art de la table\",\"item\":\"https:\/\/www.pradel-france.com\/blog\/category\/conseils\/l-art-de-la-table\/\"},{\"@type\":\"ListItem\",\"position\":4,\"name\":\"Comment entretenir et prolonger la dur\u00e9e de vie de vos tasses ?\"}]},{\"@type\":\"WebSite\",\"@id\":\"https:\/\/www.pradel-france.com\/blog\/#website\",\"url\":\"https:\/\/www.pradel-france.com\/blog\/\",\"name\":\"Pradel France Blog\",\"description\":\"Les recettes et conseils Pradel France\",\"publisher\":{\"@id\":\"https:\/\/www.pradel-france.com\/blog\/#organization\"},\"alternateName\":\"Pradel blog\",\"potentialAction\":[{\"@type\":\"SearchAction\",\"target\":{\"@type\":\"EntryPoint\",\"urlTemplate\":\"https:\/\/www.pradel-france.com\/blog\/?s={search_term_string}\"},\"query-input\":{\"@type\":\"PropertyValueSpecification\",\"valueRequired\":true,\"valueName\":\"search_term_string\"}}],\"inLanguage\":\"fr-FR\"},{\"@type\":\"Organization\",\"@id\":\"https:\/\/www.pradel-france.com\/blog\/#organization\",\"name\":\"Pradel France Blog\",\"alternateName\":\"Pradel blog\",\"url\":\"https:\/\/www.pradel-france.com\/blog\/\",\"logo\":{\"@type\":\"ImageObject\",\"inLanguage\":\"fr-FR\",\"@id\":\"https:\/\/www.pradel-france.com\/blog\/#\/schema\/logo\/image\/\",\"url\":\"https:\/\/www.pradel-france.com\/blog\/wp-content\/uploads\/2023\/04\/pradel-200x200-1.jpg\",\"contentUrl\":\"https:\/\/www.pradel-france.com\/blog\/wp-content\/uploads\/2023\/04\/pradel-200x200-1.jpg\",\"width\":200,\"height\":200,\"caption\":\"Pradel France Blog\"},\"image\":{\"@id\":\"https:\/\/www.pradel-france.com\/blog\/#\/schema\/logo\/image\/\"},\"sameAs\":[\"https:\/\/www.facebook.com\/pradelfr\/\",\"https:\/\/www.instagram.com\/pradel_france\/\",\"https:\/\/www.youtube.com\/@Pradel-France-Homestyle\",\"https:\/\/www.linkedin.com\/company\/pradel-france-homestyle\/\",\"https:\/\/fr.pinterest.com\/pradelfrancehomestyle\/\"]},{\"@type\":\"Person\",\"@id\":\"https:\/\/www.pradel-france.com\/blog\/#\/schema\/person\/544b7ac9710af9ff69288171ac4deeb1\",\"name\":\"pranblog\",\"image\":{\"@type\":\"ImageObject\",\"inLanguage\":\"fr-FR\",\"@id\":\"https:\/\/www.pradel-france.com\/blog\/#\/schema\/person\/image\/\",\"url\":\"https:\/\/secure.gravatar.com\/avatar\/b9f4ad324c09b427710fb5cea05f4c625774b7a4295393a50dce733009db3350?s=96&d=mm&r=g\",\"contentUrl\":\"https:\/\/secure.gravatar.com\/avatar\/b9f4ad324c09b427710fb5cea05f4c625774b7a4295393a50dce733009db3350?s=96&d=mm&r=g\",\"caption\":\"pranblog\"},\"sameAs\":[\"http:\/\/www.pradel-france.com\/blog\"]}]}<\/script>\n<!-- \/ Yoast SEO plugin. -->","yoast_head_json":{"title":"Comment prolonger la dur\u00e9e de vie de vos tasses ? Pradel France","description":"Prenez soin de vos tasses pr\u00e9f\u00e9r\u00e9es gr\u00e2ce \u00e0 nos astuces pratiques et efficaces. Pr\u00e9servez leur beaut\u00e9 et leur qualit\u00e9 pour les utiliser pendant des ann\u00e9es.","robots":{"index":"index","follow":"follow","max-snippet":"max-snippet:-1","max-image-preview":"max-image-preview:large","max-video-preview":"max-video-preview:-1"},"canonical":"https:\/\/www.pradel-france.com\/blog\/comment-entretenir-et-prolonger-la-duree-de-vie-de-vos-tasses\/","og_locale":"fr_FR","og_type":"article","og_title":"Comment prolonger la dur\u00e9e de vie de vos tasses ? Pradel France","og_description":"Prenez soin de vos tasses pr\u00e9f\u00e9r\u00e9es gr\u00e2ce \u00e0 nos astuces pratiques et efficaces. Pr\u00e9servez leur beaut\u00e9 et leur qualit\u00e9 pour les utiliser pendant des ann\u00e9es.","og_url":"https:\/\/www.pradel-france.com\/blog\/comment-entretenir-et-prolonger-la-duree-de-vie-de-vos-tasses\/","og_site_name":"Pradel France","article_publisher":"https:\/\/www.facebook.com\/pradelfr\/","article_published_time":"2023-05-30T09:57:26+00:00","og_image":[{"width":900,"height":600,"url":"https:\/\/www.pradel-france.com\/blog\/wp-content\/uploads\/2023\/05\/comment-entretenir-tasse.jpg","type":"image\/jpeg"}],"author":"pranblog","twitter_card":"summary_large_image","twitter_misc":{"\u00c9crit par":"pranblog"},"schema":{"@context":"https:\/\/schema.org","@graph":[{"@type":"Article","@id":"https:\/\/www.pradel-france.com\/blog\/comment-entretenir-et-prolonger-la-duree-de-vie-de-vos-tasses\/#article","isPartOf":{"@id":"https:\/\/www.pradel-france.com\/blog\/comment-entretenir-et-prolonger-la-duree-de-vie-de-vos-tasses\/"},"author":{"name":"pranblog","@id":"https:\/\/www.pradel-france.com\/blog\/#\/schema\/person\/544b7ac9710af9ff69288171ac4deeb1"},"headline":"Comment entretenir et prolonger la dur\u00e9e de vie de vos tasses ?","datePublished":"2023-05-30T09:57:26+00:00","mainEntityOfPage":{"@id":"https:\/\/www.pradel-france.com\/blog\/comment-entretenir-et-prolonger-la-duree-de-vie-de-vos-tasses\/"},"wordCount":12,"publisher":{"@id":"https:\/\/www.pradel-france.com\/blog\/#organization"},"image":{"@id":"https:\/\/www.pradel-france.com\/blog\/comment-entretenir-et-prolonger-la-duree-de-vie-de-vos-tasses\/#primaryimage"},"thumbnailUrl":"https:\/\/www.pradel-france.com\/blog\/wp-content\/uploads\/2023\/05\/comment-entretenir-tasse.jpg","articleSection":["Conseils Pradel Fance","L'art de la table"],"inLanguage":"fr-FR"},{"@type":"WebPage","@id":"https:\/\/www.pradel-france.com\/blog\/comment-entretenir-et-prolonger-la-duree-de-vie-de-vos-tasses\/","url":"https:\/\/www.pradel-france.com\/blog\/comment-entretenir-et-prolonger-la-duree-de-vie-de-vos-tasses\/","name":"Comment prolonger la dur\u00e9e de vie de vos tasses ? Pradel France","isPartOf":{"@id":"https:\/\/www.pradel-france.com\/blog\/#website"},"primaryImageOfPage":{"@id":"https:\/\/www.pradel-france.com\/blog\/comment-entretenir-et-prolonger-la-duree-de-vie-de-vos-tasses\/#primaryimage"},"image":{"@id":"https:\/\/www.pradel-france.com\/blog\/comment-entretenir-et-prolonger-la-duree-de-vie-de-vos-tasses\/#primaryimage"},"thumbnailUrl":"https:\/\/www.pradel-france.com\/blog\/wp-content\/uploads\/2023\/05\/comment-entretenir-tasse.jpg","datePublished":"2023-05-30T09:57:26+00:00","description":"Prenez soin de vos tasses pr\u00e9f\u00e9r\u00e9es gr\u00e2ce \u00e0 nos astuces pratiques et efficaces. Pr\u00e9servez leur beaut\u00e9 et leur qualit\u00e9 pour les utiliser pendant des ann\u00e9es.","breadcrumb":{"@id":"https:\/\/www.pradel-france.com\/blog\/comment-entretenir-et-prolonger-la-duree-de-vie-de-vos-tasses\/#breadcrumb"},"inLanguage":"fr-FR","potentialAction":[{"@type":"ReadAction","target":["https:\/\/www.pradel-france.com\/blog\/comment-entretenir-et-prolonger-la-duree-de-vie-de-vos-tasses\/"]}]},{"@type":"ImageObject","inLanguage":"fr-FR","@id":"https:\/\/www.pradel-france.com\/blog\/comment-entretenir-et-prolonger-la-duree-de-vie-de-vos-tasses\/#primaryimage","url":"https:\/\/www.pradel-france.com\/blog\/wp-content\/uploads\/2023\/05\/comment-entretenir-tasse.jpg","contentUrl":"https:\/\/www.pradel-france.com\/blog\/wp-content\/uploads\/2023\/05\/comment-entretenir-tasse.jpg","width":900,"height":600,"caption":"Prolongez la dur\u00e9e de vie de vos tasses pr\u00e9f\u00e9r\u00e9es gr\u00e2ce \u00e0 nos conseils d'entretien pratiques"},{"@type":"BreadcrumbList","@id":"https:\/\/www.pradel-france.com\/blog\/comment-entretenir-et-prolonger-la-duree-de-vie-de-vos-tasses\/#breadcrumb","itemListElement":[{"@type":"ListItem","position":1,"name":"Accueil","item":"https:\/\/www.pradel-france.com\/blog\/"},{"@type":"ListItem","position":2,"name":"Conseils Pradel Fance","item":"https:\/\/www.pradel-france.com\/blog\/category\/conseils\/"},{"@type":"ListItem","position":3,"name":"L'art de la table","item":"https:\/\/www.pradel-france.com\/blog\/category\/conseils\/l-art-de-la-table\/"},{"@type":"ListItem","position":4,"name":"Comment entretenir et prolonger la dur\u00e9e de vie de vos tasses ?"}]},{"@type":"WebSite","@id":"https:\/\/www.pradel-france.com\/blog\/#website","url":"https:\/\/www.pradel-france.com\/blog\/","name":"Pradel France Blog","description":"Les recettes et conseils Pradel France","publisher":{"@id":"https:\/\/www.pradel-france.com\/blog\/#organization"},"alternateName":"Pradel blog","potentialAction":[{"@type":"SearchAction","target":{"@type":"EntryPoint","urlTemplate":"https:\/\/www.pradel-france.com\/blog\/?s={search_term_string}"},"query-input":{"@type":"PropertyValueSpecification","valueRequired":true,"valueName":"search_term_string"}}],"inLanguage":"fr-FR"},{"@type":"Organization","@id":"https:\/\/www.pradel-france.com\/blog\/#organization","name":"Pradel France Blog","alternateName":"Pradel blog","url":"https:\/\/www.pradel-france.com\/blog\/","logo":{"@type":"ImageObject","inLanguage":"fr-FR","@id":"https:\/\/www.pradel-france.com\/blog\/#\/schema\/logo\/image\/","url":"https:\/\/www.pradel-france.com\/blog\/wp-content\/uploads\/2023\/04\/pradel-200x200-1.jpg","contentUrl":"https:\/\/www.pradel-france.com\/blog\/wp-content\/uploads\/2023\/04\/pradel-200x200-1.jpg","width":200,"height":200,"caption":"Pradel France Blog"},"image":{"@id":"https:\/\/www.pradel-france.com\/blog\/#\/schema\/logo\/image\/"},"sameAs":["https:\/\/www.facebook.com\/pradelfr\/","https:\/\/www.instagram.com\/pradel_france\/","https:\/\/www.youtube.com\/@Pradel-France-Homestyle","https:\/\/www.linkedin.com\/company\/pradel-france-homestyle\/","https:\/\/fr.pinterest.com\/pradelfrancehomestyle\/"]},{"@type":"Person","@id":"https:\/\/www.pradel-france.com\/blog\/#\/schema\/person\/544b7ac9710af9ff69288171ac4deeb1","name":"pranblog","image":{"@type":"ImageObject","inLanguage":"fr-FR","@id":"https:\/\/www.pradel-france.com\/blog\/#\/schema\/person\/image\/","url":"https:\/\/secure.gravatar.com\/avatar\/b9f4ad324c09b427710fb5cea05f4c625774b7a4295393a50dce733009db3350?s=96&d=mm&r=g","contentUrl":"https:\/\/secure.gravatar.com\/avatar\/b9f4ad324c09b427710fb5cea05f4c625774b7a4295393a50dce733009db3350?s=96&d=mm&r=g","caption":"pranblog"},"sameAs":["http:\/\/www.pradel-france.com\/blog"]}]}},"thumb":"https:\/\/www.pradel-france.com\/blog\/wp-content\/uploads\/2023\/05\/comment-entretenir-tasse-350x250.jpg","category":"Conseils Pradel Fance","description":"Les tasses font partie de ces ustensiles qu\u2019on utilise au quotidien, souvent associ\u00e9es au plaisir d\u2019un bon caf\u00e9. Et comme\u2026","_links":{"self":[{"href":"https:\/\/www.pradel-france.com\/blog\/wp-json\/wp\/v2\/posts\/868","targetHints":{"allow":["GET"]}}],"collection":[{"href":"https:\/\/www.pradel-france.com\/blog\/wp-json\/wp\/v2\/posts"}],"about":[{"href":"https:\/\/www.pradel-france.com\/blog\/wp-json\/wp\/v2\/types\/post"}],"author":[{"embeddable":true,"href":"https:\/\/www.pradel-france.com\/blog\/wp-json\/wp\/v2\/users\/1"}],"replies":[{"embeddable":true,"href":"https:\/\/www.pradel-france.com\/blog\/wp-json\/wp\/v2\/comments?post=868"}],"version-history":[{"count":4,"href":"https:\/\/www.pradel-france.com\/blog\/wp-json\/wp\/v2\/posts\/868\/revisions"}],"predecessor-version":[{"id":878,"href":"https:\/\/www.pradel-france.com\/blog\/wp-json\/wp\/v2\/posts\/868\/revisions\/878"}],"wp:featuredmedia":[{"embeddable":true,"href":"https:\/\/www.pradel-france.com\/blog\/wp-json\/wp\/v2\/media\/871"}],"wp:attachment":[{"href":"https:\/\/www.pradel-france.com\/blog\/wp-json\/wp\/v2\/media?parent=868"}],"wp:term":[{"taxonomy":"category","embeddable":true,"href":"https:\/\/www.pradel-france.com\/blog\/wp-json\/wp\/v2\/categories?post=868"},{"taxonomy":"post_tag","embeddable":true,"href":"https:\/\/www.pradel-france.com\/blog\/wp-json\/wp\/v2\/tags?post=868"}],"curies":[{"name":"wp","href":"https:\/\/api.w.org\/{rel}","templated":true}]}}